{"id":559708,"date":"2025-11-26T10:14:14","date_gmt":"2025-11-26T10:14:14","guid":{"rendered":"https:\/\/www.europesays.com\/fr\/559708\/"},"modified":"2025-11-26T10:14:14","modified_gmt":"2025-11-26T10:14:14","slug":"voici-le-montant-de-laugmentation-previsionnelle-du-salaire-minimum-a-partir-du-1er-janvier-2026","status":"publish","type":"post","link":"https:\/\/www.europesays.com\/fr\/559708\/","title":{"rendered":"voici le montant de l\u2019augmentation pr\u00e9visionnelle du salaire minimum \u00e0 partir du 1er janvier 2026"},"content":{"rendered":"<p>La question du <strong>montant du Smic<\/strong> revient r\u00e9guli\u00e8rement dans l\u2019actualit\u00e9, surtout quand <strong>l\u2019inflation<\/strong> occupe une place centrale dans les discussions. De nombreux salari\u00e9s surveillent la prochaine <strong>date d\u2019augmentation du Smic<\/strong> avec espoir, misant sur une <strong>revalorisation du Smic<\/strong> pour pr\u00e9server leur pouvoir d\u2019achat. Pourtant, pour ceux qui esp\u00e9raient une hausse rapide, les derni\u00e8res donn\u00e9es modifient sensiblement le calendrier habituel.<\/p>\n<p>Pourquoi aucune augmentation du Smic n\u2019est pr\u00e9vue avant 2026\u00a0?<\/p>\n<p>Depuis plusieurs ann\u00e9es, le <strong>mode de calcul du montant du Smic<\/strong> en France est encadr\u00e9 par des r\u00e8gles pr\u00e9cises. Chaque ann\u00e9e, une <strong>revalorisation automatique<\/strong> intervient au 1er janvier. Elle repose sur deux indicateurs : l\u2019indice des prix \u00e0 la consommation constat\u00e9 chez les 20\u00a0% des m\u00e9nages les plus modestes, et l\u2019\u00e9volution du <strong>salaire horaire de base des ouvriers et employ\u00e9s<\/strong>. L\u2019objectif reste de prot\u00e9ger les bas salaires face \u00e0 la progression de l\u2019<strong>inflation<\/strong>.<\/p>\n<p>Pour qu\u2019une <strong>augmentation du Smic<\/strong> intervienne en cours d\u2019ann\u00e9e, il faut que le <strong>taux d\u2019inflation<\/strong> d\u00e9passe 2\u00a0% depuis la derni\u00e8re revalorisation. Or, ce seuil n\u2019a pas \u00e9t\u00e9 franchi r\u00e9cemment. Le l\u00e9ger recul de l\u2019inflation ces derniers mois a donc repouss\u00e9 toute possibilit\u00e9 de <strong>revalorisation anticip\u00e9e<\/strong>, reportant la prochaine hausse au <strong>1er janvier 2026<\/strong>.<\/p>\n<p>\u00c0 quoi ressemblera la prochaine revalorisation du Smic\u00a0?<\/p>\n<p>Nombreux sont ceux qui attendent de conna\u00eetre le <strong>pourcentage d\u2019augmentation<\/strong> pr\u00e9vu pour le Smic. Selon l\u2019\u00e9conomiste Philippe Crevel, la hausse devrait se situer entre <strong>1,2 % et 1,4 %<\/strong>. Concr\u00e8tement, cela repr\u00e9senterait environ <strong>21 euros suppl\u00e9mentaires par mois<\/strong> sur le <strong>montant brut mensuel<\/strong>.<\/p>\n<p>Plus pr\u00e9cis\u00e9ment, le <strong>smic horaire<\/strong> (actuellement fix\u00e9 \u00e0 11,65\u00a0\u20ac brut) suivra cette tendance, avec une l\u00e9g\u00e8re progression d\u00e8s janvier prochain. Le <strong>montant du Smic brut mensuel<\/strong> passerait ainsi d\u2019<strong>1\u00a0801,80\u00a0euros \u00e0 1\u00a0823,42\u00a0euros<\/strong> au minimum. Quant au <strong>montant net mensuel<\/strong> per\u00e7u apr\u00e8s cotisations sociales, la hausse serait d\u2019environ 16 \u00e0 17 euros seulement.<\/p>\n<p>Peut-on esp\u00e9rer un \u00ab\u00a0coup de pouce\u00a0\u00bb suppl\u00e9mentaire\u00a0?<\/p>\n<p>L\u2019id\u00e9e d\u2019un \u00e9ventuel <strong>\u00ab\u00a0coup de pouce\u00a0\u00bb gouvernemental<\/strong>, c\u2019est-\u00e0-dire une majoration exceptionnelle du <strong>taux horaire<\/strong> ou du <strong>montant du Smic<\/strong> en dehors du m\u00e9canisme automatique, anime souvent le d\u00e9bat public. Ces mesures visent g\u00e9n\u00e9ralement \u00e0 envoyer un signal politique fort lors de p\u00e9riodes sensibles.<\/p>\n<p>Cependant, selon de nombreux experts, dont Philippe Crevel, la probabilit\u00e9 d\u2019un tel geste reste faible tant que la situation politique ne change pas radicalement. Sauf alternance majeure, notamment vers un gouvernement de gauche, il est peu probable qu\u2019une <strong>revalorisation suppl\u00e9mentaire<\/strong> soit d\u00e9cid\u00e9e en 2025. Les salari\u00e9s devront donc probablement se contenter de la hausse r\u00e9glementaire d\u00e9j\u00e0 annonc\u00e9e.<\/p>\n<p>Quels sc\u00e9narios politiques pourraient changer la donne\u00a0?<\/p>\n<p>Tout d\u00e9pendra de l\u2019\u00e9volution du contexte politique. Un ex\u00e9cutif de gauche serait nettement plus enclin \u00e0 accorder une <strong>augmentation du Smic<\/strong> sup\u00e9rieure \u00e0 celle permise par l\u2019ajustement automatique, afin de r\u00e9pondre \u00e0 une forte demande sociale. \u00c0 l\u2019inverse, sous un gouvernement de centre droit ou d\u2019extr\u00eame droite, rien n\u2019indique aujourd\u2019hui qu\u2019un geste exceptionnel viendra compl\u00e9ter la revalorisation pr\u00e9vue.<\/p>\n<p>En l\u2019absence de certitudes, les <strong>salari\u00e9s pay\u00e9s au Smic<\/strong> devront patienter jusqu\u2019\u00e0 la prochaine revalorisation, sans r\u00e9el espoir d\u2019un changement majeur dans les prochains mois. La perspective d\u2019un revirement li\u00e9 \u00e0 la conjoncture politique demeure tr\u00e8s incertaine.<\/p>\n<p>Comment le Smic est-il r\u00e9\u00e9valu\u00e9 en France\u00a0?<\/p>\n<p>Pour comprendre pourquoi l\u2019<strong>augmentation du Smic<\/strong> ob\u00e9it \u00e0 des r\u00e8gles strictes, il faut revenir au m\u00e9canisme de revalorisation. Celle-ci intervient chaque d\u00e9but d\u2019ann\u00e9e civile, sauf si une <strong>inflation sup\u00e9rieure \u00e0 2\u00a0%<\/strong> est observ\u00e9e entre-temps.<\/p>\n<p>Ce syst\u00e8me permet d\u2019ajuster chaque ann\u00e9e le <strong>montant brut mensuel<\/strong> et le <strong>smic horaire<\/strong> en fonction du co\u00fbt de la vie. On peut faire un parall\u00e8le avec certains ingr\u00e9dients culinaires qui doivent parfois \u00eatre ajust\u00e9s en cuisine\u00a0: par exemple, lorsque vous souhaitez \u00e9paissir une sauce mais manquez d\u2019amidon classique, le beurre mani\u00e9 est consid\u00e9r\u00e9 comme un substitut efficace. Il vise \u00e0 garantir que les travailleurs r\u00e9mun\u00e9r\u00e9s au minimum l\u00e9gal voient leur pouvoir d\u2019achat prot\u00e9g\u00e9, m\u00eame si la progression des salaires reste limit\u00e9e.<\/p>\n<ul class=\"wp-block-list\">\n<li><strong>Revalorisation annuelle automatique<\/strong>\u00a0: chaque 1er janvier, bas\u00e9e sur l\u2019inflation et l\u2019\u00e9volution des salaires des ouvriers\/employ\u00e9s.<\/li>\n<li><strong>Ajustement interm\u00e9diaire<\/strong>\u00a0: uniquement si inflation &gt; 2\u00a0% depuis la pr\u00e9c\u00e9dente hausse.<\/li>\n<li><strong>Coup de pouce possible<\/strong>\u00a0: d\u00e9cision politique, rarement appliqu\u00e9e hors contexte social particulier.<\/li>\n<li><strong>Calcul du Smic net<\/strong>\u00a0: varie selon les pr\u00e9l\u00e8vements sociaux, expliquant la diff\u00e9rence entre <strong>montant brut mensuel<\/strong> et <strong>montant net mensuel<\/strong>.<\/li>\n<\/ul>\n","protected":false},"excerpt":{"rendered":"La question du montant du Smic revient r\u00e9guli\u00e8rement dans l\u2019actualit\u00e9, surtout quand l\u2019inflation occupe une place centrale dans&hellip;\n","protected":false},"author":2,"featured_media":559709,"comment_status":"","ping_status":"","sticky":false,"template":"","format":"standard","meta":{"footnotes":""},"categories":[6],"tags":[35,33,34,1011,27],"class_list":{"0":"post-559708","1":"post","2":"type-post","3":"status-publish","4":"format-standard","5":"has-post-thumbnail","7":"category-economie","8":"tag-business","9":"tag-economie","10":"tag-economy","11":"tag-fr","12":"tag-france"},"share_on_mastodon":{"url":"https:\/\/pubeurope.com\/@fr\/115615476370167225","error":""},"_links":{"self":[{"href":"https:\/\/www.europesays.com\/fr\/wp-json\/wp\/v2\/posts\/559708","targetHints":{"allow":["GET"]}}],"collection":[{"href":"https:\/\/www.europesays.com\/fr\/wp-json\/wp\/v2\/posts"}],"about":[{"href":"https:\/\/www.europesays.com\/fr\/wp-json\/wp\/v2\/types\/post"}],"author":[{"embeddable":true,"href":"https:\/\/www.europesays.com\/fr\/wp-json\/wp\/v2\/users\/2"}],"replies":[{"embeddable":true,"href":"https:\/\/www.europesays.com\/fr\/wp-json\/wp\/v2\/comments?post=559708"}],"version-history":[{"count":0,"href":"https:\/\/www.europesays.com\/fr\/wp-json\/wp\/v2\/posts\/559708\/revisions"}],"wp:featuredmedia":[{"embeddable":true,"href":"https:\/\/www.europesays.com\/fr\/wp-json\/wp\/v2\/media\/559709"}],"wp:attachment":[{"href":"https:\/\/www.europesays.com\/fr\/wp-json\/wp\/v2\/media?parent=559708"}],"wp:term":[{"taxonomy":"category","embeddable":true,"href":"https:\/\/www.europesays.com\/fr\/wp-json\/wp\/v2\/categories?post=559708"},{"taxonomy":"post_tag","embeddable":true,"href":"https:\/\/www.europesays.com\/fr\/wp-json\/wp\/v2\/tags?post=559708"}],"curies":[{"name":"wp","href":"https:\/\/api.w.org\/{rel}","templated":true}]}}