{"id":559710,"date":"2025-11-26T10:15:16","date_gmt":"2025-11-26T10:15:16","guid":{"rendered":"https:\/\/www.europesays.com\/fr\/559710\/"},"modified":"2025-11-26T10:15:16","modified_gmt":"2025-11-26T10:15:16","slug":"tunisie-lambassadeur-de-lue-convoque-par-le-president-kais-saied-pour-non-respect-des-regles-du-travail-diplomatique-le-figaro","status":"publish","type":"post","link":"https:\/\/www.europesays.com\/fr\/559710\/","title":{"rendered":"Tunisie : l\u2019ambassadeur de l\u2019UE convoqu\u00e9 par le pr\u00e9sident Ka\u00efs Sa\u00efed pour \u00abnon respect des r\u00e8gles du travail diplomatique\u00bb &#8211; Le Figaro"},"content":{"rendered":"<ol>\n<li><a href=\"https:\/\/news.google.com\/rss\/articles\/CBMi-AFBVV95cUxPSS00SFpQSXlyZlhrZzBfOXdWWnN2M3NsT0VkZGMyb3RpZDE5RnZKUG4tWHJzVHFoUl92dUs2aFVCWk03dHItT3gxdDhIQkFaVjZNWGhTbjNBQmxlYTF4YkhhcUxXYUVvS2RJRjBxRFFYdGdHX09jS1VwQ3YtVmNzek9FckRNalhtSWI2WXpnS3M2Y2tjaTNNQVk0X25lTG1NTGl0WUN2VlFTMjhObU0zbVprYkM1Q3NDSDVYY2szSUF0SVNsTnltR01zNVV0Yk5SZ3dpcE9PQklHMy0zbTlGQ0JUZHBFVGxCM3hvM1VtSC1JOXdSYlk0WQ?oc=5\" target=\"_blank\" rel=\"noopener\">Tunisie : l\u2019ambassadeur de l\u2019UE convoqu\u00e9 par le pr\u00e9sident Ka\u00efs Sa\u00efed pour \u00abnon respect des r\u00e8gles du travail diplomatique\u00bb<\/a>&nbsp;&nbsp;Le Figaro<\/li>\n<li><a href=\"https:\/\/news.google.com\/rss\/articles\/CBMizgFBVV95cUxNVzM3dlNhbXJGVmxTeE5BLWhMeGZoOWc0SloyaFZwV3hfaHdIMW5UR190UkI3ZzVwdWFqTnFsUENCX2lIZFpZdFRfY1kySWVTNlVobmZNV2lWM1ZLTFRvVkhaaFQzRVFQRzlCZ3NJQzh3dnVnYThtNmlqbkZEMFpNYVRpSU5USTlRRUxyZEdiNWxBeHluVy0teWxCWk9kN19FVWNVMFA5dnNaVFUxWEVrdW82TXdRQTBlTGwta2prekw2bjhvVVlqWURnMFI4dw?oc=5\" target=\"_blank\" rel=\"noopener\">\u00ab Non-respect des r\u00e8gles du travail diplomatique \u00bb : Que reproche la Tunisie \u00e0 l\u2019ambassadeur de l\u2019Union europ\u00e9enne ?<\/a>&nbsp;&nbsp;20 Minutes<\/li>\n<li><a href=\"https:\/\/news.google.com\/rss\/articles\/CBMimwJBVV95cUxQcW5MdnI4SWF5T0E5bTRkY0t6STBJQkpwQzk3ZXJ0RzhWSk9jVVpKaU1pUU1XbTI1X1k0TlBlVUM1b0lwRjJDNi1XSkJLYmRSb1RkTzdSamxQOUhnMWkzSmRqVnk5enFxZ2xzU3ljODhGM0dQanZtblJ1VFFZOHZJS1Uwektwek1SN1pXVk9LWTZ6NGJzQmVOVGl4STFxaHJRd0ZCb1VCam1tTFlCNjdQdERPcktQajQ0ejB0c2g3NzlvN055czQwa3hnV1JGY29CTzlWZ2MzMlJXMUs1d0JKSVlxYVl4dWstSUk2MFlKZUtObXl6ZFQtVE93Y2xIWGlneEc1NERwY0NxUWp0SnBsM1M1anZELU9zV3Jz?oc=5\" target=\"_blank\" rel=\"noopener\">Tunisie : le pr\u00e9sident Kais Saied convoque l\u2019ambassadeur de l\u2019UE pour \u00ab non-respect des r\u00e8gles du travail diplomatique \u00bb<\/a>&nbsp;&nbsp;Ouest-France<\/li>\n<li><a href=\"https:\/\/news.google.com\/rss\/articles\/CBMi_gFBVV95cUxPaVpTUzVaNDVUS1NaUm12S0NvMG92TjEza3JkZmhUVWNQM1JQRTJuRmpjSEtVSGNGdTRzLVBEa01IanFOaEI5ZkRUT0JkaFd1NDdGdFRGUHdPc3dnZE9la21VUVlkYlRmeDA5ZHFieUxDZEU0NEZicHA3NUFIakdYUTI1V2c5dEcwUGRkRUR6WGZfNW03dEJ4Vk5aREFaaTZhUmdoUC1lTXJsSzRLOVJHWVc5NmZJVk1JVEl6cEp4akR6RmdvR2d2c2FXaC0xTTlMOHVtN3FFMXRPTlRpR05VWElwX1I3ZDJvSE9hdlRBd0RXREFEN19HLTluTFgtdw?oc=5\" target=\"_blank\" rel=\"noopener\">Tunisie : l\u2019ambassadeur Giuseppe Perrone convoqu\u00e9 par le pr\u00e9sident Sa\u00efed pour \u00ab non-respect des r\u00e8gles du travail diplomatique \u00bb<\/a>&nbsp;&nbsp;Jeune Afrique<\/li>\n<li><a href=\"https:\/\/news.google.com\/rss\/articles\/CBMihwFBVV95cUxQeHdjSkNwTnVsVkl5eW9nRTkwY1JSdG9vYzJjUGRSVDZKOUpBQnRCTDF3UnptNmEybGtrc0dLRnFWbnVCTUEzb05KS2ZHSUpzdnhDdFJ0TDY3T180Qk9Ubkh1aC05aEYteDV2RXdDeXl3SHY4R09VLXZQYjhNUHk5ME9DczJMc00?oc=5\" target=\"_blank\" rel=\"noopener\">Billet \u2013 Accord Tunisie-UE : Tout est \u00e0 r\u00e9\u00e9crire<\/a>&nbsp;&nbsp;La Presse de Tunisie<\/li>\n<\/ol>\n","protected":false},"excerpt":{"rendered":"Tunisie : l\u2019ambassadeur de l\u2019UE convoqu\u00e9 par le pr\u00e9sident Ka\u00efs Sa\u00efed pour \u00abnon respect des r\u00e8gles du travail&hellip;\n","protected":false},"author":2,"featured_media":395849,"comment_status":"","ping_status":"","sticky":false,"template":"","format":"standard","meta":{"footnotes":""},"categories":[5],"tags":[11,1011,27,14,12,28],"class_list":{"0":"post-559710","1":"post","2":"type-post","3":"status-publish","4":"format-standard","5":"has-post-thumbnail","7":"category-international","8":"tag-actualites","9":"tag-fr","10":"tag-france","11":"tag-international","12":"tag-news","13":"tag-world"},"share_on_mastodon":{"url":"https:\/\/pubeurope.com\/@fr\/115615480355273207","error":""},"_links":{"self":[{"href":"https:\/\/www.europesays.com\/fr\/wp-json\/wp\/v2\/posts\/559710","targetHints":{"allow":["GET"]}}],"collection":[{"href":"https:\/\/www.europesays.com\/fr\/wp-json\/wp\/v2\/posts"}],"about":[{"href":"https:\/\/www.europesays.com\/fr\/wp-json\/wp\/v2\/types\/post"}],"author":[{"embeddable":true,"href":"https:\/\/www.europesays.com\/fr\/wp-json\/wp\/v2\/users\/2"}],"replies":[{"embeddable":true,"href":"https:\/\/www.europesays.com\/fr\/wp-json\/wp\/v2\/comments?post=559710"}],"version-history":[{"count":0,"href":"https:\/\/www.europesays.com\/fr\/wp-json\/wp\/v2\/posts\/559710\/revisions"}],"wp:featuredmedia":[{"embeddable":true,"href":"https:\/\/www.europesays.com\/fr\/wp-json\/wp\/v2\/media\/395849"}],"wp:attachment":[{"href":"https:\/\/www.europesays.com\/fr\/wp-json\/wp\/v2\/media?parent=559710"}],"wp:term":[{"taxonomy":"category","embeddable":true,"href":"https:\/\/www.europesays.com\/fr\/wp-json\/wp\/v2\/categories?post=559710"},{"taxonomy":"post_tag","embeddable":true,"href":"https:\/\/www.europesays.com\/fr\/wp-json\/wp\/v2\/tags?post=559710"}],"curies":[{"name":"wp","href":"https:\/\/api.w.org\/{rel}","templated":true}]}}