{"id":559711,"date":"2025-11-26T10:16:24","date_gmt":"2025-11-26T10:16:24","guid":{"rendered":"https:\/\/www.europesays.com\/fr\/559711\/"},"modified":"2025-11-26T10:16:24","modified_gmt":"2025-11-26T10:16:24","slug":"on-se-prenait-tous-des-roustes-les-eleves-dun-nouvel-etablissement-prive-de-loire-atlantique-sortent-du-silence","status":"publish","type":"post","link":"https:\/\/www.europesays.com\/fr\/559711\/","title":{"rendered":"\u00ab\u00a0On se prenait tous des roustes\u00a0\u00bb\u2026 Les \u00e9l\u00e8ves d\u2019un nouvel \u00e9tablissement priv\u00e9 de Loire-Atlantique sortent du silence"},"content":{"rendered":"<p>Que s\u2019est-il pass\u00e9 dans cet ancien \u00e9tablissement priv\u00e9 de Gorges (Loire-Atlantique) entre les ann\u00e9es\u00a01950 et la fin des ann\u00e9es\u00a01990\u00a0? Depuis les t\u00e9moignages de dizaines de victimes du <a href=\"https:\/\/www.20minutes.fr\/societe\/4170483-20250901-nantes-choc-psychologique-rentree-ambiance-pesante-eleves-saint-stanislas\" target=\"_blank\" class=\"c-link c-link--is-underlined\" rel=\"noopener\">coll\u00e8ge-lyc\u00e9e Saint-Stanislas<\/a> de <a href=\"https:\/\/www.20minutes.fr\/nantes\/4179631-20251016-nantes-neuf-personnes-dont-membres-clerge-mises-cause-violences-sexuelles-saint-stanislas\" target=\"_blank\" class=\"c-link c-link--is-underlined\" rel=\"noopener\">Nantes<\/a> relay\u00e9s depuis la fin du mois d\u2019ao\u00fbt, les \u00e9tablissements priv\u00e9s du d\u00e9partement se font tout petits. Mais ils sont de plus en plus nombreux \u00e0 \u00eatre point\u00e9s du doigt par leurs anciens pensionnaires.<\/p>\n<p>Nicolas se souvient de la r\u00e9putation de l\u2019internat des Angreviers avant m\u00eame sa scolarisation. Au <a href=\"https:\/\/www.20minutes.fr\/societe\/4186167-20251117-groupes-niveau-college-moins-etablissement-cinq-applique-mesure-signe-echec\" class=\"c-link c-link--is-underlined\" target=\"_blank\" rel=\"noopener\">coll\u00e8ge<\/a>, l\u2019adolescent n\u2019est \u00ab\u00a0pas tr\u00e8s sage\u00a0\u00bb, \u00ab\u00a0pas tr\u00e8s s\u00e9rieux\u00a0\u00bb non plus. Rapidement, ses parents \u00ab\u00a0brandissent la menace\u00a0\u00bb des Angreviers, une sorte d\u2019\u00e9tablissement punition o\u00f9 finissent les enfants turbulents. \u00ab\u00a0Je n\u2019y ai jamais cru, mais en 5e, c\u2019\u00e9tait vraiment la catastrophe, mes parents ont fini par m\u2019y envoyer\u00a0\u00bb, retrace-t-il du haut de ses 43 ans, \u00ab\u00a0tout allait bien \u00e0 la maison, ils ne pouvaient pas savoir ce qu\u2019il se passerait \u00e0 l\u2019internat\u00a0\u00bb.<\/p>\n<p>\u00ab\u00a0C\u2019\u00e9tait leur fa\u00e7on de proc\u00e9der\u00a0\u00bb<\/p>\n<p>Scolaris\u00e9 entre\u00a01995 et\u00a01998, Nicolas d\u00e9nonce aujourd\u2019hui \u00ab\u00a0les coups de pied aux fesses\u00a0\u00bb et \u00ab\u00a0les grandes claques\u00a0\u00bb re\u00e7ues de la part des surveillants au cours de ses ann\u00e9es coll\u00e8ge. \u00ab\u00a0C\u2019\u00e9tait leur fa\u00e7on de proc\u00e9der \u00e0 l\u2019\u00e9poque\u00a0\u00bb, relate la pr\u00e9sum\u00e9e victime, \u00ab\u00a0<a href=\"https:\/\/www.20minutes.fr\/societe\/4186850-20251120-affaires-betharram-stanislas-bientot-proposition-loi-proteger-enfants-violences-ecole\" target=\"_blank\" class=\"c-link c-link--is-underlined\" rel=\"noopener\">on se prenait tous des roustes<\/a> et on consid\u00e9rait que c\u2019\u00e9tait justifi\u00e9 car nous n\u2019avions pas le comportement ad\u00e9quat\u00a0\u00bb.<\/p>\n<p>Denis, membre du collectif des victimes de Saint-Stanislas s\u2019est entretenu avec les victimes de plusieurs \u00e9tablissements priv\u00e9s de Loire-Atlantique. Il analyse le caract\u00e8re particulier des Angreviers. \u00ab\u00a0Il s\u2019agit d\u2019un \u00e9tablissement o\u00f9 se sont r\u00e9fugi\u00e9s les \u00e9l\u00e8ves des \u00e9coles centrales de Nantes <a href=\"https:\/\/www.20minutes.fr\/nantes\/349147-20180916-nantes-comment-bombardements-1943-transforme-visage-centre-ville\" class=\"c-link c-link--is-underlined\" target=\"_blank\" rel=\"noopener\">apr\u00e8s les bombardements<\/a>*\u00a0\u00bb, retrace-t-il. Apr\u00e8s la guerre, les \u00e9l\u00e8ves du centre de Nantes ont de nouveau \u00e9t\u00e9 scolaris\u00e9s dans des \u00e9coles nantaises. \u00ab\u00a0Ne restent alors aux Angreviers que les orphelins ou enfants issus de familles compliqu\u00e9es, d\u00e9taille le membre du collectif, l\u2019\u00e9tablissement s\u2019est transform\u00e9 en \u00e9cole pour exclus\u00a0\u00bb.<\/p>\n<p>Un contexte qui aurait favoris\u00e9 la <a href=\"https:\/\/www.20minutes.fr\/societe\/violences-sur-mineurs\/\" target=\"_blank\" class=\"c-link c-link--is-underlined\" rel=\"noopener\">violence physique \u00e0 l\u2019\u00e9gard des mineurs<\/a>. C\u2019est du moins ce que constatent conjointement les pr\u00e9sum\u00e9es victimes, dont Pierre, 38 ans. \u00ab\u00a0Petit, je faisais beaucoup de b\u00eatises, c\u2019est parfois dans ce contexte que la violence appara\u00eet, les surveillants nous \u00e9duquaient par les coups.\u00a0\u00bb<\/p>\n<p>Derri\u00e8re la violence physique, la violence psychologique et sexuelle<\/p>\n<p>Interne \u00e0 la fin des ann\u00e9es\u00a01990, Pierre se souvient des heures pass\u00e9es sous la pluie \u00ab\u00a0en pyjama\u00a0\u00bb. Il raconte: \u00ab\u00a0Des \u00e9l\u00e8ves plus grands s\u2019amusaient \u00e0 d\u00e9clencher l\u2019alarme incendie dans la nuit, pour les punir, les surveillants nous faisaient tous sortir dehors.\u00a0\u00bb Dans ce genre de situation, pas question de pleurer, \u00ab\u00a0ce qui \u00e9tait malheureusement mon genre, se rem\u00e9more l\u2019ancien \u00e9l\u00e8ve, plus je pleurais, plus on me mettait des coups\u00a0\u00bb. Pierre se souvient d\u2019un surveillant en particulier\u00a0: \u00ab\u00a0On le surnommait Mickey, c\u2019\u00e9tait surtout le soir qu\u2019il me frappait.\u00a0\u00bb<\/p>\n<p>Olivier** a \u00e9galement retenu son attention. Le surveillant \u00ab\u00a0avait une tablette en bois sur laquelle il \u00e9crivait. Je l\u2019ai vu demander \u00e0 des camarades de s\u2019abaisser pour pouvoir \u00e9crire en posant la tablette sur leurs dos. Il en profitait pour coller son sexe contre leurs fesses\u00a0\u00bb.<\/p>\n<p>Cette <a href=\"https:\/\/www.20minutes.fr\/societe\/4186028-20251123-dois-forcer-parce-envie-viol-conjugal-impense-couples-adolescents\" target=\"_blank\" class=\"c-link c-link--is-underlined\" rel=\"noopener\">violence sexuelle<\/a>, ni Pierre ni Nicolas n\u2019en ont \u00e9t\u00e9 victimes. \u00ab\u00a0Il y avait cependant cette l\u00e9gende urbaine qui circulait dans les couloirs, pr\u00e9cise Nicolas. On disait qu\u2019un \u00e9l\u00e8ve avait <a href=\"https:\/\/www.20minutes.fr\/faits_divers\/faits-divers-nantes\/4170505-20250902-nantes-surnommait-tateur-victime-ancien-eleve-college-prive-saint-stanislas-temoigne\" class=\"c-link c-link--is-underlined\" target=\"_blank\" rel=\"noopener\">surpris un professeur<\/a> violer un autre \u00e9l\u00e8ve dans son bureau\u00a0\u00bb. \u00ab\u00a0Ce n\u2019est pas une l\u00e9gende urbaine, insiste Denis.\u00a0Cet \u00e9l\u00e8ve a fini par mettre fin \u00e0 ses jours il y a quelques ann\u00e9es.\u00a0\u00bb Un lien de cause \u00e0 effet difficilement v\u00e9rifiable aujourd\u2019hui.<\/p>\n<\/p>\n<p>Porter plainte\u00a0?<\/p>\n<p>\u00ab\u00a0Il y a bien eu des violences sexuelles de la part d\u2019un professeur la\u00efc entre les ann\u00e9es\u00a01980 et 1990, continue Denis. Dans les ann\u00e9es\u00a01960 et 1970, ce sont surtout les religieux qui sont accus\u00e9s\u00a0\u00bb. Celui qui passe son temps \u00e0 <a href=\"https:\/\/www.20minutes.fr\/justice\/4084673-20240403-violences-sexuelles-pourquoi-si-complexe-trouver-preuves\" class=\"c-link c-link--is-underlined\" target=\"_blank\" rel=\"noopener\">fouiller dans les archives dioc\u00e9saines<\/a> note les faits suivants\u00a0: \u00ab\u00a0En\u00a01979, un \u00e9l\u00e8ve a \u00e9t\u00e9 exclu pour avoir tabass\u00e9 un professeur qui lui a mis une main aux fesses.\u00a0\u00bb<\/p>\n<p>Selon un rapport publi\u00e9 en d\u00e9but de mois par Be Brave -mouvement de d\u00e9fense des enfants victimes d\u2019actes p\u00e9docriminels- au sein de l\u2019Union europ\u00e9enne, les enfants victimes prennent la parole \u00e0 52 ans en moyenne. \u00ab\u00a0Les premiers t\u00e9moignages recueillis sur notre <a href=\"https:\/\/www.facebook.com\/groups\/24436015962739427\" target=\"_blank\" class=\"c-link c-link--is-underlined\" rel=\"noopener\">page Facebook<\/a> concernent des hommes qui ont majoritairement entre 40 et 45 ans\u00a0\u00bb, analyse Denis. Une moyenne qui questionne la possibilit\u00e9 d\u2019une action judiciaire. Si les violences physiques sont prescrites, une victime d\u2019agression sexuelle mineure au moment des faits peut porter plainte dans un d\u00e9lai de vingt ans \u00e0 compter de leur majorit\u00e9.<\/p>\n<p>Agress\u00e9s physiquement, Pierre et Nicolas ne savent pas encore s\u2019ils feront appel \u00e0 la justice. \u00ab\u00a0Si je prends la parole, c\u2019est avant tout pour aider d\u2019autres victimes\u00a0\u00bb, lance Pierre.<\/p>\n<p>25 \u00e9tablissements vis\u00e9s en Loire-Atlantique<\/p>\n<p>Depuis lundi, une petite dizaine de victimes a rejoint le groupe Facebook d\u00e9di\u00e9 \u00e0 regrouper leurs paroles. Sollicit\u00e9 par 20 Minutes, le directeur des Angreviers dans les ann\u00e9es\u00a01990 ne souhaite pas s\u2019exprimer sur le sujet. En\u00a02006, l\u2019\u00e9tablissement a laiss\u00e9 place \u00e0 un coll\u00e8ge pour Les Apprentis d\u2019Auteuil.<\/p>\n<p>Au 22\u00a0novembre 2025, \u00ab\u00a0le dioc\u00e8se de Nantes reconna\u00eet des abus et violences dans 14 \u00e9tablissements secondaires (dont Saint-Stanislas) et huit primaires\u00a0\u00bb, note le site <a href=\"https:\/\/riposte-catholique.fr\/archives\/211270\" target=\"_blank\" class=\"c-link c-link--is-underlined\" rel=\"noopener\">Riposte Catholique<\/a> qui confirme une information du collectif des victimes de Saint-Stanislas. \u00ab\u00a0Nous avons eu connaissance de violences et abus dans trois \u00e9tablissements suppl\u00e9mentaires\u00a0\u00bb, ajoute Denis, portant \u00e0 25 le nombre d\u2019\u00e9tablissements concern\u00e9s.<\/p>\n<p>*En septembre\u00a01943, 1.500 Nantais ont perdu la vie dans des bombardements men\u00e9s par des unit\u00e9s a\u00e9riennes am\u00e9ricaines.<\/p>\n<p>**Le pr\u00e9nom a \u00e9t\u00e9 modifi\u00e9.<\/p>\n","protected":false},"excerpt":{"rendered":"Que s\u2019est-il pass\u00e9 dans cet ancien \u00e9tablissement priv\u00e9 de Gorges (Loire-Atlantique) entre les ann\u00e9es\u00a01950 et la fin des&hellip;\n","protected":false},"author":2,"featured_media":559712,"comment_status":"","ping_status":"","sticky":false,"template":"","format":"standard","meta":{"footnotes":""},"categories":[4],"tags":[47,11,1011,27,3047,766,12,2636,1974,25,104,34347,799],"class_list":{"0":"post-559711","1":"post","2":"type-post","3":"status-publish","4":"format-standard","5":"has-post-thumbnail","7":"category-france","8":"tag-actualite","9":"tag-actualites","10":"tag-fr","11":"tag-france","12":"tag-loire-atlantique","13":"tag-nantes","14":"tag-news","15":"tag-pays-de-la-loire","16":"tag-pedocriminalite","17":"tag-republique-francaise","18":"tag-societe","19":"tag-violences-sur-mineurs","20":"tag-violences-sexuelles"},"share_on_mastodon":{"url":"https:\/\/pubeurope.com\/@fr\/115615484153092071","error":""},"_links":{"self":[{"href":"https:\/\/www.europesays.com\/fr\/wp-json\/wp\/v2\/posts\/559711","targetHints":{"allow":["GET"]}}],"collection":[{"href":"https:\/\/www.europesays.com\/fr\/wp-json\/wp\/v2\/posts"}],"about":[{"href":"https:\/\/www.europesays.com\/fr\/wp-json\/wp\/v2\/types\/post"}],"author":[{"embeddable":true,"href":"https:\/\/www.europesays.com\/fr\/wp-json\/wp\/v2\/users\/2"}],"replies":[{"embeddable":true,"href":"https:\/\/www.europesays.com\/fr\/wp-json\/wp\/v2\/comments?post=559711"}],"version-history":[{"count":0,"href":"https:\/\/www.europesays.com\/fr\/wp-json\/wp\/v2\/posts\/559711\/revisions"}],"wp:featuredmedia":[{"embeddable":true,"href":"https:\/\/www.europesays.com\/fr\/wp-json\/wp\/v2\/media\/559712"}],"wp:attachment":[{"href":"https:\/\/www.europesays.com\/fr\/wp-json\/wp\/v2\/media?parent=559711"}],"wp:term":[{"taxonomy":"category","embeddable":true,"href":"https:\/\/www.europesays.com\/fr\/wp-json\/wp\/v2\/categories?post=559711"},{"taxonomy":"post_tag","embeddable":true,"href":"https:\/\/www.europesays.com\/fr\/wp-json\/wp\/v2\/tags?post=559711"}],"curies":[{"name":"wp","href":"https:\/\/api.w.org\/{rel}","templated":true}]}}