{"id":559713,"date":"2025-11-26T10:17:18","date_gmt":"2025-11-26T10:17:18","guid":{"rendered":"https:\/\/www.europesays.com\/fr\/559713\/"},"modified":"2025-11-26T10:17:18","modified_gmt":"2025-11-26T10:17:18","slug":"les-trois-supermarches-auchan-du-calvados-vont-changer-denseigne","status":"publish","type":"post","link":"https:\/\/www.europesays.com\/fr\/559713\/","title":{"rendered":"Les trois supermarch\u00e9s Auchan du Calvados vont changer d\u2019enseigne"},"content":{"rendered":"<p>                    Par<br \/>\n        <strong><br \/>\n            <a href=\"https:\/\/actu.fr\/auteur\/gregory-maucorps\" title=\"Consulter tous les articles de Gr\u00e9gory Maucorps\" target=\"_blank\" rel=\"noopener\">Gr\u00e9gory Maucorps<\/a><br \/>\n                    <\/strong><\/p>\n<p>        Publi\u00e9 le<\/p>\n<p>            26 nov. 2025 \u00e0 7h39        <\/p>\n<p>C\u2019est un <b>gros changement <\/b>\u00e0 venir pour les <b>supermarch\u00e9s Auchan <\/b>et pour les consommateurs. Ce mardi 25\u00a0novembre 2025, le groupe Mulliez,<b> en difficult\u00e9 <\/b>depuis des ann\u00e9es et qui d\u00e9tient les supermarch\u00e9s Auchan, a d\u00e9voil\u00e9 <a href=\"https:\/\/actu.fr\/economie\/bientot-la-fin-d-auchan-en-france-ses-300-magasins-changent-d-enseigne-voici-ce-qu-ils-deviendront_63484437.html\" target=\"_blank\" rel=\"noopener\">son souhait de voir ses quelque 300 supermarch\u00e9s fran\u00e7ais passer sous banni\u00e8re Intermarch\u00e9 et Netto<\/a>, sous forme de <b>franchise<\/b>.<\/p>\n<p>Une forme in\u00e9dite de franchise pour les magasins Auchan pour la fin 2026<\/p>\n<p class=\" wall-content\">Le projet a \u00e9t\u00e9 pr\u00e9sent\u00e9 aux \u00e9lus du personnel comme <b>un projet de \u00ab\u2009coop\u00e9ration\u2009\u00bb<\/b>, d\u00e9crit comme<b> \u00ab\u2009innovant\u2009\u00bb,<\/b> avec le <b>groupe des Mousquetaires<\/b>. Il s\u2019agit d\u2019une <b>\u00ab\u2009\u00e9volution majeure\u2009\u00bb<\/b>, dixit Auchan Retail, du partenariat strat\u00e9gique entrepris en 2024 entre le groupe nordiste et Intermarch\u00e9.<\/p>\n<p class=\" wall-content\">Il ne s\u2019agit pas d\u2019une vente, mais d\u2019<b>une forme in\u00e9dite de franchise<\/b>. Concr\u00e8tement, cela signifie que<b> 294 supermarch\u00e9s Auchan fran\u00e7ais<\/b> (hors Corse), d\u2019une superficie allant de 400\u00a0m2 \u00e0 2\u2009500\u00a0m2, devraient <b>changer d\u2019enseigne \u00e0 l\u2019horizon fin 2026<\/b> pour <b>devenir Intermarch\u00e9 ou Netto<\/b>.<\/p>\n<p>Les trois supermarch\u00e9s du Calvados concern\u00e9s<\/p>\n<p class=\" wall-content\">Ce serait le cas des <b>trois supermarch\u00e9s du Calvados, <\/b>comme le r\u00e9v\u00e8lent <a href=\"https:\/\/www.leparisien.fr\/economie\/environ-300-supermarches-auchan-passent-sous-enseigne-intermarche-ou-neto-le-votre-est-il-concerne-25-11-2025-VEWFZGF7VBHK3EIZYAA2I5XI4Y.php\" target=\"_blank\" rel=\"noopener\">nos confr\u00e8res du Parisien<\/a>\u2009:<\/p>\n<ul class=\" wall-content\">\n<li>Auchan \u00e0 <b>Fleury-sur-Orne<\/b><\/li>\n<li>Auchan \u00e0 <b>H\u00e9rouville Saint-Clair<\/b><\/li>\n<li>Auchan \u00e0 <b>Colleville-Montgomery<\/b><\/li>\n<\/ul>\n<p class=\" wall-content\">Dans le d\u00e9tail, ce projet doit toucher<b> 261 supermarch\u00e9s int\u00e9gr\u00e9s<\/b> (directement g\u00e9r\u00e9s par l\u2019enseigne) de l\u2019Hexagone, mais aussi <b>33 \u00e9tablissements<\/b> d\u00e9j\u00e0 aux mains de g\u00e9rants<b> en franchise.<\/b><\/p>\n<p>Vid\u00e9os : en ce moment sur ActuAttendre l\u2019avis de l\u2019Autorit\u00e9 de la concurrence<\/p>\n<p class=\" wall-content\">Le groupe nordiste qui d\u00e9tient Auchan doit d\u2019abord <b>recueillir l\u2019avis de l\u2019Autorit\u00e9 de la concurrence<\/b> sur ce projet. Ensuite, les magasins Auchan seraient <b>transf\u00e9r\u00e9s au sein d\u2019une soci\u00e9t\u00e9 autonome<\/b> sur le plan juridique, mais resteraient li\u00e9s au groupe.<\/p>\n<p>Votre r\u00e9gion, votre actu !<\/p>\n<p>Recevez chaque jour les infos qui comptent pour vous.<\/p>\n<p>\t<a href=\"https:\/\/actu.fr\/newsletter\" class=\"ac-btn ac-btn--corner ac-btn--medium ac-btn--blue800\" target=\"_blank\" rel=\"noopener\">S&rsquo;incrire<\/a><\/p>\n<p class=\" wall-content\">\u00ab\u2009Ils seraient toujours exploit\u00e9s par Auchan Retail via la cr\u00e9ation d\u2019une nouvelle entit\u00e9 juridique autonome\u2009\u00bb, indique le communiqu\u00e9 du groupe.<\/p>\n<blockquote class=\"ac-article-quote wall-content\">\n<p>Les fonds de commerce, l\u2019immobilier restent propri\u00e9t\u00e9s d\u2019Auchan, les salari\u00e9s restent des salari\u00e9s d\u2019Auchan, et on travaillera sous enseigne Intermarch\u00e9, qui nous livrera les marchandises, la politique commerciale, le concept magasin et qui approvisionnera les magasins.<\/p>\n<p>Guillaume Darrasse, directeur g\u00e9n\u00e9ral d\u2019Auchan Retail<\/p><\/blockquote>\n<p class=\" wall-content\"><b>\u00ab\u2009C\u2019est gagnant-gagnant\u2009\u00bb<\/b>, abonde le patron des Mousquetaires\/Intermarch\u00e9, troisi\u00e8me distributeur fran\u00e7ais, Thierry Cotillard. \u00ab\u2009Auchan va b\u00e9n\u00e9ficier de notre savoir-faire et cela va nous permettre d\u2019\u00e9tendre notre emprise sur le march\u00e9 fran\u00e7ais\u2009\u00bb.<\/p>\n<p class=\" wall-content\">En deux ans, <b>Intermarch\u00e9<\/b> a r\u00e9alis\u00e9 <b>deux grosses op\u00e9rations de reprise<\/b>\u2009: pr\u00e8s de 300 magasins Casino en 2023-2024 et 81 magasins Colruyt en juin\u00a02025.<\/p>\n<p class=\" wall-content\">De son c\u00f4t\u00e9, Auchan, qui avait op\u00e9r\u00e9 la reprise de pr\u00e8s de 100 magasins Casino en 2024, vient de<b> c\u00e9der 19 magasins \u00e0 Lidl<\/b>.<\/p>\n<p>Les hypermarch\u00e9s ne sont pas concern\u00e9s<\/p>\n<p class=\" wall-content\">Le groupe Auchan a pr\u00e9cis\u00e9 que ce projet ne concernait que les supermarch\u00e9s et<b> non les hypermarch\u00e9s.<\/b> \u00ab\u2009Les hypermarch\u00e9s ne sont pas un mod\u00e8le du pass\u00e9\u2009\u00bb, pr\u00e9cise-t-il dans son communiqu\u00e9.<\/p>\n<p class=\" wall-content\">Fin 2024, Auchan avait annonc\u00e9 <b>un plan social pr\u00e9voyant pr\u00e8s de 2\u2009400 suppressions de postes,<\/b> invalid\u00e9 en septembre\u00a02025 par le tribunal administratif de Lille. Le groupe Mulliez a fait appel de cette d\u00e9cision.<\/p>\n<p class=\" wall-content\">Personnalisez votre actualit\u00e9 en ajoutant vos villes et m\u00e9dias en favori avec <a href=\"https:\/\/moncompte.actu.fr\" title=\"D\u00e9couvez Mon Actu\" rel=\"nofollow noopener\" data-trk=\"{&quot;cta&quot;:{&quot;action&quot;:&quot;https:\\\/\\\/moncompte.actu.fr&quot;,&quot;category&quot;:&quot;mon compte&quot;,&quot;from&quot;:&quot;article footer&quot;,&quot;name&quot;:&quot;Mon actu&quot;,&quot;type&quot;:&quot;cta&quot;}}\" target=\"_blank\">Mon Actu<\/a>.<\/p>\n","protected":false},"excerpt":{"rendered":"Par Gr\u00e9gory Maucorps Publi\u00e9 le 26 nov. 2025 \u00e0 7h39 C\u2019est un gros changement \u00e0 venir pour les&hellip;\n","protected":false},"author":2,"featured_media":559714,"comment_status":"","ping_status":"","sticky":false,"template":"","format":"standard","meta":{"footnotes":""},"categories":[2],"tags":[11,14474,5492,33,1011,27,2529,12],"class_list":{"0":"post-559713","1":"post","2":"type-post","3":"status-publish","4":"format-standard","5":"has-post-thumbnail","7":"category-actualites","8":"tag-actualites","9":"tag-auchan","10":"tag-caen","11":"tag-economie","12":"tag-fr","13":"tag-france","14":"tag-intermarche","15":"tag-news"},"share_on_mastodon":{"url":"https:\/\/pubeurope.com\/@fr\/115615488076170751","error":""},"_links":{"self":[{"href":"https:\/\/www.europesays.com\/fr\/wp-json\/wp\/v2\/posts\/559713","targetHints":{"allow":["GET"]}}],"collection":[{"href":"https:\/\/www.europesays.com\/fr\/wp-json\/wp\/v2\/posts"}],"about":[{"href":"https:\/\/www.europesays.com\/fr\/wp-json\/wp\/v2\/types\/post"}],"author":[{"embeddable":true,"href":"https:\/\/www.europesays.com\/fr\/wp-json\/wp\/v2\/users\/2"}],"replies":[{"embeddable":true,"href":"https:\/\/www.europesays.com\/fr\/wp-json\/wp\/v2\/comments?post=559713"}],"version-history":[{"count":0,"href":"https:\/\/www.europesays.com\/fr\/wp-json\/wp\/v2\/posts\/559713\/revisions"}],"wp:featuredmedia":[{"embeddable":true,"href":"https:\/\/www.europesays.com\/fr\/wp-json\/wp\/v2\/media\/559714"}],"wp:attachment":[{"href":"https:\/\/www.europesays.com\/fr\/wp-json\/wp\/v2\/media?parent=559713"}],"wp:term":[{"taxonomy":"category","embeddable":true,"href":"https:\/\/www.europesays.com\/fr\/wp-json\/wp\/v2\/categories?post=559713"},{"taxonomy":"post_tag","embeddable":true,"href":"https:\/\/www.europesays.com\/fr\/wp-json\/wp\/v2\/tags?post=559713"}],"curies":[{"name":"wp","href":"https:\/\/api.w.org\/{rel}","templated":true}]}}