{"id":559718,"date":"2025-11-26T10:20:52","date_gmt":"2025-11-26T10:20:52","guid":{"rendered":"https:\/\/www.europesays.com\/fr\/559718\/"},"modified":"2025-11-26T10:20:52","modified_gmt":"2025-11-26T10:20:52","slug":"richardmenil-un-bel-apres-midi-dansant","status":"publish","type":"post","link":"https:\/\/www.europesays.com\/fr\/559718\/","title":{"rendered":"Richardm\u00e9nil. Un bel apr\u00e8s-midi dansant"},"content":{"rendered":"<p>Samedi apr\u00e8s-midi, \u00e0 la Maison du temps libre, le CCAS, en partenariat avec la municipalit\u00e9, avait organis\u00e9 un apr\u00e8s-midi dansant qui a rencontr\u00e9 un tr\u00e8s beau succ\u00e8s\u00a0! Il y en avait pour tous les go\u00fbts\u00a0: disco, valses, danses en rangs\u2026 Le comit\u00e9 des f\u00eates, toujours tr\u00e8s actif sur la commune, avait ouvert la buvette, en proposant \u00e9galement quelques douceurs pour les plus gourmands.<\/p>\n<p>Gr\u00e2ce \u00e0 Andr\u00e9e Gene, tant\u00f4t \u00e0 l\u2019accord\u00e9on, tant\u00f4t au saxophone, l\u2019ambiance fut joyeuse et festive tout au long de l\u2019apr\u00e8s-midi.<\/p>\n","protected":false},"excerpt":{"rendered":"Samedi apr\u00e8s-midi, \u00e0 la Maison du temps libre, le CCAS, en partenariat avec la municipalit\u00e9, avait organis\u00e9 un&hellip;\n","protected":false},"author":2,"featured_media":559719,"comment_status":"","ping_status":"","sticky":false,"template":"","format":"standard","meta":{"footnotes":""},"categories":[9635],"tags":[1111,11,9848,1687,1704,1777,674,1011,27,775,1702,12,25,24495],"class_list":{"0":"post-559718","1":"post","2":"type-post","3":"status-publish","4":"format-standard","5":"has-post-thumbnail","7":"category-nancy","8":"tag-actu","9":"tag-actualites","10":"tag-cc-moselle-et-madon-54b","11":"tag-culture-loisirs","12":"tag-edition-nancy-et-agglomeration","13":"tag-eu","14":"tag-europe","15":"tag-fr","16":"tag-france","17":"tag-grand-est","18":"tag-nancy","19":"tag-news","20":"tag-republique-francaise","21":"tag-richardmenil"},"share_on_mastodon":{"url":"https:\/\/pubeurope.com\/@fr\/115615503678393852","error":""},"_links":{"self":[{"href":"https:\/\/www.europesays.com\/fr\/wp-json\/wp\/v2\/posts\/559718","targetHints":{"allow":["GET"]}}],"collection":[{"href":"https:\/\/www.europesays.com\/fr\/wp-json\/wp\/v2\/posts"}],"about":[{"href":"https:\/\/www.europesays.com\/fr\/wp-json\/wp\/v2\/types\/post"}],"author":[{"embeddable":true,"href":"https:\/\/www.europesays.com\/fr\/wp-json\/wp\/v2\/users\/2"}],"replies":[{"embeddable":true,"href":"https:\/\/www.europesays.com\/fr\/wp-json\/wp\/v2\/comments?post=559718"}],"version-history":[{"count":0,"href":"https:\/\/www.europesays.com\/fr\/wp-json\/wp\/v2\/posts\/559718\/revisions"}],"wp:featuredmedia":[{"embeddable":true,"href":"https:\/\/www.europesays.com\/fr\/wp-json\/wp\/v2\/media\/559719"}],"wp:attachment":[{"href":"https:\/\/www.europesays.com\/fr\/wp-json\/wp\/v2\/media?parent=559718"}],"wp:term":[{"taxonomy":"category","embeddable":true,"href":"https:\/\/www.europesays.com\/fr\/wp-json\/wp\/v2\/categories?post=559718"},{"taxonomy":"post_tag","embeddable":true,"href":"https:\/\/www.europesays.com\/fr\/wp-json\/wp\/v2\/tags?post=559718"}],"curies":[{"name":"wp","href":"https:\/\/api.w.org\/{rel}","templated":true}]}}