{"id":559730,"date":"2025-11-26T10:28:13","date_gmt":"2025-11-26T10:28:13","guid":{"rendered":"https:\/\/www.europesays.com\/fr\/559730\/"},"modified":"2025-11-26T10:28:13","modified_gmt":"2025-11-26T10:28:13","slug":"renouvellement-de-la-certification-qualiopi","status":"publish","type":"post","link":"https:\/\/www.europesays.com\/fr\/559730\/","title":{"rendered":"Renouvellement de la certification Qualiopi"},"content":{"rendered":"<p><strong>L\u2019universit\u00e9 de Rouen Normandie a le plaisir d\u2019annoncer le renouvellement de sa certification Qualiopi, obtenu \u00e0 l\u2019issue d\u2019un audit de contr\u00f4le men\u00e9 du 3 au 7 novembre 2025 par un auditeur de l\u2019organisme certificateur Certifopac. Cette certification, instaur\u00e9e par la loi du 5 septembre 2018 pour la libert\u00e9 de choisir son avenir professionnel, atteste de la qualit\u00e9 des processus mis en \u0153uvre par les organismes de formation dans le cadre des actions concourant au d\u00e9veloppement des comp\u00e9tences.<\/strong><\/p>\n","protected":false},"excerpt":{"rendered":"L\u2019universit\u00e9 de Rouen Normandie a le plaisir d\u2019annoncer le renouvellement de sa certification Qualiopi, obtenu \u00e0 l\u2019issue d\u2019un&hellip;\n","protected":false},"author":2,"featured_media":559731,"comment_status":"","ping_status":"","sticky":false,"template":"","format":"standard","meta":{"footnotes":""},"categories":[9587],"tags":[1111,11,1777,674,1011,27,12,5161,25,9590],"class_list":{"0":"post-559730","1":"post","2":"type-post","3":"status-publish","4":"format-standard","5":"has-post-thumbnail","7":"category-rouen","8":"tag-actu","9":"tag-actualites","10":"tag-eu","11":"tag-europe","12":"tag-fr","13":"tag-france","14":"tag-news","15":"tag-normandie","16":"tag-republique-francaise","17":"tag-rouen"},"share_on_mastodon":{"url":"https:\/\/pubeurope.com\/@fr\/115615531291942883","error":""},"_links":{"self":[{"href":"https:\/\/www.europesays.com\/fr\/wp-json\/wp\/v2\/posts\/559730","targetHints":{"allow":["GET"]}}],"collection":[{"href":"https:\/\/www.europesays.com\/fr\/wp-json\/wp\/v2\/posts"}],"about":[{"href":"https:\/\/www.europesays.com\/fr\/wp-json\/wp\/v2\/types\/post"}],"author":[{"embeddable":true,"href":"https:\/\/www.europesays.com\/fr\/wp-json\/wp\/v2\/users\/2"}],"replies":[{"embeddable":true,"href":"https:\/\/www.europesays.com\/fr\/wp-json\/wp\/v2\/comments?post=559730"}],"version-history":[{"count":0,"href":"https:\/\/www.europesays.com\/fr\/wp-json\/wp\/v2\/posts\/559730\/revisions"}],"wp:featuredmedia":[{"embeddable":true,"href":"https:\/\/www.europesays.com\/fr\/wp-json\/wp\/v2\/media\/559731"}],"wp:attachment":[{"href":"https:\/\/www.europesays.com\/fr\/wp-json\/wp\/v2\/media?parent=559730"}],"wp:term":[{"taxonomy":"category","embeddable":true,"href":"https:\/\/www.europesays.com\/fr\/wp-json\/wp\/v2\/categories?post=559730"},{"taxonomy":"post_tag","embeddable":true,"href":"https:\/\/www.europesays.com\/fr\/wp-json\/wp\/v2\/tags?post=559730"}],"curies":[{"name":"wp","href":"https:\/\/api.w.org\/{rel}","templated":true}]}}