{"id":559732,"date":"2025-11-26T10:29:19","date_gmt":"2025-11-26T10:29:19","guid":{"rendered":"https:\/\/www.europesays.com\/fr\/559732\/"},"modified":"2025-11-26T10:29:19","modified_gmt":"2025-11-26T10:29:19","slug":"rouen-lars-confirme-un-cas-de-tuberculose-contagieuse-a-la-fac","status":"publish","type":"post","link":"https:\/\/www.europesays.com\/fr\/559732\/","title":{"rendered":"Rouen. L&rsquo;ARS confirme \u00ab\u00a0un cas de tuberculose contagieuse\u00a0\u00bb \u00e0 la Fac"},"content":{"rendered":"<p melodystyle=\"texte\">Un cas de tuberculose a \u00e9t\u00e9 identifi\u00e9 \u00e0 l&rsquo;Universit\u00e9 de Rouen, sur le site Pasteur, en ce mois de novembre. Une enqu\u00eate est men\u00e9e par le Centre de lutte antituberculeuse (CLAT) de Seine-Maritime.<\/p>\n<p>Une centaine de cas contacts potentiels<\/p>\n<p melodystyle=\"texte\">La situation a \u00e9t\u00e9 confirm\u00e9e par l&rsquo;ARS qui pr\u00e9cise \u00ab\u00a0qu&rsquo;un cas de tuberculose contagieuse a \u00e9t\u00e9 signal\u00e9 chez une personne ayant fr\u00e9quent\u00e9 de la facult\u00e9 de Rouen, site Pasteur. Pour des raisons de respect du secret m\u00e9dical et de confidentialit\u00e9, l&rsquo;ARS Normandie n&rsquo;apportera pas de commentaire concernant la situation individuelle de la personne concern\u00e9e.\u00a0\u00bb L&rsquo;enqu\u00eate a permis l&rsquo;identification d&rsquo;environ 150 contacts parmi les \u00e9l\u00e8ves et une quinzaine parmi les professeurs. Une information a \u00e9t\u00e9 r\u00e9alis\u00e9e par les \u00e9quipes du CLAT afin de leur proposer la mise en place d&rsquo;un d\u00e9pistage.<\/p>\n<p>Pas de mise en place de mesures barri\u00e8res sp\u00e9cifiques<\/p>\n<p melodystyle=\"texte\">Le d\u00e9pistage repose sur la r\u00e9alisation d&rsquo;une radiographie pulmonaire et sur une prise de sang permettant d&rsquo;identifier d&rsquo;\u00e9ventuelles formes latentes. Les personnes en contact avec le cas n&rsquo;ont pas \u00e0 mettre en place de mesures barri\u00e8res sp\u00e9cifiques en dehors des mesures recommand\u00e9es en cas de sympt\u00f4mes respiratoires. Le CLAT 76 est en charge de l&rsquo;enqu\u00eate \u00e9pid\u00e9miologique et du suivi des personnes contacts. L&rsquo;ARS sera tenue inform\u00e9e de l&rsquo;\u00e9volution des d\u00e9pistages et des suites de l&rsquo;enqu\u00eate.<\/p>\n<p>5\u00a0000 cas par an en France<\/p>\n<p melodystyle=\"texte\">La tuberculose est une maladie infectieuse due \u00e0 une bact\u00e9rie, Mycobacterium tuberculosis, qui atteint le plus souvent les poumons. Elle se transmet de personne \u00e0 personne par voie a\u00e9rienne, \u00e0 partir des formes respiratoires de la maladie. \u00ab\u00a0La tuberculose est moins contagieuse que des maladies comme la grippe ou la rougeole\u00a0\u00bb, pr\u00e9cise l&rsquo;ARS. La transmission n\u00e9cessite habituellement des contacts prolong\u00e9s rapproch\u00e9s en milieu confin\u00e9, pouvant aller de huit heures jusqu&rsquo;\u00e0 plusieurs dizaines d&rsquo;heures de contacts en fonction du degr\u00e9 de contagiosit\u00e9 de la personne malade. Toutes les personnes en contact avec un cas de tuberculose ne seront donc pas syst\u00e9matiquement malades.<\/p>\n<p>\u00ab\u00a0Tout cas de tuberculose doit \u00eatre signal\u00e9 \u00e0 l&rsquo;ARS\u00a0\u00bb<\/p>\n<p melodystyle=\"texte\">Chaque ann\u00e9e entre 4 000 et 5 000 cas de tuberculose sont d\u00e9clar\u00e9s en France. En Normandie, 154 cas de tuberculose ont \u00e9t\u00e9 d\u00e9clar\u00e9s en 2023 dont 77 en Seine-Maritime, d&rsquo;apr\u00e8s Sant\u00e9 Publique France. Il existe un traitement antibiotique permettant la prise en charge des cas de tuberculose latente et de tuberculose maladie. \u00ab\u00a0La tuberculose est une maladie \u00e0 d\u00e9claration obligatoire\u00a0: tout cas de tuberculose doit \u00eatre signal\u00e9 \u00e0 l&rsquo;ARS Normandie\u00a0\u00bb, conclut l&rsquo;ARS.<\/p>\n","protected":false},"excerpt":{"rendered":"Un cas de tuberculose a \u00e9t\u00e9 identifi\u00e9 \u00e0 l&rsquo;Universit\u00e9 de Rouen, sur le site Pasteur, en ce mois&hellip;\n","protected":false},"author":2,"featured_media":559733,"comment_status":"","ping_status":"","sticky":false,"template":"","format":"standard","meta":{"footnotes":""},"categories":[9587],"tags":[1111,11,1777,674,1011,27,12,5161,25,9590],"class_list":{"0":"post-559732","1":"post","2":"type-post","3":"status-publish","4":"format-standard","5":"has-post-thumbnail","7":"category-rouen","8":"tag-actu","9":"tag-actualites","10":"tag-eu","11":"tag-europe","12":"tag-fr","13":"tag-france","14":"tag-news","15":"tag-normandie","16":"tag-republique-francaise","17":"tag-rouen"},"share_on_mastodon":{"url":"https:\/\/pubeurope.com\/@fr\/115615535266586585","error":""},"_links":{"self":[{"href":"https:\/\/www.europesays.com\/fr\/wp-json\/wp\/v2\/posts\/559732","targetHints":{"allow":["GET"]}}],"collection":[{"href":"https:\/\/www.europesays.com\/fr\/wp-json\/wp\/v2\/posts"}],"about":[{"href":"https:\/\/www.europesays.com\/fr\/wp-json\/wp\/v2\/types\/post"}],"author":[{"embeddable":true,"href":"https:\/\/www.europesays.com\/fr\/wp-json\/wp\/v2\/users\/2"}],"replies":[{"embeddable":true,"href":"https:\/\/www.europesays.com\/fr\/wp-json\/wp\/v2\/comments?post=559732"}],"version-history":[{"count":0,"href":"https:\/\/www.europesays.com\/fr\/wp-json\/wp\/v2\/posts\/559732\/revisions"}],"wp:featuredmedia":[{"embeddable":true,"href":"https:\/\/www.europesays.com\/fr\/wp-json\/wp\/v2\/media\/559733"}],"wp:attachment":[{"href":"https:\/\/www.europesays.com\/fr\/wp-json\/wp\/v2\/media?parent=559732"}],"wp:term":[{"taxonomy":"category","embeddable":true,"href":"https:\/\/www.europesays.com\/fr\/wp-json\/wp\/v2\/categories?post=559732"},{"taxonomy":"post_tag","embeddable":true,"href":"https:\/\/www.europesays.com\/fr\/wp-json\/wp\/v2\/tags?post=559732"}],"curies":[{"name":"wp","href":"https:\/\/api.w.org\/{rel}","templated":true}]}}