{"id":559734,"date":"2025-11-26T10:30:12","date_gmt":"2025-11-26T10:30:12","guid":{"rendered":"https:\/\/www.europesays.com\/fr\/559734\/"},"modified":"2025-11-26T10:30:12","modified_gmt":"2025-11-26T10:30:12","slug":"resultats-de-lenquete-sur-le-numerique-de-demain-en-partenariat-avec-la-casemate-echosciences","status":"publish","type":"post","link":"https:\/\/www.europesays.com\/fr\/559734\/","title":{"rendered":"R\u00e9sultats de l&rsquo;enqu\u00eate sur le num\u00e9rique de demain, en partenariat avec La Casemate | ECHOSCIENCES"},"content":{"rendered":"<p>Il y a un an, un appel \u00e9tait lanc\u00e9 sur la plateforme Echosciences Grenoble pour participer \u00e0 une enqu\u00eate sur le num\u00e9rique et les r\u00e9seaux t\u00e9l\u00e9coms du futur, men\u00e9e par la Recherche d\u2019Orange, et en partenariat avec La Casemate, dans le cadre du projet europ\u00e9en de recherche Hexa-X-II.<\/p>\n<p>Cette enqu\u00eate s\u2019est int\u00e9gr\u00e9e dans une d\u00e9marche plus globale de consultation de la soci\u00e9t\u00e9 civile et du monde \u00e9conomique, dans diff\u00e9rentes r\u00e9gions de France, en Bretagne, Ile-de-France, Rh\u00f4ne-Alpes et Alsace entre 2023 et 2024. Plus de 500 personnes ont ainsi \u00e9t\u00e9 consult\u00e9es, lors d\u2019ateliers en pr\u00e9sentiel et d\u2019enqu\u00eates en ligne.<\/p>\n<p>Les r\u00e9sultats ont \u00e9t\u00e9 synth\u00e9tis\u00e9s dans un livrable publi\u00e9 par le projet Hexa-X-II, rendu public en mai dernier et accessible via le lien suivant : <a href=\"https:\/\/fra01.safelinks.protection.outlook.com\/?url=https%3A%2F%2Fhexa-x-ii.eu%2Fwp-content%2Fuploads%2F2025%2F05%2FD1.4-final.pdf&amp;data=05%7C02%7Csylvie.legac%40orange.com%7C93cb116c48e4489af16b08de2c08b2f8%7C90c7a20af34b40bfbc48b9253b6f5d20%7C0%7C0%7C638996613077981295%7CUnknown%7CTWFpbGZsb3d8eyJFbXB0eU1hcGkiOnRydWUsIlYiOiIwLjAuMDAwMCIsIlAiOiJXaW4zMiIsIkFOIjoiTWFpbCIsIldUIjoyfQ%3D%3D%7C0%7C%7C%7C&amp;sdata=xixC%2FjQYrruQ5%2BvuKXTIEhV1hVwsZZFVF5oC90tbwDc%3D&amp;reserved=0\" target=\"_blank\" rel=\"noopener\">https:\/\/hexa-x-ii.eu\/wp-content\/uploads\/2025\/05\/D1.4-final.pdf<\/a>. <\/p>\n<p>La d\u00e9marche de consultation d\u00e9roul\u00e9e en France est \u00e9voqu\u00e9e \u00e0 partir de la page 36. <\/p>\n<p>Une synth\u00e8se en fran\u00e7ais est disponible sur le site Hello Future, site de la Recherche et de l\u2019innovation Orange : <a href=\"https:\/\/fra01.safelinks.protection.outlook.com\/?url=https%3A%2F%2Fhellofuture.orange.com%2Ffr%2Fparoles-citoyennes-sur-les-reseaux-de-demain-vers-un-numerique-responsable%2F&amp;data=05%7C02%7Csylvie.legac%40orange.com%7C93cb116c48e4489af16b08de2c08b2f8%7C90c7a20af34b40bfbc48b9253b6f5d20%7C0%7C0%7C638996613078008520%7CUnknown%7CTWFpbGZsb3d8eyJFbXB0eU1hcGkiOnRydWUsIlYiOiIwLjAuMDAwMCIsIlAiOiJXaW4zMiIsIkFOIjoiTWFpbCIsIldUIjoyfQ%3D%3D%7C0%7C%7C%7C&amp;sdata=iZVJv21NCw3ZiANgxFBaFALJXHBqvhYVB1WPlOgQP2Y%3D&amp;reserved=0\" target=\"_blank\" rel=\"noopener\">https:\/\/hellofuture.orange.com\/fr\/paroles-citoyennes-sur-les-reseaux-de-demain-vers-un-numerique-responsable\/<\/a><\/p>\n<p>Merci aux personnes qui ont r\u00e9pondu \u00e0 l\u2019enqu\u00eate en ligne et ainsi contribu\u00e9 \u00e0 cette consultation in\u00e9dite.<\/p>\n","protected":false},"excerpt":{"rendered":"Il y a un an, un appel \u00e9tait lanc\u00e9 sur la plateforme Echosciences Grenoble pour participer \u00e0 une&hellip;\n","protected":false},"author":2,"featured_media":559735,"comment_status":"","ping_status":"","sticky":false,"template":"","format":"standard","meta":{"footnotes":""},"categories":[9566],"tags":[1111,11,2430,1777,674,1011,27,2731,12,25],"class_list":{"0":"post-559734","1":"post","2":"type-post","3":"status-publish","4":"format-standard","5":"has-post-thumbnail","7":"category-grenoble","8":"tag-actu","9":"tag-actualites","10":"tag-auvergne-rhone-alpes","11":"tag-eu","12":"tag-europe","13":"tag-fr","14":"tag-france","15":"tag-grenoble","16":"tag-news","17":"tag-republique-francaise"},"share_on_mastodon":{"url":"https:\/\/pubeurope.com\/@fr\/115615539207136214","error":""},"_links":{"self":[{"href":"https:\/\/www.europesays.com\/fr\/wp-json\/wp\/v2\/posts\/559734","targetHints":{"allow":["GET"]}}],"collection":[{"href":"https:\/\/www.europesays.com\/fr\/wp-json\/wp\/v2\/posts"}],"about":[{"href":"https:\/\/www.europesays.com\/fr\/wp-json\/wp\/v2\/types\/post"}],"author":[{"embeddable":true,"href":"https:\/\/www.europesays.com\/fr\/wp-json\/wp\/v2\/users\/2"}],"replies":[{"embeddable":true,"href":"https:\/\/www.europesays.com\/fr\/wp-json\/wp\/v2\/comments?post=559734"}],"version-history":[{"count":0,"href":"https:\/\/www.europesays.com\/fr\/wp-json\/wp\/v2\/posts\/559734\/revisions"}],"wp:featuredmedia":[{"embeddable":true,"href":"https:\/\/www.europesays.com\/fr\/wp-json\/wp\/v2\/media\/559735"}],"wp:attachment":[{"href":"https:\/\/www.europesays.com\/fr\/wp-json\/wp\/v2\/media?parent=559734"}],"wp:term":[{"taxonomy":"category","embeddable":true,"href":"https:\/\/www.europesays.com\/fr\/wp-json\/wp\/v2\/categories?post=559734"},{"taxonomy":"post_tag","embeddable":true,"href":"https:\/\/www.europesays.com\/fr\/wp-json\/wp\/v2\/tags?post=559734"}],"curies":[{"name":"wp","href":"https:\/\/api.w.org\/{rel}","templated":true}]}}