{"id":559736,"date":"2025-11-26T10:31:11","date_gmt":"2025-11-26T10:31:11","guid":{"rendered":"https:\/\/www.europesays.com\/fr\/559736\/"},"modified":"2025-11-26T10:31:11","modified_gmt":"2025-11-26T10:31:11","slug":"son-pretre-centenaire-contraint-de-partir","status":"publish","type":"post","link":"https:\/\/www.europesays.com\/fr\/559736\/","title":{"rendered":"son pr\u00eatre centenaire contraint de partir"},"content":{"rendered":"<p itemprop=\"description\"><strong>Cet \u00e9difice religieux embl\u00e9matique du nord de Grenoble est plac\u00e9 en vente pour des raisons \u00e9conomiques, et vient de conna\u00eetre son ultime messe.<\/strong><\/p>\n<p>L\u2019\u00e9glise Saint-Luc, nich\u00e9e sous un immeuble du quartier, a accueilli une derni\u00e8re c\u00e9l\u00e9bration avant de fermer d\u00e9finitivement. Le dioc\u00e8se de Grenoble-Vienne a d\u00e9cid\u00e9 de mettre en vente ce b\u00e2timent, construit en 1967, face \u00e0 des d\u00e9penses trop lourdes et \u00e0 une fr\u00e9quentation d\u00e9clinante depuis des ann\u00e9es.<\/p>\n<p>Ce lieu un peu atypique, reconnaissable \u00e0 son toit triangulaire et \u00e0 ses vitraux modernes, faisait partie des \u00e9difices is\u00e9rois dont l\u2019avenir avait \u00e9t\u00e9 scell\u00e9 d\u00e8s 2019 par le dioc\u00e8se, contraint de r\u00e9duire le nombre d\u2019\u00e9glises actives. Malgr\u00e9 plusieurs ann\u00e9es sur le march\u00e9, aucun acheteur ne s\u2019est encore manifest\u00e9. On ignore ce qu\u2019il va advenir de cet \u00e9difice religieux.<\/p>\n<p>Le p\u00e8re Francis Verstraete, figure locale \u00e2g\u00e9e de 100 ans, doit d\u00e9sormais quitter les lieux, lui qui est plus \u00e2g\u00e9 que son \u00e9glise qu\u2019il voit alors disparaitre. Il vient de donner la derni\u00e8re messe dans ce lieu spirituel ce dimanche 23 novembre.<\/p>\n","protected":false},"excerpt":{"rendered":"Cet \u00e9difice religieux embl\u00e9matique du nord de Grenoble est plac\u00e9 en vente pour des raisons \u00e9conomiques, et vient&hellip;\n","protected":false},"author":2,"featured_media":559737,"comment_status":"","ping_status":"","sticky":false,"template":"","format":"standard","meta":{"footnotes":""},"categories":[9566],"tags":[1111,11,2813,2430,1109,251,1112,2811,1777,674,118,1011,27,21780,2731,14004,1922,1110,1114,108,12,316,25,2812,517,800],"class_list":{"0":"post-559736","1":"post","2":"type-post","3":"status-publish","4":"format-standard","5":"has-post-thumbnail","7":"category-grenoble","8":"tag-actu","9":"tag-actualites","10":"tag-article","11":"tag-auvergne-rhone-alpes","12":"tag-breves","13":"tag-culture","14":"tag-depeches","15":"tag-economique","16":"tag-eu","17":"tag-europe","18":"tag-faits-divers","19":"tag-fr","20":"tag-france","21":"tag-gf38","22":"tag-grenoble","23":"tag-grenoblemag","24":"tag-info","25":"tag-informations","26":"tag-infos","27":"tag-isere","28":"tag-news","29":"tag-politique","30":"tag-republique-francaise","31":"tag-sociale","32":"tag-sport","33":"tag-transports"},"share_on_mastodon":{"url":"https:\/\/pubeurope.com\/@fr\/115615543135307960","error":""},"_links":{"self":[{"href":"https:\/\/www.europesays.com\/fr\/wp-json\/wp\/v2\/posts\/559736","targetHints":{"allow":["GET"]}}],"collection":[{"href":"https:\/\/www.europesays.com\/fr\/wp-json\/wp\/v2\/posts"}],"about":[{"href":"https:\/\/www.europesays.com\/fr\/wp-json\/wp\/v2\/types\/post"}],"author":[{"embeddable":true,"href":"https:\/\/www.europesays.com\/fr\/wp-json\/wp\/v2\/users\/2"}],"replies":[{"embeddable":true,"href":"https:\/\/www.europesays.com\/fr\/wp-json\/wp\/v2\/comments?post=559736"}],"version-history":[{"count":0,"href":"https:\/\/www.europesays.com\/fr\/wp-json\/wp\/v2\/posts\/559736\/revisions"}],"wp:featuredmedia":[{"embeddable":true,"href":"https:\/\/www.europesays.com\/fr\/wp-json\/wp\/v2\/media\/559737"}],"wp:attachment":[{"href":"https:\/\/www.europesays.com\/fr\/wp-json\/wp\/v2\/media?parent=559736"}],"wp:term":[{"taxonomy":"category","embeddable":true,"href":"https:\/\/www.europesays.com\/fr\/wp-json\/wp\/v2\/categories?post=559736"},{"taxonomy":"post_tag","embeddable":true,"href":"https:\/\/www.europesays.com\/fr\/wp-json\/wp\/v2\/tags?post=559736"}],"curies":[{"name":"wp","href":"https:\/\/api.w.org\/{rel}","templated":true}]}}