{"id":559742,"date":"2025-11-26T10:34:20","date_gmt":"2025-11-26T10:34:20","guid":{"rendered":"https:\/\/www.europesays.com\/fr\/559742\/"},"modified":"2025-11-26T10:34:20","modified_gmt":"2025-11-26T10:34:20","slug":"caritas-alsace-alerte-sur-laugmentation-de-la-pauvrete-et-de-la-precarite","status":"publish","type":"post","link":"https:\/\/www.europesays.com\/fr\/559742\/","title":{"rendered":"Caritas Alsace alerte sur l&rsquo;augmentation de la pauvret\u00e9 et de la pr\u00e9carit\u00e9"},"content":{"rendered":"<p>La pauvret\u00e9 s&rsquo;accentue et s&rsquo;installe durablement en Alsace. C&rsquo;est ce qui ressort du<a href=\"https:\/\/www.caritas-alsace.org\/conference-de-presse-21-novembre\/\" target=\"_blank\" rel=\"noopener\">\u00a0dernier rapport pr\u00e9occupant de Caritas<\/a>. On en parlait ce matin dans le Grand R\u00e9veil avec notre invit\u00e9.<\/p>\n<p class=\"audioTitle\">Son N\u00b01 &#8211; Caritas Alsace alerte sur l&rsquo;augmentation de la pauvret\u00e9 et de la pr\u00e9carit\u00e9<\/p>\n<p><img decoding=\"async\" src=\"https:\/\/www.radiomelodie.com\/images\/play-button.svg\" id=\"play1\"\/><img decoding=\"async\" src=\"https:\/\/www.radiomelodie.com\/images\/pause-button.svg\" id=\"pause1\" style=\"display:none;\"\/><\/p>\n<p>Louis-Marie Perrin &#8211; Directeur de Caritas Alsace<\/p>\n<p><strong>Dans le dernier rapport sur la pauvret\u00e9 publi\u00e9 par Caritas Alsace, le constat est terrible, 50% de b\u00e9n\u00e9ficiaires en plus en un an. Est-ce que vous pouvez nous d\u00e9tailler les chiffres de ce dernier bilan ?<\/strong><\/p>\n<blockquote><p>&#13;<\/p>\n<p>En effet, les chiffres sont \u00e9loquents et alarmants. On a, l&rsquo;ann\u00e9e derni\u00e8re, une augmentation des foyers accueillis, une augmentation aussi du volume d&rsquo;aide. On a <strong>936 tonnes alimentaires qui ont \u00e9t\u00e9 distribu\u00e9es<\/strong>, plus de 35 000 petits-d\u00e9jeuners \u00e0 Strasbourg. Ce sont des chiffres qui sont \u00e9normes. Cela s&rsquo;explique par une hausse de la pr\u00e9carit\u00e9 due \u00e0 des crises successives, Covid, crise de l&rsquo;inflation, guerre internationale et donc difficult\u00e9 pour de plus en plus de gens \u00e0 finir les fins de mois.<\/p>\n<p>&#13;\n<\/p><\/blockquote>\n<p><strong>Est-ce qu&rsquo;il y a des publics plus impact\u00e9s ? Par exemple, vous parlez de Strasbourg, est-ce qu&rsquo;en ville, on trouve plus de pauvret\u00e9 qu&rsquo;en campagne ?<\/strong><\/p>\n<blockquote><p>&#13;<\/p>\n<p>Cela touche \u00e0 peu pr\u00e8s tout le monde. Ville ou campagne, malheureusement, <strong>la pr\u00e9carit\u00e9 touche tout le monde<\/strong>. Ce sont des pr\u00e9carit\u00e9s diff\u00e9rentes. En campagne, on a souvent plus de difficult\u00e9s li\u00e9es aux mobilit\u00e9s, au co\u00fbt de l&rsquo;essence des voitures et au co\u00fbt de l&rsquo;\u00e9nergie pour chauffer les maisons. Ce sont des choses assez classiques en campagne. En ville, on a une pr\u00e9carit\u00e9 qui est plus li\u00e9e \u00e0 une pr\u00e9carit\u00e9 avec des sans domiciles fixes, avec des enjeux aussi de migration un peu et puis une population qui s&rsquo;appauvrit aussi par manque de travail ou par difficult\u00e9 \u00e0 trouver des situations stables.<\/p>\n<p>&#13;\n<\/p><\/blockquote>\n<p>\u00ab\u00a0De plus en plus de familles avec enfants\u00a0\u00bb<\/p>\n<p><strong>Est-ce que \u00e7a va \u00eatre plut\u00f4t des familles, des femmes, des travailleurs pr\u00e9caires ?<\/strong><\/p>\n<blockquote><p>&#13;<\/p>\n<p>\u00c7a, c&rsquo;est une nouveaut\u00e9. C&rsquo;est une tendance qui, malheureusement, se d\u00e9veloppe de plus en plus de familles avec enfants. D&rsquo;ailleurs, on le dit dans la presse r\u00e9guli\u00e8rement.\u00a0Il y a des articles souvent sur ces sujets avec des familles et des enfants qui dorment dehors, m\u00eame si les enfants sont scolaris\u00e9s. C&rsquo;est de plus en plus courant. Je crois qu&rsquo;il y a une quarantaine d&rsquo;enfants autour de Strasbourg. L\u00e0 aussi, on essaie d&rsquo;\u00eatre au service et d&rsquo;\u00eatre au rendez-vous pour pallier ces difficult\u00e9s parce que ce sont des situations de la vie qui sont intenables.<\/p>\n<p>&#13;\n<\/p><\/blockquote>\n<p><strong>Est-ce qu&rsquo;on arrive \u00e0 expliquer ce rebond en 2024 ?<\/strong><\/p>\n<blockquote><p>&#13;<\/p>\n<p>Souvent, c&rsquo;est le co\u00fbt de la vie. Apr\u00e8s, il y a des nouveaut\u00e9s, c&rsquo;est aussi une pr\u00e9carisation des personnes qui sont au travail. Il y a de plus en plus d&#8217;emplois pr\u00e9caires, d&#8217;emplois qui finalement sont des mi-temps ou des tiers-temps, qui permettent aux gens de sortir un tout petit peu de la gal\u00e8re, mais pas compl\u00e8tement, et donc qui ont encore besoin d&rsquo;aide. Il y a aussi pour des personnes qui sont pay\u00e9es au SMIC, qui ont des enfants et des charges un peu importantes. Tout de suite, \u00e7a devient intenable.<\/p>\n<p>&#13;\n<\/p><\/blockquote>\n<p><strong>Justement, vous, des organismes comme Caritas Alsace, vous agissez, en tout cas vous essayez. Qu&rsquo;est-ce que vous mettez en place ? Est-ce que vous avez suffisamment de moyens aujourd&rsquo;hui pour agir ?<\/strong><\/p>\n<blockquote><p>&#13;<\/p>\n<p>Les moyens, on n&rsquo;en a jamais suffisamment. Si j&rsquo;avais le double de budget, je ferais deux fois plus d&rsquo;actions. On essaie d&rsquo;\u00eatre au rendez-vous, on a une douzaine d&rsquo;\u00e9piceries solidaires \u00e0 travers l&rsquo;Alsace, trois grosses permanences, une \u00e0 Mulhouse, une \u00e0 Colmar et une \u00e0 Strasbourg, 80 dispositifs \u00e0 travers l&rsquo;ensemble de l&rsquo;Alsace. On essaie d&rsquo;\u00eatre partout et efficaces partout, surtout. Et les moyens, on les cherche partout. C&rsquo;est un appel que je lance ce matin \u00e0 plus de donateurs.\u00a0<strong>On n&rsquo;est pas oblig\u00e9s de donner des gros montants. 5 euros par mois, c&rsquo;est d\u00e9j\u00e0 \u00e9norme pour nous<\/strong>. Donc \u00e7a, c&rsquo;est des choses dont on a besoin. Et puis, on cherche aussi des partenaires dans le monde de l&rsquo;entreprise\u00a0et dans le monde associatif parce qu&rsquo;on croit, nous, \u00e0 Caritas Alsace, que c&rsquo;est unis qu&rsquo;on est plus fort. Donc l\u00e0 aussi, c&rsquo;est un appel \u00e0 toute personne de bonne volont\u00e9 \u00e0 prendre contact avec nous via le site internet <a href=\"https:\/\/www.caritas-alsace.org\/\" target=\"_blank\" rel=\"noopener\">caritas-alsace.org<\/a> ou en se rendant sur une de nos permanences vous serez toujours accueillis les bras grands ouverts.<\/p>\n<p>&#13;\n<\/p><\/blockquote>\n<p><strong>La pr\u00e9carit\u00e9 en chiffres en Alsace :<\/strong><br \/>\u2022 \u00a0 \u00a035 000 personnes accueillies<br \/>\u2022 \u00a0 \u00a0+50 % de foyers accompagn\u00e9s en un an (13 109 en 2023 \u00e0 plus de 20 000 en 2024)<br \/>\u2022 \u00a0 \u00a0936 tonnes d\u2019aide alimentaire distribu\u00e9es (786 tonnes en 2023)<br \/>\u2022 \u00a0 \u00a095 % des m\u00e9nages accueillis sous le seuil de pauvret\u00e9<br \/>\u2022 \u00a0 \u00a02 300 familles accueillies dans 13 \u00e9piceries sociales<\/p>\n","protected":false},"excerpt":{"rendered":"La pauvret\u00e9 s&rsquo;accentue et s&rsquo;installe durablement en Alsace. C&rsquo;est ce qui ressort du\u00a0dernier rapport pr\u00e9occupant de Caritas. On&hellip;\n","protected":false},"author":2,"featured_media":559743,"comment_status":"","ping_status":"","sticky":false,"template":"","format":"standard","meta":{"footnotes":""},"categories":[2820],"tags":[67676,1111,11,4526,2389,22300,847,1777,674,652,1011,27,775,67675,508,12,4518,10181,25,3400,640],"class_list":{"0":"post-559742","1":"post","2":"type-post","3":"status-publish","4":"format-standard","5":"has-post-thumbnail","7":"category-strasbourg","8":"tag-26novembre2025","9":"tag-actu","10":"tag-actualites","11":"tag-aide","12":"tag-alsace","13":"tag-caritas","14":"tag-enfant","15":"tag-eu","16":"tag-europe","17":"tag-famille","18":"tag-fr","19":"tag-france","20":"tag-grand-est","21":"tag-grandreveil","22":"tag-invite","23":"tag-news","24":"tag-pauvrete","25":"tag-precarite","26":"tag-republique-francaise","27":"tag-solidarite","28":"tag-strasbourg"},"share_on_mastodon":{"url":"https:\/\/pubeurope.com\/@fr\/115615556201326270","error":""},"_links":{"self":[{"href":"https:\/\/www.europesays.com\/fr\/wp-json\/wp\/v2\/posts\/559742","targetHints":{"allow":["GET"]}}],"collection":[{"href":"https:\/\/www.europesays.com\/fr\/wp-json\/wp\/v2\/posts"}],"about":[{"href":"https:\/\/www.europesays.com\/fr\/wp-json\/wp\/v2\/types\/post"}],"author":[{"embeddable":true,"href":"https:\/\/www.europesays.com\/fr\/wp-json\/wp\/v2\/users\/2"}],"replies":[{"embeddable":true,"href":"https:\/\/www.europesays.com\/fr\/wp-json\/wp\/v2\/comments?post=559742"}],"version-history":[{"count":0,"href":"https:\/\/www.europesays.com\/fr\/wp-json\/wp\/v2\/posts\/559742\/revisions"}],"wp:featuredmedia":[{"embeddable":true,"href":"https:\/\/www.europesays.com\/fr\/wp-json\/wp\/v2\/media\/559743"}],"wp:attachment":[{"href":"https:\/\/www.europesays.com\/fr\/wp-json\/wp\/v2\/media?parent=559742"}],"wp:term":[{"taxonomy":"category","embeddable":true,"href":"https:\/\/www.europesays.com\/fr\/wp-json\/wp\/v2\/categories?post=559742"},{"taxonomy":"post_tag","embeddable":true,"href":"https:\/\/www.europesays.com\/fr\/wp-json\/wp\/v2\/tags?post=559742"}],"curies":[{"name":"wp","href":"https:\/\/api.w.org\/{rel}","templated":true}]}}