{"id":559746,"date":"2025-11-26T10:36:13","date_gmt":"2025-11-26T10:36:13","guid":{"rendered":"https:\/\/www.europesays.com\/fr\/559746\/"},"modified":"2025-11-26T10:36:13","modified_gmt":"2025-11-26T10:36:13","slug":"sept-hommes-condamnes-a-nice","status":"publish","type":"post","link":"https:\/\/www.europesays.com\/fr\/559746\/","title":{"rendered":"sept hommes condamn\u00e9s \u00e0 Nice"},"content":{"rendered":"<p class=\"fs-5 \">Mardi matin au tribunal correctionnel de Nice, Mehdi Amokrane, Ismal Chaieb, Sidy Mane, Rowan Mendy, Antoine Mady Saoudi, Mamadou Tambadou, Kevin Faye \u00e9taient poursuivis pour participation \u00e0 une association de malfaiteurs en vue de la pr\u00e9paration d\u2019un d\u00e9lit puni de dix ans d\u2019emprisonnement.<\/p>\n<p class=\"fs-5 \">Trois des pr\u00e9venus, Mehdi Amokrane, Isma\u00efl Chaieb et Mamadou Tambadou comparaissaient en d\u00e9tention. Les quatre autres sont arriv\u00e9s libres.<\/p>\n<p>                                                                                <strong>Attroupement arm\u00e9<\/strong><\/p>\n<p class=\"fs-5 \">\u00ab\u00a0L\u2019affaire commence le 19 juin 2024 quand, \u00e0 10h15, les services de police sont inform\u00e9s de l\u2019existence d\u2019un attroupement arm\u00e9 aux Moulins, dans un secteur o\u00f9 plusieurs faits de violence ont d\u00e9j\u00e0 \u00e9t\u00e9 constat\u00e9s\u00a0\u00bb, relate la pr\u00e9sidente du tribunal Isabelle Demarbaix-Joando.<\/p>\n<p class=\"fs-5 \">Cinq individus, tous v\u00eatus de la m\u00eame tenue noire, de type k-way prennent la fuite \u00e0 l\u2019arriv\u00e9e des autorit\u00e9s. Un sixi\u00e8me trouve refuge dans une pharmacie du quartier. Tous sont appr\u00e9hend\u00e9s.<\/p>\n<p class=\"fs-5 \">Quelques mois plus tard, un septi\u00e8me individu, Ismail Chaieb, est arr\u00eat\u00e9 \u00e0 son tour. Le jeune homme a \u00e9t\u00e9 repris par les cam\u00e9ras du D\u00e9cathlon o\u00f9 ont \u00e9t\u00e9 achet\u00e9es les tenues.<\/p>\n<p>                                                                                <strong>Deal et clip de rap<\/strong><\/p>\n<p class=\"fs-5 \">Que faisaient donc ces individus ainsi curieusement habill\u00e9s de la m\u00eame mani\u00e8re dans ce quartier gangren\u00e9 par le trafic de stup\u00a0?<\/p>\n<p class=\"fs-5 \">Des tenues pas vraiment de saison, fait remarquer la pr\u00e9sidente, pour un mois de juin ni\u00e7ois. R\u00e9ponse unanime pour le moins insolite\u00a0: \u00ab\u00a0pour tourner un clip de rap\u00a0\u00bb.<\/p>\n<p class=\"fs-5 \">Certains sont m\u00eame descendus de Paris pour l\u2019\u00e9v\u00e9nement. Une version artistique qui tourne d\u00e9finitivement court apr\u00e8s les d\u00e9clarations, notamment, de Mamadou Tambadou, qui avoue avoir \u00e9t\u00e9 recrut\u00e9 pour assurer le r\u00f4le de guetteur, un r\u00f4le destin\u00e9 \u00e0 avertir de l\u2019arriv\u00e9e des forces de l\u2019ordre sur un point de deal.<\/p>\n<p class=\"fs-5 \">Outre des tenues similaires retrouv\u00e9es dans un bnb situ\u00e9 non loin du quartier des Moulins, les enqu\u00eateurs mettent la main sur des clich\u00e9s d\u2019armes, l\u2019emballage des opinels, de l\u2019argent.<\/p>\n<p class=\"fs-5 \">Ils d\u00e9couvrent \u00e9galement des discussions Snapchat o\u00f9 un d\u00e9nomm\u00e9 Sicario, nom d\u2019emprunt faisant r\u00e9f\u00e9rence aux cartels, donne ses instructions pour reprendre le point de deal.<\/p>\n<p>                                                                                <strong>\u00ab\u00a0N\u2019oubliez pas les innocents\u00a0\u00bb<\/strong><\/p>\n<p class=\"fs-5 \">\u00ab\u00a0Ce dossier arrive devant le tribunal dans le cadre d\u2019une guerre de narcotrafiquants\u00a0\u00bb, ass\u00e8ne le procureur Anthony Carello.<\/p>\n<p class=\"fs-5 \">Une guerre qui empoisonne ce quartier o\u00f9 les habitants partagent r\u00e9guli\u00e8rement leur exasp\u00e9ration, pris en otage par les bandes rivales.<\/p>\n<p class=\"fs-5 \">Une guerre qui am\u00e8ne son lot de drames comme la mort d\u2019un sexag\u00e9naire et d\u2019un jeune de 20 ans le 3 octobre dernier, des suites d\u2019une fusillade.<\/p>\n<p class=\"fs-5 \">\u00ab\u00a0Tout ce beau monde n\u2019est pas descendu de Paris pour rien\u00a0\u00bb, poursuit le minist\u00e8re public. Et d\u2019interpeller le Tribunal\u00a0: \u00ab\u00a0N\u2019oubliez pas les innocents, les habitants des Moulins\u00a0: ces r\u00e9seaux gangr\u00e8nent notre ville de Nice\u00a0\u00bb.<\/p>\n<p class=\"fs-5 \">Suivant les r\u00e9quisitions du procureur, le Tribunal a d\u00e9clar\u00e9 l\u2019ensemble des pr\u00e9venus coupables des faits qui leur \u00e9taient reproch\u00e9s et les a condamn\u00e9s \u00e0 des peines allant de 2 \u00e0 3 ans d\u2019emprisonnement, certaines assorties d\u2019un sursis probatoire, \u00e0 des amendes de 1.000 euros et l\u2019interdiction de d\u00e9tenir et porter une arme.<\/p>\n<p class=\"fs-5 \">Les pr\u00e9venus venus de Paris ont en outre \u00e9t\u00e9 condamn\u00e9s \u00e0 une interdiction de s\u00e9journer dans les Alpes-Maritimes pendant 5 ans.<\/p>\n","protected":false},"excerpt":{"rendered":"Mardi matin au tribunal correctionnel de Nice, Mehdi Amokrane, Ismal Chaieb, Sidy Mane, Rowan Mendy, Antoine Mady Saoudi,&hellip;\n","protected":false},"author":2,"featured_media":559747,"comment_status":"","ping_status":"","sticky":false,"template":"","format":"standard","meta":{"footnotes":""},"categories":[2819],"tags":[1111,11,1777,674,1011,27,12,2401,882,25],"class_list":{"0":"post-559746","1":"post","2":"type-post","3":"status-publish","4":"format-standard","5":"has-post-thumbnail","7":"category-nice","8":"tag-actu","9":"tag-actualites","10":"tag-eu","11":"tag-europe","12":"tag-fr","13":"tag-france","14":"tag-news","15":"tag-nice","16":"tag-provence-alpes-cote-dazur","17":"tag-republique-francaise"},"share_on_mastodon":{"url":"https:\/\/pubeurope.com\/@fr\/115615562750312910","error":""},"_links":{"self":[{"href":"https:\/\/www.europesays.com\/fr\/wp-json\/wp\/v2\/posts\/559746","targetHints":{"allow":["GET"]}}],"collection":[{"href":"https:\/\/www.europesays.com\/fr\/wp-json\/wp\/v2\/posts"}],"about":[{"href":"https:\/\/www.europesays.com\/fr\/wp-json\/wp\/v2\/types\/post"}],"author":[{"embeddable":true,"href":"https:\/\/www.europesays.com\/fr\/wp-json\/wp\/v2\/users\/2"}],"replies":[{"embeddable":true,"href":"https:\/\/www.europesays.com\/fr\/wp-json\/wp\/v2\/comments?post=559746"}],"version-history":[{"count":0,"href":"https:\/\/www.europesays.com\/fr\/wp-json\/wp\/v2\/posts\/559746\/revisions"}],"wp:featuredmedia":[{"embeddable":true,"href":"https:\/\/www.europesays.com\/fr\/wp-json\/wp\/v2\/media\/559747"}],"wp:attachment":[{"href":"https:\/\/www.europesays.com\/fr\/wp-json\/wp\/v2\/media?parent=559746"}],"wp:term":[{"taxonomy":"category","embeddable":true,"href":"https:\/\/www.europesays.com\/fr\/wp-json\/wp\/v2\/categories?post=559746"},{"taxonomy":"post_tag","embeddable":true,"href":"https:\/\/www.europesays.com\/fr\/wp-json\/wp\/v2\/tags?post=559746"}],"curies":[{"name":"wp","href":"https:\/\/api.w.org\/{rel}","templated":true}]}}