{"id":559748,"date":"2025-11-26T10:37:17","date_gmt":"2025-11-26T10:37:17","guid":{"rendered":"https:\/\/www.europesays.com\/fr\/559748\/"},"modified":"2025-11-26T10:37:17","modified_gmt":"2025-11-26T10:37:17","slug":"nice-maurice-a-du-se-retrousser-les-manches","status":"publish","type":"post","link":"https:\/\/www.europesays.com\/fr\/559748\/","title":{"rendered":"Nice : Maurice a d\u00fb se retrousser les manches"},"content":{"rendered":"<p>le <b>26\/11\/2025<\/b>  \u00e0 <b>10h37<\/b><\/p>\n<p class=\"par1\">L&rsquo;OGC Nice a revu son organisation interne ces derniers jours, avec une mission claire confi\u00e9e \u00e0 Florian Maurice : retisser du lien dans un vestiaire qui s&rsquo;est tendu au fil des r\u00e9sultats. Selon L&rsquo;\u00c9quipe, le directeur sportif reconna\u00eet en priv\u00e9 que son mercato n&rsquo;a pas \u00e9t\u00e9 \u00e0 la hauteur, et que la relation entre certains joueurs et Franck Haise s&rsquo;est fragilis\u00e9e. Mais il refuse l&rsquo;id\u00e9e d&rsquo;une rupture et assure travailler main dans la main avec son entra\u00eeneur.<\/p>\n<p>Toujours d&rsquo;apr\u00e8s le quotidien sportif, Maurice a multipli\u00e9 les face-\u00e0-face avec les joueurs depuis la lourde d\u00e9faite face \u00e0 l&rsquo;Olympique de Marseille (1-5). Objectif : apaiser, remobiliser et r\u00e9affirmer la ligne de conduite du club. Une m\u00e9thode m\u00ealant dialogue et fermet\u00e9, alors que Nice aborde une semaine d\u00e9cisive entre Porto en Ligue Europa et Lorient en Ligue 1. Un moment charni\u00e8re pour mesurer si le groupe peut encore r\u00e9agir&#8230; ou si les signaux sont plus graves qu&rsquo;il n&rsquo;y para\u00eet.<\/p>\n<p>(Par Youcef Touaitia)<\/p>\n","protected":false},"excerpt":{"rendered":"le 26\/11\/2025 \u00e0 10h37 L&rsquo;OGC Nice a revu son organisation interne ces derniers jours, avec une mission claire&hellip;\n","protected":false},"author":2,"featured_media":559749,"comment_status":"","ping_status":"","sticky":false,"template":"","format":"standard","meta":{"footnotes":""},"categories":[2819],"tags":[1111,11,1777,674,1011,27,12,2401,882,25],"class_list":{"0":"post-559748","1":"post","2":"type-post","3":"status-publish","4":"format-standard","5":"has-post-thumbnail","7":"category-nice","8":"tag-actu","9":"tag-actualites","10":"tag-eu","11":"tag-europe","12":"tag-fr","13":"tag-france","14":"tag-news","15":"tag-nice","16":"tag-provence-alpes-cote-dazur","17":"tag-republique-francaise"},"share_on_mastodon":{"url":"https:\/\/pubeurope.com\/@fr\/115615566820349805","error":""},"_links":{"self":[{"href":"https:\/\/www.europesays.com\/fr\/wp-json\/wp\/v2\/posts\/559748","targetHints":{"allow":["GET"]}}],"collection":[{"href":"https:\/\/www.europesays.com\/fr\/wp-json\/wp\/v2\/posts"}],"about":[{"href":"https:\/\/www.europesays.com\/fr\/wp-json\/wp\/v2\/types\/post"}],"author":[{"embeddable":true,"href":"https:\/\/www.europesays.com\/fr\/wp-json\/wp\/v2\/users\/2"}],"replies":[{"embeddable":true,"href":"https:\/\/www.europesays.com\/fr\/wp-json\/wp\/v2\/comments?post=559748"}],"version-history":[{"count":0,"href":"https:\/\/www.europesays.com\/fr\/wp-json\/wp\/v2\/posts\/559748\/revisions"}],"wp:featuredmedia":[{"embeddable":true,"href":"https:\/\/www.europesays.com\/fr\/wp-json\/wp\/v2\/media\/559749"}],"wp:attachment":[{"href":"https:\/\/www.europesays.com\/fr\/wp-json\/wp\/v2\/media?parent=559748"}],"wp:term":[{"taxonomy":"category","embeddable":true,"href":"https:\/\/www.europesays.com\/fr\/wp-json\/wp\/v2\/categories?post=559748"},{"taxonomy":"post_tag","embeddable":true,"href":"https:\/\/www.europesays.com\/fr\/wp-json\/wp\/v2\/tags?post=559748"}],"curies":[{"name":"wp","href":"https:\/\/api.w.org\/{rel}","templated":true}]}}