{"id":559750,"date":"2025-11-26T10:38:20","date_gmt":"2025-11-26T10:38:20","guid":{"rendered":"https:\/\/www.europesays.com\/fr\/559750\/"},"modified":"2025-11-26T10:38:20","modified_gmt":"2025-11-26T10:38:20","slug":"suspecte-de-violences-un-couple-avait-enleve-son-enfant-dans-la-famille-de-loire-atlantique-ou-il-etait-place","status":"publish","type":"post","link":"https:\/\/www.europesays.com\/fr\/559750\/","title":{"rendered":"Suspect\u00e9 de violences, un couple avait enlev\u00e9 son enfant dans la famille de Loire-Atlantique o\u00f9 il \u00e9tait plac\u00e9"},"content":{"rendered":"<p>                    Par<br \/>\n        <strong><br \/>\n            <a href=\"https:\/\/actu.fr\/auteur\/laurent-fortin\" title=\"Consulter tous les articles de Laurent Fortin\" target=\"_blank\" rel=\"noopener\">Laurent Fortin<\/a><br \/>\n                    <\/strong><\/p>\n<p>        Publi\u00e9 le<\/p>\n<p>            26 nov. 2025 \u00e0 8h19        <\/p>\n<p>Cet enfant, n\u00e9 pr\u00e9matur\u00e9 et hospitalis\u00e9 \u00e0 trois reprises depuis sa naissance, avait \u00e9t\u00e9 <b>plac\u00e9 en famille d\u2019accueil le 31\u00a0juillet 2018<\/b> apr\u00e8s qu\u2019un <b>signalement pour \u00ab\u2009maltraitance\u2009\u00bb avait \u00e9t\u00e9 effectu\u00e9<\/b> lors de sa derni\u00e8re hospitalisation, <b>le 17\u00a0juillet 2018<\/b>, pour une \u00ab\u2009<b>raideur de la jambe droite<\/b> accompagn\u00e9e de fi\u00e8vre\u2009\u00bb. Il pr\u00e9sentait alors <b>\u00ab\u2009dix fractures des c\u00f4tes\u2009\u00bb <\/b>et <b>des \u00ab\u2009h\u00e9matomes\u2009\u00bb<\/b> qui laissaient pr\u00e9sager d\u2019un <b>\u00ab\u2009choc non accidentel\u2009\u00bb.<\/b><\/p>\n<p>Retrouv\u00e9 entre la Hongrie et la Roumanie<\/p>\n<p class=\" wall-content\">Apr\u00e8s de premiers mois de placement \u00ab\u2009satisfaisants\u2009\u00bb dans cette famille de <a href=\"https:\/\/actu.fr\/pays-de-la-loire\/basse-goulaine_44009\" target=\"_blank\" rel=\"noopener\"><b>Basse-Goulaine<\/b><\/a>, selon les services de <a href=\"https:\/\/www.loire-atlantique.fr\/44\/tous-vos-contacts\/unite-aide-sociale-a-l-enfance-ase-de-la-delegation-nantes\/c_1209715\" target=\"_blank\" rel=\"noopener\">l\u2019Aide sociale \u00e0 l\u2019enfance<\/a> (ASE) de Loire-Atlantique,<b> ses parents avaient \u00ab\u2009soustrait\u2009\u00bb le petit gar\u00e7on \u00e0 sa famille d\u2019accueil le 9\u00a0janvier 2019 alors qu\u2019ils exer\u00e7aient leur \u00ab\u2009droit de visite\u2009\u00bb<\/b>. L\u2019enfant avait finalement \u00e9t\u00e9<b> retrouv\u00e9 quatre jours plus tard \u00e0 la fronti\u00e8re entre la Hongrie et la Roumanie.<\/b><b\/><\/p>\n<p class=\" wall-content\">Entendu par les gendarmes, le couple qui r\u00e9sidait \u00e0 l\u2019\u00e9poque des faits au <b>camp rom de <a href=\"https:\/\/actu.fr\/pays-de-la-loire\/vertou_44215\" target=\"_blank\" rel=\"noopener\">Vertou<\/a>,<\/b> avait assur\u00e9 \u00ab\u2009ne pas savoir\u2009\u00bb d\u2019o\u00f9 venaient les fractures de leur fils et avaient <b>d\u00e9menti avoir exerc\u00e9 toute \u00ab\u2009violence\u2009\u00bb.<\/b> la structure d\u2019aide \u00e0 l\u2019enfance avait pourtant constat\u00e9 que<b> le p\u00e8re pr\u00e9sentait un \u00ab\u2009comportement parfois brusque\u2009\u00bb<\/b> envers son fils a\u00een\u00e9, alors \u00e2g\u00e9 de deux ans.<\/p>\n<p>Aucune nouvelle de l\u2019enfant depuis 2022<\/p>\n<p class=\" wall-content\">Aujourd\u2019hui \u00e2g\u00e9s de<b> 30\u00a0ans et 28\u00a0ans,<\/b> ils n\u2019ont <b>pas fait le d\u00e9placement au tribunal correctionnel de Nantes<\/b> pour l\u2019audience\u2009: ils <b>r\u00e9sident en effet en Belgique depuis 2020<\/b>. Un <b>mandat d\u2019arr\u00eat europ\u00e9en<\/b> a d\u2019ailleurs \u00e9t\u00e9 d\u00e9livr\u00e9 \u00e0 leur encontre <b>en janvier\u00a02021.<\/b><\/p>\n<p class=\" wall-content\">Pour leur avocat, Wenceslas Ference, le couple \u2013 qui a depuis eu un troisi\u00e8me enfant \u2013 a eu<b> peur que son fils soit \u00ab\u2009adopt\u00e9\u2009\u00bb<\/b> par sa famille d\u2019accueil et donc de le \u00ab\u2009perdre d\u00e9finitivement\u2009\u00bb. Les <b>services sociaux n\u2019ont aucune nouvelle du petit gar\u00e7on depuis 2022.<\/b><\/p>\n<p>Votre r\u00e9gion, votre actu !<\/p>\n<p>Recevez chaque jour les infos qui comptent pour vous.<\/p>\n<p>\t<a href=\"https:\/\/actu.fr\/newsletter\" class=\"ac-btn ac-btn--corner ac-btn--medium ac-btn--blue800\" target=\"_blank\" rel=\"noopener\">S&rsquo;incrire<\/a><\/p>\n<p class=\" wall-content\">Reste que les <b>violences exerc\u00e9es \u00e0 son encontre <\/b>sont \u00ab\u2009de nature grave\u2009\u00bb, a recadr\u00e9 le procureur de la R\u00e9publique lors de l\u2019audience. L\u2019enfant courait \u00e0 l\u2019\u00e9poque des faits un <b>\u00ab\u2009danger vital\u2009\u00bb s\u2019il retournait vivre chez ses parents.<\/b><\/p>\n<p class=\" wall-content\">Le repr\u00e9sentant du minist\u00e8re public a point\u00e9 la \u00ab\u2009coresponsabilit\u00e9\u2009\u00bb de ces derniers, qu<b>i avaient \u00ab\u2009pr\u00e9m\u00e9dit\u00e9\u2009\u00bb l\u2019enl\u00e8vement.<\/b>\u00a0Il a requis \u00e0 leur encontre <b>deux ans de prison avec sursis.<\/b> Le tribunal l\u2019a suivi\u2009: ils <b>devront \u00e9galement verser 5\u2009000\u00a0\u20ac au titre du \u00ab\u2009pr\u00e9judice\u2009\u00bb subi par leur enfant.<\/b><\/p>\n<p class=\" wall-content\">Personnalisez votre actualit\u00e9 en ajoutant vos villes et m\u00e9dias en favori avec <a href=\"https:\/\/moncompte.actu.fr\" title=\"D\u00e9couvez Mon Actu\" rel=\"nofollow noopener\" data-trk=\"{&quot;cta&quot;:{&quot;action&quot;:&quot;https:\\\/\\\/moncompte.actu.fr&quot;,&quot;category&quot;:&quot;mon compte&quot;,&quot;from&quot;:&quot;article footer&quot;,&quot;name&quot;:&quot;Mon actu&quot;,&quot;type&quot;:&quot;cta&quot;}}\" target=\"_blank\">Mon Actu<\/a>.<\/p>\n","protected":false},"excerpt":{"rendered":"Par Laurent Fortin Publi\u00e9 le 26 nov. 2025 \u00e0 8h19 Cet enfant, n\u00e9 pr\u00e9matur\u00e9 et hospitalis\u00e9 \u00e0 trois&hellip;\n","protected":false},"author":2,"featured_media":559751,"comment_status":"","ping_status":"","sticky":false,"template":"","format":"standard","meta":{"footnotes":""},"categories":[2818],"tags":[1111,11,1719,1777,674,118,1011,27,303,766,12,2636,25,2900],"class_list":{"0":"post-559750","1":"post","2":"type-post","3":"status-publish","4":"format-standard","5":"has-post-thumbnail","7":"category-nantes","8":"tag-actu","9":"tag-actualites","10":"tag-enfants","11":"tag-eu","12":"tag-europe","13":"tag-faits-divers","14":"tag-fr","15":"tag-france","16":"tag-justice","17":"tag-nantes","18":"tag-news","19":"tag-pays-de-la-loire","20":"tag-republique-francaise","21":"tag-vignoble-nantais"},"share_on_mastodon":{"url":"https:\/\/pubeurope.com\/@fr\/115615570714617871","error":""},"_links":{"self":[{"href":"https:\/\/www.europesays.com\/fr\/wp-json\/wp\/v2\/posts\/559750","targetHints":{"allow":["GET"]}}],"collection":[{"href":"https:\/\/www.europesays.com\/fr\/wp-json\/wp\/v2\/posts"}],"about":[{"href":"https:\/\/www.europesays.com\/fr\/wp-json\/wp\/v2\/types\/post"}],"author":[{"embeddable":true,"href":"https:\/\/www.europesays.com\/fr\/wp-json\/wp\/v2\/users\/2"}],"replies":[{"embeddable":true,"href":"https:\/\/www.europesays.com\/fr\/wp-json\/wp\/v2\/comments?post=559750"}],"version-history":[{"count":0,"href":"https:\/\/www.europesays.com\/fr\/wp-json\/wp\/v2\/posts\/559750\/revisions"}],"wp:featuredmedia":[{"embeddable":true,"href":"https:\/\/www.europesays.com\/fr\/wp-json\/wp\/v2\/media\/559751"}],"wp:attachment":[{"href":"https:\/\/www.europesays.com\/fr\/wp-json\/wp\/v2\/media?parent=559750"}],"wp:term":[{"taxonomy":"category","embeddable":true,"href":"https:\/\/www.europesays.com\/fr\/wp-json\/wp\/v2\/categories?post=559750"},{"taxonomy":"post_tag","embeddable":true,"href":"https:\/\/www.europesays.com\/fr\/wp-json\/wp\/v2\/tags?post=559750"}],"curies":[{"name":"wp","href":"https:\/\/api.w.org\/{rel}","templated":true}]}}