{"id":559756,"date":"2025-11-26T10:41:25","date_gmt":"2025-11-26T10:41:25","guid":{"rendered":"https:\/\/www.europesays.com\/fr\/559756\/"},"modified":"2025-11-26T10:41:25","modified_gmt":"2025-11-26T10:41:25","slug":"a-deux-pas-de-bordeaux-ce-village-girondin-seduit-par-son-marche-de-noel-artisanal","status":"publish","type":"post","link":"https:\/\/www.europesays.com\/fr\/559756\/","title":{"rendered":"\u00c0 deux pas de Bordeaux, ce village girondin s\u00e9duit par son march\u00e9 de No\u00ebl artisanal"},"content":{"rendered":"<p>Je vous emm\u00e8ne d\u00e9couvrir <strong>Saint-\u00c9milion<\/strong>, ce joyau m\u00e9di\u00e9val de la Gironde qui se transforme chaque d\u00e9cembre en village f\u00e9erique. Situ\u00e9 \u00e0 seulement 35 kilom\u00e8tres de Bordeaux, ce site class\u00e9 au patrimoine mondial de l\u2019UNESCO r\u00e9v\u00e8le durant les f\u00eates de fin d\u2019ann\u00e9e un charme particulier qui me int\u00e9resse \u00e0 chaque visite.<\/p>\n<p>Les ruelles pav\u00e9es se parent de guirlandes lumineuses tandis que l\u2019odeur du vin chaud embaume l\u2019atmosph\u00e8re. J\u2019ai eu la chance de parcourir ce <strong>march\u00e9 de No\u00ebl authentique<\/strong> qui se d\u00e9marque par son caract\u00e8re artisanal et sa dimension humaine, loin des foules bordelaises.<\/p>\n<p>Un march\u00e9 de No\u00ebl artisanal au c\u0153ur du patrimoine m\u00e9di\u00e9val<\/p>\n<p>Le <strong>march\u00e9 de No\u00ebl de Saint-\u00c9milion<\/strong> s\u2019installe traditionnellement sur la place du March\u00e9 et dans les ruelles adjacentes. Je suis toujours \u00e9mue par cette mise en sc\u00e8ne naturelle o\u00f9 les chalets en bois c\u00f4toient les fa\u00e7ades de pierre blonde du XIIe si\u00e8cle. L\u2019\u00e9glise monolithe, taill\u00e9e \u00e0 m\u00eame la roche, offre un d\u00e9cor saisissant que peu de march\u00e9s de No\u00ebl peuvent revendiquer.<\/p>\n<p>Les artisans locaux proposent leurs cr\u00e9ations dans une ambiance chaleureuse. J\u2019y ai d\u00e9couvert des potiers, des verriers et des cr\u00e9ateurs de bijoux qui travaillent sous vos yeux. Cette authenticit\u00e9 artisanale distingue Saint-\u00c9milion des march\u00e9s commerciaux classiques. Les enfants peuvent m\u00eame participer \u00e0 des ateliers cr\u00e9atifs organis\u00e9s dans la cour de l\u2019ancien clo\u00eetre.<\/p>\n<p>Voici les sp\u00e9cialit\u00e9s artisanales que j\u2019affectionne particuli\u00e8rement :<\/p>\n<ul class=\"wp-block-list\">\n<li>Santons de Provence r\u00e9alis\u00e9s par un artisan install\u00e9 depuis quinze ans<\/li>\n<li>Confitures maison aux fruits du P\u00e9rigord limitrophe<\/li>\n<li>Bougies parfum\u00e9es aux essences de pin et de cannelle<\/li>\n<li>Objets en bois sculpt\u00e9 provenant des for\u00eats girondines<\/li>\n<li>Chocolats artisanaux infus\u00e9s aux vins de Saint-\u00c9milion<\/li>\n<\/ul>\n<p>Gastronomie locale et vins d\u2019exception durant les f\u00eates<\/p>\n<p>La <strong>gastronomie de Saint-\u00c9milion<\/strong> durant les festivit\u00e9s de No\u00ebl m\u00e9rite le d\u00e9tour. Je recommande vivement de go\u00fbter aux sp\u00e9cialit\u00e9s hivernales propos\u00e9es par les restaurateurs du village. Les macarons de Saint-\u00c9milion, cette p\u00e2tisserie locale vieille de plusieurs si\u00e8cles, se d\u00e9clinent en version chocolat chaud durant le march\u00e9.<\/p>\n<p>Les <strong>vignerons locaux<\/strong> ouvrent leurs caves pour des d\u00e9gustations exceptionnelles. J\u2019ai eu l\u2019occasion de rencontrer des propri\u00e9taires passionn\u00e9s qui racontent l\u2019histoire de leurs domaines familiaux. Le contraste entre la fra\u00eecheur hivernale et la chaleur des chais cr\u00e9e une atmosph\u00e8re particuli\u00e8rement conviviale.<\/p>\n<tr>Sp\u00e9cialit\u00e9Prix moyenP\u00e9riode de d\u00e9gustation<\/tr>\n<tr>\n<td>Vin chaud aux \u00e9pices<\/td>\n<td>4-6 \u20ac<\/td>\n<td>Tout l\u2019apr\u00e8s-midi<\/td>\n<\/tr>\n<tr>\n<td>Hu\u00eetres d\u2019Arcachon<\/td>\n<td>12-15 \u20ac la douzaine<\/td>\n<td>Vendredi et weekend<\/td>\n<\/tr>\n<tr>\n<td>Macarons de Saint-\u00c9milion<\/td>\n<td>2-3 \u20ac l\u2019unit\u00e9<\/td>\n<td>En permanence<\/td>\n<\/tr>\n<tr>\n<td>Foie gras du P\u00e9rigord<\/td>\n<td>25-35 \u20ac les 100g<\/td>\n<td>Sur commande<\/td>\n<\/tr>\n<p>Informations pratiques pour visiter ce village girondin festif<\/p>\n<p><img fetchpriority=\"high\" decoding=\"async\" width=\"1024\" height=\"683\" src=\"data:image\/svg+xml,%3Csvg%20xmlns=\" http:=\"\" alt=\"Un vignoble est situ\u00e9 devant un village avec des b\u00e2timents historiques et une \u00e9glise, entour\u00e9 d'une verdure luxuriante et d'arbres sous un ciel bleu clair.\" class=\"wp-image-35240\" data-lazy- data-lazy- data-lazy-src=\"https:\/\/www.europesays.com\/fr\/wp-content\/uploads\/2025\/11\/saint-emilion-vignes-1-1024x683.jpg\"\/>Un vignoble est situ\u00e9 devant un village avec des b\u00e2timents historiques et une \u00e9glise, entour\u00e9 d\u2019une verdure luxuriante et d\u2019arbres sous un ciel bleu clair.<\/p>\n<p>Le <strong>march\u00e9 de No\u00ebl de Saint-\u00c9milion<\/strong> se d\u00e9roule g\u00e9n\u00e9ralement les trois premiers weekends de d\u00e9cembre. Je conseille de vous y rendre le samedi matin pour profiter de l\u2019animation \u00e0 son maximum. Le stationnement gratuit se trouve en p\u00e9riph\u00e9rie du village, avec une navette mise en place durant les weekends de forte affluence.<\/p>\n<p>L\u2019acc\u00e8s depuis Bordeaux s\u2019effectue facilement par la D936 en quarante minutes environ. Je privil\u00e9gie toujours le train TER qui dessert la gare de Saint-\u00c9milion, permettant d\u2019\u00e9viter les probl\u00e8mes de stationnement tout en profitant des paysages viticoles durant le trajet.<\/p>\n<p>Pour une exp\u00e9rience compl\u00e8te, je recommande de r\u00e9server une chambre d\u2019h\u00f4tes dans le village m\u00eame. Plusieurs \u00e9tablissements proposent des forfaits d\u00e9couverte incluant la visite des caves et la d\u00e9gustation des vins locaux. Cette immersion totale dans l\u2019atmosph\u00e8re m\u00e9di\u00e9vale et festive de Saint-\u00c9milion transforme une simple visite en v\u00e9ritable escapade gourmande.<\/p>\n<p><img loading=\"lazy\" decoding=\"async\" src=\"data:image\/svg+xml,%3Csvg%20xmlns=\" http:=\"\" width=\"100\" height=\"100\" alt=\"Anne-Sophie\" itemprop=\"image\" data-lazy-src=\"https:\/\/www.europesays.com\/fr\/wp-content\/uploads\/2025\/06\/Anne-Sophie.jpg\"\/><\/p>\n<p>Je m\u2019appelle Anne-Sophie et je suis la madame voyage en France de carr\u00e9 d\u2019info !<br \/>Exploratrice boh\u00e8me passionn\u00e9e de d\u00e9couvertes. Ma\u00eetrise l\u2019art de d\u00e9nicher les tr\u00e9sors cach\u00e9s des villes et des villages de France .<br \/>Je sait capturer l\u2019essence des lieux en photographies et j\u2019adore vous emmener avec moi pour profiter de notre magnifique pays \ud83d\ude42<\/p>\n","protected":false},"excerpt":{"rendered":"Je vous emm\u00e8ne d\u00e9couvrir Saint-\u00c9milion, ce joyau m\u00e9di\u00e9val de la Gironde qui se transforme chaque d\u00e9cembre en village&hellip;\n","protected":false},"author":2,"featured_media":559757,"comment_status":"","ping_status":"","sticky":false,"template":"","format":"standard","meta":{"footnotes":""},"categories":[2817],"tags":[1111,11,1997,1777,674,1011,27,36053,67677,67678,12,2219,25,33919,67679,67680],"class_list":{"0":"post-559756","1":"post","2":"type-post","3":"status-publish","4":"format-standard","5":"has-post-thumbnail","7":"category-bordeaux","8":"tag-actu","9":"tag-actualites","10":"tag-bordeaux","11":"tag-eu","12":"tag-europe","13":"tag-fr","14":"tag-france","15":"tag-marche-de-noel","16":"tag-marche-de-noel-artisanal","17":"tag-marche-de-noel-de-saint-emilion","18":"tag-news","19":"tag-nouvelle-aquitaine","20":"tag-republique-francaise","21":"tag-saint-emilion","22":"tag-village-feerique","23":"tag-village-feerique-de-saint-emilion"},"share_on_mastodon":{"url":"https:\/\/pubeurope.com\/@fr\/115615582454300177","error":""},"_links":{"self":[{"href":"https:\/\/www.europesays.com\/fr\/wp-json\/wp\/v2\/posts\/559756","targetHints":{"allow":["GET"]}}],"collection":[{"href":"https:\/\/www.europesays.com\/fr\/wp-json\/wp\/v2\/posts"}],"about":[{"href":"https:\/\/www.europesays.com\/fr\/wp-json\/wp\/v2\/types\/post"}],"author":[{"embeddable":true,"href":"https:\/\/www.europesays.com\/fr\/wp-json\/wp\/v2\/users\/2"}],"replies":[{"embeddable":true,"href":"https:\/\/www.europesays.com\/fr\/wp-json\/wp\/v2\/comments?post=559756"}],"version-history":[{"count":0,"href":"https:\/\/www.europesays.com\/fr\/wp-json\/wp\/v2\/posts\/559756\/revisions"}],"wp:featuredmedia":[{"embeddable":true,"href":"https:\/\/www.europesays.com\/fr\/wp-json\/wp\/v2\/media\/559757"}],"wp:attachment":[{"href":"https:\/\/www.europesays.com\/fr\/wp-json\/wp\/v2\/media?parent=559756"}],"wp:term":[{"taxonomy":"category","embeddable":true,"href":"https:\/\/www.europesays.com\/fr\/wp-json\/wp\/v2\/categories?post=559756"},{"taxonomy":"post_tag","embeddable":true,"href":"https:\/\/www.europesays.com\/fr\/wp-json\/wp\/v2\/tags?post=559756"}],"curies":[{"name":"wp","href":"https:\/\/api.w.org\/{rel}","templated":true}]}}