{"id":559760,"date":"2025-11-26T10:43:12","date_gmt":"2025-11-26T10:43:12","guid":{"rendered":"https:\/\/www.europesays.com\/fr\/559760\/"},"modified":"2025-11-26T10:43:12","modified_gmt":"2025-11-26T10:43:12","slug":"une-aide-unique-en-france-en-haute-garonne","status":"publish","type":"post","link":"https:\/\/www.europesays.com\/fr\/559760\/","title":{"rendered":"une aide \u00ab\u00a0unique en France\u00a0\u00bb en Haute-Garonne"},"content":{"rendered":"<p>                    Par<br \/>\n        <strong><br \/>\n            <a href=\"https:\/\/actu.fr\/auteur\/marie-lamarque\" title=\"Consulter tous les articles de Marie Lamarque\" target=\"_blank\" rel=\"noopener\">Marie Lamarque<\/a><br \/>\n                    <\/strong><\/p>\n<p>        Publi\u00e9 le<\/p>\n<p>            26 nov. 2025 \u00e0 11h26        <\/p>\n<p>Apr\u00e8s <strong>les \u00ab\u00a0Bons taxi\u00a0\u00bb<\/strong> \u2013 ce dispositif qui offre un transport d\u2019urgence aux<strong> femmes victimes de violences conjugales<\/strong> \u2013 le D\u00e9partement lance <strong>un nouveau service, \u00e9galement \u00ab\u00a0unique en France\u00a0\u00bb<\/strong>, souligne le pr\u00e9sident <strong>S\u00e9bastien Vincini : une brigade de garde mobile<\/strong>. Elle permet \u00e0 ces femmes <a href=\"https:\/\/actu.fr\/societe\/haute-garonne-les-meres-victimes-de-violences-conjugales-peuvent-confier-leurs-enfants-a-cette-garde_62475648.html\" target=\"_blank\" rel=\"noopener\">de prendre en charge leurs enfants<\/a>, le temps qu\u2019elles effectuent leurs d\u00e9marches administratives, comme un d\u00e9p\u00f4t de plainte. <strong>Un service assur\u00e9 sur tout le territoire de la Haute-Garonne<\/strong>, bien que port\u00e9 par une association toulousaine : <strong>L\u2019Enfanfare<\/strong>.<br \/>Constance* a quitt\u00e9 son domicile et son conjoint violent il y a six ans. Maman d\u2019un petit gar\u00e7on qui n\u2019avait que quatre ans et demi \u00e0 l\u2019\u00e9poque, elle aurait aim\u00e9 profiter de ce service. \u00ab\u00a0Il m\u2019aurait permis de reculer d\u2019un an mon d\u00e9part\u00a0\u00bb, explique-t-elle. Pour <a href=\"https:\/\/actu.fr\/toulouse\/\" target=\"_blank\" rel=\"noopener\">Actu Toulouse<\/a>, elle a accept\u00e9 de t\u00e9moigner.<\/p>\n<p>\u00ab\u00a0Un jour, je me suis regard\u00e9e dans la glace\u00a0\u00bb<\/p>\n<p class=\" wall-content\">\u00ab\u00a0<strong>Je suis partie parce que j\u2019avais mon fils<\/strong>. La force, je l\u2019ai eue par instinct maternel. Un jour, je me suis regard\u00e9e dans la glace et je me suis dit : \u2018c\u2019est \u00e7a que tu veux offrir comme image de l\u2019amour, comme image du couple, comme image de la m\u00e8re ?\u2019. \u00c7a m\u2019a donn\u00e9 une force pour ouvrir les yeux\u00a0\u00bb.<\/p>\n<p class=\" wall-content\">Avec \u00e9motion, Constance* se replonge six ans en arri\u00e8re. Elle voit en ce service de garde \u00ab\u00a0<strong>une bou\u00e9e de sauvetage<\/strong>\u00ab\u00a0. \u00ab\u00a0Quand on est victime, on a besoin d\u2019aide. <strong>On se sent isol\u00e9, traqu\u00e9<\/strong>. On ne sait pas en qui on peut faire confiance. On a trop honte pour en parler \u00e0 sa famille. Apr\u00e8s plusieurs ann\u00e9es de vie partag\u00e9es, on a des amis qui sont communs. Et sans m\u2019en rendre compte, je m\u2019\u00e9tais isol\u00e9e moi-m\u00eame des gens les plus s\u00fbrs\u00a0\u00bb, souligne-t-elle.<\/p>\n<p>\u00ab\u00a0Cela permet d\u2019agir plus vite\u00a0\u00bb<\/p>\n<p class=\" wall-content\">Se tourner vers une association, \u00ab\u00a0c\u2019est plus facile, on perd moins de temps. Quand on a des enfants, on ne veut pas rajouter du stress au stress\u00a0\u00bb. Constance* s\u2019estime chanceuse. Elle avait pu solliciter \u00ab\u00a0trois amis de confiance qui ont \u00e9t\u00e9 un relais\u00a0\u00bb.<\/p>\n<p class=\" wall-content\">Avec ce nouveau service, les femmes sauront que leurs enfants restent pr\u00e8s d\u2019eux, le temps de cette garde. \u00ab\u00a0Il n\u2019y a pas la peur que le p\u00e8re puisse les retrouver, par exemple. Cela permet aussi d\u2019agir plus vite, de <strong>faire constater les blessures avant qu\u2019elles ne disparaissent<\/strong>.\u00a0\u00bb<\/p>\n<p>Un sac \u00e9quip\u00e9 pour se tenir pr\u00eat<\/p>\n<p class=\" wall-content\">Depuis 2008, L\u2019Enfanfare propose garde et accueil \u00e0 domicile aupr\u00e8s de familles monoparentales ou en difficult\u00e9. En moyenne,<strong> elle aide 150 familles et 200 enfants par an<\/strong>.<\/p>\n<p class=\" wall-content\"><strong>La\u00efla<\/strong>, \u00e9ducatrice sp\u00e9cialis\u00e9e, fait partie des huit volontaires pour <strong>constituer \u00ab\u00a0la petite brigade\u00a0\u00bb<\/strong> comme elle l\u2019appelle. Munie de son sac \u00e0 dos, elle se tient pr\u00eate en cas d\u2019intervention.<\/p>\n<p>Votre r\u00e9gion, votre actu !<\/p>\n<p>Recevez chaque jour les infos qui comptent pour vous.<\/p>\n<p>\t<a href=\"https:\/\/actu.fr\/newsletter\" class=\"ac-btn ac-btn--corner ac-btn--medium ac-btn--blue800\" target=\"_blank\" rel=\"noopener\">S&rsquo;incrire<\/a><\/p>\n<p class=\" wall-content\">\u00c0 l\u2019int\u00e9rieur, livres, trousse de premiers secours, couverture, peluche, mais aussi des crayons de couleur, de la p\u00e2te \u00e0 modeler\u2026 \u00ab\u00a0Des objets qui aident l\u2019enfant \u00e0 s\u2019exprimer, m\u00eame s\u2019il ne parle pas\u00a0\u00bb, explique l\u2019association toulousaine. \u00ab\u00a0J\u2019ai aussi mes propres outils \u00e9ducatifs. En fonction de l\u2019\u00e2ge et du profil de l\u2019enfant, je peux compl\u00e9ter\u00a0\u00bb, ajoute La\u00efla.<\/p>\n<p>    <img   decoding=\"async\" loading=\"lazy\" src=\"https:\/\/www.europesays.com\/fr\/wp-content\/uploads\/2025\/11\/toulouse-service-garde-violences-femmes-960x640.jpg\" alt=\"Dans le sac d'intervention, diff\u00e9rents mat\u00e9riels, comme des crayons de couleur.\" width=\"960\" height=\"640\"\/><br \/>\n    Dans le sac d\u2019intervention, diff\u00e9rents mat\u00e9riels, comme des crayons de couleur. (\u00a9Marie Lamarque \/ Actu Toulouse)\u00ab\u00a0Cr\u00e9er une bulle\u00a0\u00bb de s\u00e9curit\u00e9 pour l\u2019enfant<\/p>\n<p class=\" wall-content\">Pour elle, il ne s\u2019agit pas d\u2019un simple service de garde. Car elle se d\u00e9place directement sur le lieu administratif o\u00f9 se rend la victime : un commissariat par exemple. Des espaces g\u00e9n\u00e9ralement peu adapt\u00e9s pour les enfants. Pour les professionnelles, \u00ab\u00a0qui sont toutes certifi\u00e9es\u00a0\u00bb, insiste L\u2019Enfanfare, tout l\u2019enjeu est de \u00ab\u00a0<strong>cr\u00e9er une bulle pour donner un sentiment de s\u00e9curit\u00e9<\/strong>\u00ab\u00a0. \u00ab\u00a0Il faut aider l\u2019enfant \u00e0 poser des mots sur ce qu\u2019il se passe, l\u2019accompagner, d\u00e9dramatiser\u00a0\u00bb, t\u00e9moigne La\u00efla.<\/p>\n<p class=\" wall-content\">Pour profiter du service, les victimes doivent prendre contact avec une assistante sociale d\u2019une Maison des solidarit\u00e9s. Le d\u00e9lai de r\u00e9ponse peut varier <strong>de 48 heures \u00e0 une semaine<\/strong> en fonction du lieu de l\u2019intervention (Toulouse, Toulouse M\u00e9tropole ou ailleurs dans le d\u00e9partement). \u00ab\u00a0On intervient aupr\u00e8s d\u2019enfants de tous \u00e2ges, avec handicap ou non\u00a0\u00bb, pr\u00e9cise L\u2019Enfanfare.<\/p>\n<p>Trois f\u00e9minicides chaque ann\u00e9e en Haute-Garonne<\/p>\n<p class=\" wall-content\">L\u2019id\u00e9e de ces brigades sp\u00e9ciales est n\u00e9e \u00e0 la suite du <a href=\"https:\/\/actu.fr\/occitanie\/toulouse_31555\/une-femme-sur-six-est-victime-de-violences-conjugales-en-haute-garonne_61934951.html\" target=\"_blank\" rel=\"noopener\">rapport dress\u00e9 par l\u2019observatoire d\u00e9partemental des violences faites aux femmes<\/a>, cr\u00e9e en 2021. Ses conclusions sont \u00ab\u00a0gla\u00e7antes\u00a0\u00bb, souligne S\u00e9bastien Vincini : en Haute-Garonne, <strong>trois f\u00e9minicides sont commis chaque ann\u00e9e<\/strong> et <strong>une femme sur six est victime de violences conjugales<\/strong>. \u00ab\u00a0Il faut s\u2019attaquer frontalement \u00e0 ce fl\u00e9au. 80% des f\u00e9minicides sont commis par un conjoint ou ex-conjoint\u00a0\u00bb, ajoute le pr\u00e9sident.<\/p>\n<p class=\" wall-content\">Comme pour les \u00ab\u00a0Bons taxi\u00a0\u00bb qui, en un an et demi, ont assur\u00e9 <strong>400 transports<\/strong>, S\u00e9bastien Vincini redoute le succ\u00e8s de ce nouveau service. Pour un co\u00fbt de 15 000 euros, cofinanc\u00e9 par le D\u00e9partement et l\u2019\u00c9tat, la brigade de garde mobile est un dispositif p\u00e9renne. \u00ab\u00a0Tant qu\u2019il y aura des femmes victimes de violences, il sera maintenu\u00a0\u00bb, souligne le pr\u00e9sident.<\/p>\n<p>*pr\u00e9nom d\u2019emprunt<\/p>\n<p class=\" wall-content\">Personnalisez votre actualit\u00e9 en ajoutant vos villes et m\u00e9dias en favori avec <a href=\"https:\/\/moncompte.actu.fr\" title=\"D\u00e9couvez Mon Actu\" rel=\"nofollow noopener\" data-trk=\"{&quot;cta&quot;:{&quot;action&quot;:&quot;https:\\\/\\\/moncompte.actu.fr&quot;,&quot;category&quot;:&quot;mon compte&quot;,&quot;from&quot;:&quot;article footer&quot;,&quot;name&quot;:&quot;Mon actu&quot;,&quot;type&quot;:&quot;cta&quot;}}\" target=\"_blank\">Mon Actu<\/a>.<\/p>\n","protected":false},"excerpt":{"rendered":"Par Marie Lamarque Publi\u00e9 le 26 nov. 2025 \u00e0 11h26 Apr\u00e8s les \u00ab\u00a0Bons taxi\u00a0\u00bb \u2013 ce dispositif qui&hellip;\n","protected":false},"author":2,"featured_media":559761,"comment_status":"","ping_status":"","sticky":false,"template":"","format":"standard","meta":{"footnotes":""},"categories":[2816],"tags":[1111,11,1777,674,1011,27,12,2680,25,104,2312,798],"class_list":{"0":"post-559760","1":"post","2":"type-post","3":"status-publish","4":"format-standard","5":"has-post-thumbnail","7":"category-toulouse","8":"tag-actu","9":"tag-actualites","10":"tag-eu","11":"tag-europe","12":"tag-fr","13":"tag-france","14":"tag-news","15":"tag-occitanie","16":"tag-republique-francaise","17":"tag-societe","18":"tag-toulouse","19":"tag-violences-conjugales"},"share_on_mastodon":{"url":"https:\/\/pubeurope.com\/@fr\/115615591675147807","error":""},"_links":{"self":[{"href":"https:\/\/www.europesays.com\/fr\/wp-json\/wp\/v2\/posts\/559760","targetHints":{"allow":["GET"]}}],"collection":[{"href":"https:\/\/www.europesays.com\/fr\/wp-json\/wp\/v2\/posts"}],"about":[{"href":"https:\/\/www.europesays.com\/fr\/wp-json\/wp\/v2\/types\/post"}],"author":[{"embeddable":true,"href":"https:\/\/www.europesays.com\/fr\/wp-json\/wp\/v2\/users\/2"}],"replies":[{"embeddable":true,"href":"https:\/\/www.europesays.com\/fr\/wp-json\/wp\/v2\/comments?post=559760"}],"version-history":[{"count":0,"href":"https:\/\/www.europesays.com\/fr\/wp-json\/wp\/v2\/posts\/559760\/revisions"}],"wp:featuredmedia":[{"embeddable":true,"href":"https:\/\/www.europesays.com\/fr\/wp-json\/wp\/v2\/media\/559761"}],"wp:attachment":[{"href":"https:\/\/www.europesays.com\/fr\/wp-json\/wp\/v2\/media?parent=559760"}],"wp:term":[{"taxonomy":"category","embeddable":true,"href":"https:\/\/www.europesays.com\/fr\/wp-json\/wp\/v2\/categories?post=559760"},{"taxonomy":"post_tag","embeddable":true,"href":"https:\/\/www.europesays.com\/fr\/wp-json\/wp\/v2\/tags?post=559760"}],"curies":[{"name":"wp","href":"https:\/\/api.w.org\/{rel}","templated":true}]}}