{"id":559764,"date":"2025-11-26T10:45:29","date_gmt":"2025-11-26T10:45:29","guid":{"rendered":"https:\/\/www.europesays.com\/fr\/559764\/"},"modified":"2025-11-26T10:45:29","modified_gmt":"2025-11-26T10:45:29","slug":"wtt-feeder-lille-hennebont","status":"publish","type":"post","link":"https:\/\/www.europesays.com\/fr\/559764\/","title":{"rendered":"WTT Feeder Lille &#038; Hennebont"},"content":{"rendered":"<p><strong>La F\u00e9d\u00e9ration Fran\u00e7aise de Tennis de Table annonce deux nouvelles \u00e9tapes du circuit WTT en France en 2026 : Lille et Hennebont au rendez-vous du calendrier international !\u00a0<\/strong><\/p>\n<p>Apr\u00e8s le WTT Champions de Montpellier organis\u00e9 pour trois saisons depuis 2024, la FFTT est heureuse d\u2019annoncer l\u2019arriv\u00e9e de deux nouvelles \u00e9tapes du circuit international sur le territoire fran\u00e7ais en 2026.<\/p>\n<ul>&#13;<\/p>\n<li><strong>WTT Feeder Lille<\/strong>, du 27 au 31 janvier 2026, organis\u00e9 par le Lille M\u00e9tropole Tennis de Table (LMTT)\u00a0au Palais Saint-Sauveur &#8211; <a href=\"https:\/\/lmtt.fr\/lille_metropole_tennis_de_table\/wtt-feeder-lille-2026\/\" target=\"_blank\" rel=\"noopener\"><strong>BILLETTERIE<\/strong><\/a><\/li>\n<p>&#13;<\/p>\n<li><strong>WTT Feeder Hennebont<\/strong>, du 20 au 24 mai 2026, organis\u00e9 par le GV Hennebont Tennis de Table\u00a0dans leur salle du Hennebont Ping Center &#8211; <strong>BILLETTERIE A VENIR<\/strong><\/li>\n<p>&#13;\n<\/ul>\n<p>Ces deux tournois accueilleront quelques-uns des meilleurs joueurs mondiaux, aux c\u00f4t\u00e9s de nos Fran\u00e7ais, et offriront au public l\u2019opportunit\u00e9 d\u2019assister \u00e0 cinq jours de tennis de table de haut niveau. L&rsquo;organisation de ces deux nouveaux tournois en France est le fruit d\u2019un travail conjoint avec deux clubs phares du territoire.<\/p>\n<p>En inscrivant Lille et Hennebont sur la carte des rendez-vous WTT, la FFTT poursuit le d\u00e9ploiement de sa strat\u00e9gie \u00e9v\u00e9nementielle et son ambition : d\u00e9velopper la pratique, \u00e9largir la communaut\u00e9 des fans, donner de la visibilit\u00e9 \u00e0 la discipline et permettre aux spectateurs fran\u00e7ais de vivre des \u00e9motions fortes au contact des meilleurs pongistes du monde.<\/p>\n<p><a href=\"https:\/\/lmtt.fr\/lille_metropole_tennis_de_table\/wtt-feeder-lille-2026\/\" target=\"_blank\" rel=\"noopener\"><img decoding=\"async\" alt=\"\" src=\"https:\/\/www.europesays.com\/fr\/wp-content\/uploads\/2025\/11\/WTT_Feeder Lille_Key Visual &#038; Poster 1(1).png\" style=\"height:49%; width:49%\"\/><\/a>\u00a0<img decoding=\"async\" alt=\"\" src=\"https:\/\/www.europesays.com\/fr\/wp-content\/uploads\/2025\/11\/WTT_Feeder HENNEBONT_Poster(1).png\" style=\"height:49%; width:49%\"\/><\/p>\n","protected":false},"excerpt":{"rendered":"La F\u00e9d\u00e9ration Fran\u00e7aise de Tennis de Table annonce deux nouvelles \u00e9tapes du circuit WTT en France en 2026&hellip;\n","protected":false},"author":2,"featured_media":559765,"comment_status":"","ping_status":"","sticky":false,"template":"","format":"standard","meta":{"footnotes":""},"categories":[2815],"tags":[1111,11,1777,674,1011,27,811,1307,12,25],"class_list":{"0":"post-559764","1":"post","2":"type-post","3":"status-publish","4":"format-standard","5":"has-post-thumbnail","7":"category-lille","8":"tag-actu","9":"tag-actualites","10":"tag-eu","11":"tag-europe","12":"tag-fr","13":"tag-france","14":"tag-hauts-de-france","15":"tag-lille","16":"tag-news","17":"tag-republique-francaise"},"share_on_mastodon":{"url":"https:\/\/pubeurope.com\/@fr\/115615599344454485","error":""},"_links":{"self":[{"href":"https:\/\/www.europesays.com\/fr\/wp-json\/wp\/v2\/posts\/559764","targetHints":{"allow":["GET"]}}],"collection":[{"href":"https:\/\/www.europesays.com\/fr\/wp-json\/wp\/v2\/posts"}],"about":[{"href":"https:\/\/www.europesays.com\/fr\/wp-json\/wp\/v2\/types\/post"}],"author":[{"embeddable":true,"href":"https:\/\/www.europesays.com\/fr\/wp-json\/wp\/v2\/users\/2"}],"replies":[{"embeddable":true,"href":"https:\/\/www.europesays.com\/fr\/wp-json\/wp\/v2\/comments?post=559764"}],"version-history":[{"count":0,"href":"https:\/\/www.europesays.com\/fr\/wp-json\/wp\/v2\/posts\/559764\/revisions"}],"wp:featuredmedia":[{"embeddable":true,"href":"https:\/\/www.europesays.com\/fr\/wp-json\/wp\/v2\/media\/559765"}],"wp:attachment":[{"href":"https:\/\/www.europesays.com\/fr\/wp-json\/wp\/v2\/media?parent=559764"}],"wp:term":[{"taxonomy":"category","embeddable":true,"href":"https:\/\/www.europesays.com\/fr\/wp-json\/wp\/v2\/categories?post=559764"},{"taxonomy":"post_tag","embeddable":true,"href":"https:\/\/www.europesays.com\/fr\/wp-json\/wp\/v2\/tags?post=559764"}],"curies":[{"name":"wp","href":"https:\/\/api.w.org\/{rel}","templated":true}]}}