{"id":559772,"date":"2025-11-26T10:52:13","date_gmt":"2025-11-26T10:52:13","guid":{"rendered":"https:\/\/www.europesays.com\/fr\/559772\/"},"modified":"2025-11-26T10:52:13","modified_gmt":"2025-11-26T10:52:13","slug":"production-cine-tv-soutenue-homelessly-in-love","status":"publish","type":"post","link":"https:\/\/www.europesays.com\/fr\/559772\/","title":{"rendered":"Production cin\u00e9-TV soutenue : \u00ab\u00a0Homelessly in Love \u00bb"},"content":{"rendered":"<p>                  <img fetchpriority=\"high\" decoding=\"async\" loading=\"eager\" width=\"763\" height=\"1080\" src=\"https:\/\/www.europesays.com\/fr\/wp-content\/uploads\/2025\/11\/homelessly_aff.jpg.webp\" alt=\"\"\/><\/p>\n<p>                    <strong>Cr\u00e9dit photo :<\/strong><br \/>\n                    \u00a9 Politie Production<\/p>\n<p>B\u00e9n\u00e9ficiaire de <a href=\"https:\/\/www.iledefrance.fr\/aides-et-appels-a-projets\/aide-apres-realisation-cinema\" data-entity-type=\"node\" data-entity-uuid=\"794b3842-8273-4924-8b5b-6fd2fefdb6ea\" data-entity-substitution=\"canonical\" title=\"Aide apr\u00e8s r\u00e9alisation Cin\u00e9ma\" target=\"_blank\" rel=\"noopener\">l&rsquo;Aide apr\u00e8s r\u00e9alisation de la R\u00e9gion,<\/a> Homelessly in Love est un documentaire sign\u00e9 Ariane Mohseni-Sadjadi et Lalita Clozel.<\/p>\n<p>Le film suit pendant 5 ans les parcours de 3\u00a0femmes qui font face \u00e0 de grandes difficult\u00e9s professionnelles, affectives et financi\u00e8res et se retrouvent sans-abri.\u00a0<\/p>\n<p>Elles t\u00e9moignent face \u00e0 la cam\u00e9ra de leur quotidien extr\u00eamement pr\u00e9caire dans les \u00c9tats-Unis d\u2019aujourd\u2019hui.<\/p>\n<p>Bande-annonce<\/p>\n","protected":false},"excerpt":{"rendered":"Cr\u00e9dit photo : \u00a9 Politie Production B\u00e9n\u00e9ficiaire de l&rsquo;Aide apr\u00e8s r\u00e9alisation de la R\u00e9gion, Homelessly in Love est&hellip;\n","protected":false},"author":2,"featured_media":559773,"comment_status":"","ping_status":"","sticky":false,"template":"","format":"standard","meta":{"footnotes":""},"categories":[1592],"tags":[1111,11,1777,674,1011,27,662,12,626,25],"class_list":{"0":"post-559772","1":"post","2":"type-post","3":"status-publish","4":"format-standard","5":"has-post-thumbnail","7":"category-ile-de-france","8":"tag-actu","9":"tag-actualites","10":"tag-eu","11":"tag-europe","12":"tag-fr","13":"tag-france","14":"tag-ile-de-france","15":"tag-news","16":"tag-paris","17":"tag-republique-francaise"},"share_on_mastodon":{"url":"https:\/\/pubeurope.com\/@fr\/115615626618574269","error":""},"_links":{"self":[{"href":"https:\/\/www.europesays.com\/fr\/wp-json\/wp\/v2\/posts\/559772","targetHints":{"allow":["GET"]}}],"collection":[{"href":"https:\/\/www.europesays.com\/fr\/wp-json\/wp\/v2\/posts"}],"about":[{"href":"https:\/\/www.europesays.com\/fr\/wp-json\/wp\/v2\/types\/post"}],"author":[{"embeddable":true,"href":"https:\/\/www.europesays.com\/fr\/wp-json\/wp\/v2\/users\/2"}],"replies":[{"embeddable":true,"href":"https:\/\/www.europesays.com\/fr\/wp-json\/wp\/v2\/comments?post=559772"}],"version-history":[{"count":0,"href":"https:\/\/www.europesays.com\/fr\/wp-json\/wp\/v2\/posts\/559772\/revisions"}],"wp:featuredmedia":[{"embeddable":true,"href":"https:\/\/www.europesays.com\/fr\/wp-json\/wp\/v2\/media\/559773"}],"wp:attachment":[{"href":"https:\/\/www.europesays.com\/fr\/wp-json\/wp\/v2\/media?parent=559772"}],"wp:term":[{"taxonomy":"category","embeddable":true,"href":"https:\/\/www.europesays.com\/fr\/wp-json\/wp\/v2\/categories?post=559772"},{"taxonomy":"post_tag","embeddable":true,"href":"https:\/\/www.europesays.com\/fr\/wp-json\/wp\/v2\/tags?post=559772"}],"curies":[{"name":"wp","href":"https:\/\/api.w.org\/{rel}","templated":true}]}}