{"id":559782,"date":"2025-11-26T10:57:12","date_gmt":"2025-11-26T10:57:12","guid":{"rendered":"https:\/\/www.europesays.com\/fr\/559782\/"},"modified":"2025-11-26T10:57:12","modified_gmt":"2025-11-26T10:57:12","slug":"steve-witkoff-lemissaire-special-de-trump-pointe-du-doigt-dans-des-echanges-avec-la-russie-ce-que-lon-sait","status":"publish","type":"post","link":"https:\/\/www.europesays.com\/fr\/559782\/","title":{"rendered":"Steve Witkoff, l\u2019\u00e9missaire sp\u00e9cial de Trump, point\u00e9 du doigt dans des \u00e9changes avec la Russie\u00a0: ce que l\u2019on sait"},"content":{"rendered":"<p>      <img fetchpriority=\"high\" decoding=\"async\" class=\"mx-auto\" src=\"data:image\/svg+xml,%3Csvg%20xmlns%3D%27http%3A%2F%2Fwww.w3.org%2F2000%2Fsvg%27%20fill%3D%22%23e4e4e4%22%20viewBox%3D%270%200%20510%20340%27%20width%3D%22510%22%20height%3D%22340%22%3E%3Cpath%20d%3D%27M0%200h510v340H0z%27%2F%3E%3C%2Fsvg%3E\"  loading=\"eager\" width=\"510\" height=\"340\" data-oncrawl-image-size=\"510x340\" alt=\"Steve Witkoff lors d\u2019une conf\u00e9rence \u00e0 l\u2019American Business Forum \u00e0 Miami, le 6\u00a0novembre 2025. \"\/>      <\/p>\n<p class=\"latino-100m text-grey-600\">\n            Steve Witkoff lors d\u2019une conf\u00e9rence \u00e0 l\u2019American Business Forum \u00e0 Miami, le 6\u00a0novembre 2025. \u00a0CHANDAN KHANNA \/ AFP        <\/p>\n<p>        Lire\u00a0plus\u00a0tard      <\/p>\n<p><a aria-label=\"Nous suivre sur Google News\" href=\"https:\/\/news.google.com\/publications\/CAAqBwgKMJe4nQkw3dFs?hl=fr&amp;gl=FR&amp;ceid=FR%3Afr\" target=\"_blank\" data-piano=\"Page_Article,Sous_date_publi,Nous_suivre_sur_google_news,1er_clic,action\" class=\"btn btn--small btn--tertiary btn--icon-only\" rel=\"noopener\"><\/p>\n<p>      Google Actualit\u00e9s<br \/>\n  <\/a><\/p>\n<p>  Partager<\/p>\n<p>        Facebook<\/p>\n<p>        Bluesky<\/p>\n<p>        E-mail<\/p>\n<p>        Copier le lien<\/p>\n<p>      Envoyer<\/p>\n<p>      S\u2019abonner    <\/p>\n<p class=\"node__paragraphe antonia-750r text-grey-800 pb-24 pb-md-32\">\nTout a \u00e9t\u00e9 r\u00e9v\u00e9l\u00e9 \u00e0 partir d\u2019une conversation t\u00e9l\u00e9phonique\u00a0: <a href=\"https:\/\/www.nouvelobs.com\/monde\/20250804.OBS106479\/steve-witkoff-l-emissaire-de-donald-trump-attendu-en-russie-cette-semaine-quels-sont-les-enjeux-de-cette-visite.html\" target=\"_blank\" rel=\"noopener\">Steve Witkoff<\/a>, \u00e9missaire sp\u00e9cial de <a href=\"https:\/\/www.nouvelobs.com\/opinions\/20251124.OBS110053\/faire-profil-bas-face-a-trump-n-a-rien-rapporte-a-l-europe.html\" target=\"_blank\" rel=\"noopener\">Donald Trump,<\/a> a donn\u00e9 des conseils \u00e0 un conseiller de <a href=\"https:\/\/www.nouvelobs.com\/monde\/20251030.OBS109270\/ce-processus-commencera-immediatement-apres-les-annonces-de-poutine-trump-ordonne-de-relancer-les-essais-nucleaires.html\" target=\"_blank\" rel=\"noopener\">Vladimir Poutine<\/a> sur la mani\u00e8re d\u2019introduire aupr\u00e8s du pr\u00e9sident am\u00e9ricain un plan de r\u00e8glement du conflit en Ukraine, d\u2019apr\u00e8s les informations de <a target=\"_blank\" href=\"https:\/\/www.bloomberg.com\/news\/articles\/2025-11-25\/witkoff-advised-russia-on-how-to-pitch-ukraine-plan-to-trump\" rel=\"noopener\">Bloomberg<\/a>.<\/p>\n<p>\u2022 Un premier appel t\u00e9l\u00e9phonique mi-octobre<\/p>\n<p class=\"node__paragraphe antonia-750r text-grey-800 pb-24 pb-md-32\">\nL\u2019agence de presse am\u00e9ricaine Bloomberg a publi\u00e9 la retranscription d\u2019un \u00e9change du 14\u00a0octobre entre l\u2019ancien homme d\u2019affaires et Iouri Ouchakov, conseiller diplomatique du pr\u00e9sident russe, dans lequel est \u00e9voqu\u00e9 un futur plan de r\u00e8glement du conflit, inspir\u00e9 de celui annonc\u00e9 peu auparavant pour <a href=\"https:\/\/www.nouvelobs.com\/monde\/20251118.OBS109866\/gaza-force-internationale-etat-palestinien-ce-que-contient-le-plan-de-paix-vote-a-l-onu.html\" target=\"_blank\" rel=\"noopener\">mettre fin \u00e0 la guerre \u00e0 Gaza<\/a>.<\/p>\n<p class=\"node__paragraphe antonia-750r text-grey-800 pb-24 pb-md-32\">\nSelon ce document, Steve Witkoff sugg\u00e8re un appel t\u00e9l\u00e9phonique entre Donald Trump et Vladimir Poutine, lors duquel ce dernier \u00ab\u00a0f\u00e9liciterait le pr\u00e9sident (am\u00e9ricain) pour ce succ\u00e8s\u00a0\u00bb. L\u2019\u00e9missaire sp\u00e9cial am\u00e9ricain, selon la m\u00eame source, conseille que cet \u00e9change ait lieu avant une visite \u00e0 la Maison Blanche du pr\u00e9sident ukrainien Volodymyr Zelensky, pr\u00e9vue le 17\u00a0octobre.<\/p>\n<p class=\"latino-500b text-grey-600 pb-16\">A lire aussi<\/p>\n<p><a href=\"https:\/\/www.nouvelobs.com\/monde\/20251125.OBS110081\/guerre-en-ukraine-des-points-sensibles-mais-pas-insurmontables-macron-optimiste-ou-en-sont-les-discussions-sur-un-accord-de-paix.html\" data-article-key=\"20251125.OBS110081\" class=\"link--box flex-grow-1\" data-piano=\"Page_Article,Lire_aussi,,Lien1,navigation\" target=\"_blank\" rel=\"noopener\"><\/p>\n<p>                <img decoding=\"async\" src=\"data:image\/svg+xml,%3Csvg%20xmlns%3D%27http%3A%2F%2Fwww.w3.org%2F2000%2Fsvg%27%20fill%3D%22%23e4e4e4%22%20viewBox%3D%270%200%20120%2080%27%20width%3D%22120%22%20height%3D%2280%22%3E%3Cpath%20d%3D%27M0%200h120v80H0z%27%2F%3E%3C%2Fsvg%3E\"  width=\"120\" height=\"80\" loading=\"lazy\" alt=\"Le pr\u00e9sident ukrainien, Volodymyr Zelensky, lors d\u2019une visite \u00e0 Madrid, en Espagne, le 18\u00a0novembre 2025.\"\/><\/p>\n<p class=\"latino-300r latino-lg-600m text-grey-800\">\n                      <strong class=\"latino-300b latino-lg-600m text-grey-500\">R\u00e9cap\u00a0<\/strong><br \/>\n                    Guerre en Ukraine\u00a0: Trump assure \u00eatre \u00ab\u00a0tr\u00e8s proche\u00a0\u00bb d\u2019un accord de paix, Macron appelle \u00e0 \u00ab\u00a0mettre la pression\u00a0\u00bb sur la Russie\u2026 O\u00f9 en sont les discussions ?        <\/p>\n<p><\/a><\/p>\n<p class=\"node__paragraphe antonia-750r text-grey-800 pb-24 pb-md-32\">\n\u00ab\u00a0J\u2019ai dit au pr\u00e9sident que vous, que la F\u00e9d\u00e9ration de Russie a toujours voulu un accord de paix. C\u2019est ce que je crois\u00a0\u00bb, d\u00e9clare aussi Steve Witkoff, selon cette retranscription, en \u00e9voquant \u00ab\u00a0un projet de paix en vingt points, comme nous avons fait pour Gaza\u00a0\u00bb. \u00ab\u00a0Il le f\u00e9licitera, il dira que M. Trump est vraiment un homme de paix\u00a0\u00bb, convient son interlocuteur russe, faisant r\u00e9f\u00e9rence \u00e0 Vladimir Poutine.<\/p>\n<p class=\"node__paragraphe antonia-750r text-grey-800 pb-24 pb-md-32\">\n\u00ab\u00a0Bon, de vous \u00e0 moi, je sais ce qu\u2019il faudra pour conclure un plan de paix\u00a0: Donetsk et un \u00e9change de territoire quelque part\u00a0\u00bb, dit encore Steve Witkoff, en r\u00e9f\u00e9rence \u00e0 la r\u00e9gion de l\u2019est de l\u2019Ukraine r\u00e9clam\u00e9e par la Russie.<\/p>\n<p class=\"node__paragraphe antonia-750r text-grey-800 pb-24 pb-md-32\">\nUn second appel t\u00e9l\u00e9phonique entre Donald Trump et son homologue russe a eu lieu le 16\u00a0octobre 2025, juste avant la visite de Volodymyr Zelensky. Le pr\u00e9sident am\u00e9ricain a assur\u00e9 que \u00ab\u00a0de grands progr\u00e8s\u00a0\u00bb avaient \u00e9t\u00e9 faits lors de cette conversation. Peu auparavant, il se disait \u00ab\u00a0tr\u00e8s d\u00e9\u00e7u\u00a0\u00bb par le pr\u00e9sident russe.<\/p>\n<p class=\"node__paragraphe antonia-750r text-grey-800 pb-24 pb-md-32\">\nLe 21\u00a0novembre, les Etats-Unis ont propos\u00e9 un plan de paix pour l\u2019Ukraine jug\u00e9 tr\u00e8s favorable \u00e0 la Russie. Il a depuis \u00e9t\u00e9 amend\u00e9, pour parvenir \u00e0 une nouvelle version \u00ab\u00a0significativement meilleure\u00a0\u00bb pour Kiev.<\/p>\n<p>\u2022 Une seconde conversation sur des questions \u00e9conomiques<\/p>\n<p class=\"node__paragraphe antonia-750r text-grey-800 pb-24 pb-md-32\">\nBloomberg a aussi publi\u00e9 la retranscription d\u2019une autre conversation, entre Iouri Ouchakov et un \u00e9missaire du Kremlin pour les questions \u00e9conomiques, Kirill Dmitriev, tr\u00e8s impliqu\u00e9 dans les discussions avec des responsables am\u00e9ricains.<\/p>\n<p class=\"node__paragraphe antonia-750r text-grey-800 pb-24 pb-md-32\">\nL\u2019\u00e9change a eu lieu le 29\u00a0octobre selon l\u2019agence am\u00e9ricaine, qui la retranscrit en anglais et dans sa version originale, en russe. \u00ab\u00a0Je pense que nous allons faire ce papier \u00e0 propos de notre position, et je vais le faire circuler de mani\u00e8re informelle\u00a0\u00bb, d\u00e9clare Kirill Dmitriev.<\/p>\n<p class=\"latino-500b text-grey-600 pb-16\">A lire aussi<\/p>\n<p><a href=\"https:\/\/www.nouvelobs.com\/monde\/20251114.OBS109767\/la-guerre-en-2026-vue-de-russie-essaims-de-drones-robotisation-fin-des-chars-quatre-lecons-de-deux-strateges-du-kremlin.html\" data-article-key=\"20251114.OBS109767\" class=\"link--box flex-grow-1\" data-piano=\"Page_Article,Lire_aussi,,Lien2,navigation\" target=\"_blank\" rel=\"noopener\"><\/p>\n<p>                <img decoding=\"async\" src=\"data:image\/svg+xml,%3Csvg%20xmlns%3D%27http%3A%2F%2Fwww.w3.org%2F2000%2Fsvg%27%20fill%3D%22%23e4e4e4%22%20viewBox%3D%270%200%20120%2080%27%20width%3D%22120%22%20height%3D%2280%22%3E%3Cpath%20d%3D%27M0%200h120v80H0z%27%2F%3E%3C%2Fsvg%3E\"  width=\"120\" height=\"80\" loading=\"lazy\" alt=\"Des soldats ukrainiens lors d\u2019un exercice de simulation d\u2019une attaque de drone, dans l\u2019est de l\u2019Ukraine, le 11\u00a0octobre 2025.\"\/><\/p>\n<p class=\"latino-300r latino-lg-600m text-grey-800\">\n                      <strong class=\"latino-300b latino-lg-600m text-grey-500\">D\u00e9cryptage\u00a0<\/strong><br \/>\n                    La guerre en 2026\u00a0vue de Russie\u00a0: essaims de drones, robotisation, fin des chars\u2026 Quatre\u00a0le\u00e7ons de deux strat\u00e8ges du Kremlin        <\/p>\n<p><\/a><\/p>\n<p class=\"node__paragraphe antonia-750r text-grey-800 pb-24 pb-md-32\">\n\u00ab\u00a0Je ne pense pas qu\u2019ils prendront exactement notre version mais au moins ce sera aussi proche que possible\u00a0\u00bb, poursuit-il, dans ce qui semble \u00eatre une r\u00e9f\u00e9rence \u00e0 des responsables am\u00e9ricains.<\/p>\n<p class=\"node__paragraphe antonia-750r text-grey-800 pb-24 pb-md-32\">\nLe site Axios a rapport\u00e9 que Kirill Dmitriev avait pass\u00e9 trois jours avec Steve Witkoff et d\u2019autres responsables am\u00e9ricains \u00e0 Miami (Floride, sud), du 24 au 26\u00a0octobre.<\/p>\n<p>\u2022 Trump d\u00e9fend une technique de n\u00e9gociation \u00ab\u00a0standard\u00a0\u00bb<\/p>\n<p class=\"node__paragraphe antonia-750r text-grey-800 pb-24 pb-md-32\">\nLe pr\u00e9sident am\u00e9ricain a pris la d\u00e9fense de son \u00e9missaire sp\u00e9cial. Donald Trump a jug\u00e9 qu\u2019il s\u2019agissait d\u2019une technique de n\u00e9gociation \u00ab\u00a0standard\u00a0\u00bb en mentionnant pourtant qu\u2019il n\u2019avait pas entendu la conversation en question. \u00ab\u00a0C\u2019est ce que fait un n\u00e9gociateur\u00a0\u00bb, a encore jug\u00e9 le locataire de la Maison-Blanche.<\/p>\n<p class=\"node__paragraphe antonia-750r text-grey-800 pb-24 pb-md-32\">\n\u00ab\u00a0Cette histoire prouve une chose\u00a0: l\u2019\u00e9missaire sp\u00e9cial Witkoff parle \u00e0 des responsables \u00e0 la fois en Russie et en Ukraine presque chaque jour pour obtenir la paix, ce qui est exactement ce pour quoi le pr\u00e9sident Trump l\u2019a nomm\u00e9\u00a0\u00bb, a r\u00e9agi le directeur de communication de la Maison Blanche Steven Cheung, dans une d\u00e9claration transmise \u00e0 l\u2019AFP.<\/p>\n<p>\u2022 Witkoff \u00e0 Moscou la semaine prochaine<\/p>\n<p class=\"node__paragraphe antonia-750r text-grey-800 pb-24 pb-md-32\">\nLe pr\u00e9sident am\u00e9ricain a d\u00e9clar\u00e9 mardi \u00e0 la presse \u00e0 bord de son avion que Steve Witkoff se rendrait la semaine prochaine \u00e0 Moscou pour s\u2019entretenir avec Vladimir Poutine sur le plan visant \u00e0 trouver un r\u00e8glement du conflit ukrainien.<\/p>\n<p class=\"node__paragraphe antonia-750r text-grey-800 pb-24 pb-md-32\">\nUne venue confirm\u00e9e par le Kremlin ce mercredi. \u00ab\u00a0En ce qui concerne Witkoff, un accord pr\u00e9liminaire a \u00e9t\u00e9 atteint sur sa visite \u00e0 Moscou la semaine prochaine\u00a0\u00bb, a d\u00e9clar\u00e9 Iouri Ouchakov, \u00e0 la t\u00e9l\u00e9vision publique russe.<\/p>\n<p class=\"latino-500b text-grey-600 pb-16\">A lire aussi<\/p>\n<p><a href=\"https:\/\/www.nouvelobs.com\/monde\/20251013.OBS108700\/comment-la-russie-contourne-les-sanctions-sur-le-petrole-grace-a-un-millier-de-navires-fantomes.html\" data-article-key=\"20251013.OBS108700\" class=\"link--box flex-grow-1\" data-piano=\"Page_Article,Lire_aussi,,Lien3,navigation\" target=\"_blank\" rel=\"noopener\"><\/p>\n<p>                <img decoding=\"async\" src=\"data:image\/svg+xml,%3Csvg%20xmlns%3D%27http%3A%2F%2Fwww.w3.org%2F2000%2Fsvg%27%20fill%3D%22%23e4e4e4%22%20viewBox%3D%270%200%20120%2080%27%20width%3D%22120%22%20height%3D%2280%22%3E%3Cpath%20d%3D%27M0%200h120v80H0z%27%2F%3E%3C%2Fsvg%3E\"  width=\"120\" height=\"80\" loading=\"lazy\" alt=\"Le p\u00e9trolier \u00ab\u00a0Boracay\u00a0\u00bb immobilis\u00e9 au large de Saint-Nazaire (Loire-Atlantique), le 1er octobre 2025.\"\/><\/p>\n<p class=\"latino-300r latino-lg-600m text-grey-800\">\n                      <strong class=\"latino-300b latino-lg-600m text-grey-500\">Enqu\u00eate\u00a0<\/strong><br \/>\n                    Comment la Russie contourne les sanctions sur le p\u00e9trole gr\u00e2ce \u00e0 un millier de navires fant\u00f4mes        <\/p>\n<p><\/a><\/p>\n<p class=\"node__paragraphe antonia-750r text-grey-800 pb-24 pb-md-32\">\nIouri Ouchakov a pr\u00e9cis\u00e9 qu\u2019un certain \u00ab\u00a0nombre d\u2019autres repr\u00e9sentants de l\u2019administration\u00a0\u00bb am\u00e9ricaine li\u00e9s au dossier ukrainien accompagneraient Steve Witkoff dans ce d\u00e9placement que Donald Trump a annonc\u00e9 mardi. \u00ab\u00a0Si Witkoff vient, il sera s\u00fbrement re\u00e7u par le pr\u00e9sident de la F\u00e9d\u00e9ration de Russie\u00a0\u00bb, a ensuite pr\u00e9cis\u00e9 Iouri Ouchakov, cit\u00e9 par les agences de presse russe.<\/p>\n<p class=\"node__paragraphe antonia-750r text-grey-800 pb-24 pb-md-32\">\nLe conseiller de Poutine a cependant fustig\u00e9 les Europ\u00e9ens dans une autre d\u00e9claration\u00a0: \u00ab\u00a0Les Europ\u00e9ens cherchent \u00e0 se m\u00ealer de toutes ces affaires, de mani\u00e8re tout \u00e0 fait inutile, il me semble\u00a0\u00bb, a-t-il dit dans la lign\u00e9e du rejet, la veille, d\u2019une m\u00e9diation europ\u00e9enne par le chef de la diplomatie russe Sergue\u00ef Lavrov.<\/p>\n<p class=\"authors latino-600m text-grey-800\">\n<p>  Par\u00a0<br \/>\nService Actu\u00a0(avec AFP)<\/p>\n","protected":false},"excerpt":{"rendered":"Steve Witkoff lors d\u2019une conf\u00e9rence \u00e0 l\u2019American Business Forum \u00e0 Miami, le 6\u00a0novembre 2025. \u00a0CHANDAN KHANNA \/ AFP&hellip;\n","protected":false},"author":2,"featured_media":559783,"comment_status":"","ping_status":"","sticky":false,"template":"","format":"standard","meta":{"footnotes":""},"categories":[1591],"tags":[17,11,19928,67683,1887,131,74,12,42371,1885,1886,132,22782,37111,467,67682],"class_list":{"0":"post-559782","1":"post","2":"type-post","3":"status-publish","4":"format-standard","5":"has-post-thumbnail","7":"category-russie","8":"tag-17","9":"tag-actualites","10":"tag-doigt","11":"tag-emissaire","12":"tag-federation-de-russie","13":"tag-guerre-en-ukraine","14":"tag-monde","15":"tag-news","16":"tag-pointe","17":"tag-russia","18":"tag-russian-federation","19":"tag-russie","20":"tag-special","21":"tag-steve","22":"tag-trump","23":"tag-witkoff"},"share_on_mastodon":{"url":"https:\/\/pubeurope.com\/@fr\/115615645364997369","error":""},"_links":{"self":[{"href":"https:\/\/www.europesays.com\/fr\/wp-json\/wp\/v2\/posts\/559782","targetHints":{"allow":["GET"]}}],"collection":[{"href":"https:\/\/www.europesays.com\/fr\/wp-json\/wp\/v2\/posts"}],"about":[{"href":"https:\/\/www.europesays.com\/fr\/wp-json\/wp\/v2\/types\/post"}],"author":[{"embeddable":true,"href":"https:\/\/www.europesays.com\/fr\/wp-json\/wp\/v2\/users\/2"}],"replies":[{"embeddable":true,"href":"https:\/\/www.europesays.com\/fr\/wp-json\/wp\/v2\/comments?post=559782"}],"version-history":[{"count":0,"href":"https:\/\/www.europesays.com\/fr\/wp-json\/wp\/v2\/posts\/559782\/revisions"}],"wp:featuredmedia":[{"embeddable":true,"href":"https:\/\/www.europesays.com\/fr\/wp-json\/wp\/v2\/media\/559783"}],"wp:attachment":[{"href":"https:\/\/www.europesays.com\/fr\/wp-json\/wp\/v2\/media?parent=559782"}],"wp:term":[{"taxonomy":"category","embeddable":true,"href":"https:\/\/www.europesays.com\/fr\/wp-json\/wp\/v2\/categories?post=559782"},{"taxonomy":"post_tag","embeddable":true,"href":"https:\/\/www.europesays.com\/fr\/wp-json\/wp\/v2\/tags?post=559782"}],"curies":[{"name":"wp","href":"https:\/\/api.w.org\/{rel}","templated":true}]}}