{"id":559784,"date":"2025-11-26T10:58:14","date_gmt":"2025-11-26T10:58:14","guid":{"rendered":"https:\/\/www.europesays.com\/fr\/559784\/"},"modified":"2025-11-26T10:58:14","modified_gmt":"2025-11-26T10:58:14","slug":"les-europeens-sont-ils-en-train-de-reprendre-la-main-sur-laccord-de-paix","status":"publish","type":"post","link":"https:\/\/www.europesays.com\/fr\/559784\/","title":{"rendered":"les Europ\u00e9ens sont-ils en train de reprendre la main sur l&rsquo;accord de paix ?"},"content":{"rendered":"<p class=\"article-p mdl\">Une r\u00e9union de la coalition des volontaires s&rsquo;est tenue, mardi 25 mars, sous l&rsquo;\u00e9gide d&rsquo;Emmanuel Macron, tandis que des discussions ont eu lieu \u00e0 Abu Dhabi. Les Europ\u00e9ens reprennent-ils l&rsquo;initiative ? Ils aident en tout cas Zelensky \u00e0 retourner la situation, ils l&rsquo;ont soutenu dans son audacieux coup diplomatique face aux Am\u00e9ricains.\u00a0<\/p>\n<p class=\"article-p mdl\">Revenons sur les \u00e9v\u00e9nements : la semaine derni\u00e8re, la surprise est totale lorsque l&rsquo;on d\u00e9couvre que les Am\u00e9ricains et les Russes ont \u00e9labor\u00e9 un plan de paix, clairement favorable \u00e0 la Russie, sans consulter ni l&rsquo;Ukraine ni l&rsquo;Europe. Trump envisage m\u00eame de r\u00e9cup\u00e9rer\u00a0<a class=\"link\" href=\"https:\/\/www.rtl.fr\/actu\/politique\/utilisation-des-avoirs-russes-geles-c-est-contraire-au-droit-international-juge-louis-aliot-sur-rtl-7900482622\" title=\"Utilisation des avoirs russes gel\u00e9s : &quot;C&#039;est contraire au droit international&quot;, juge Louis Aliot sur RTL\" target=\"_blank\" rel=\"noopener\">les fonds russes gel\u00e9s\u00a0<\/a>dans une banque belge, notre juridiction. Tout le monde est sonn\u00e9, mais apr\u00e8s un bref moment de panique \u00e0 Kiev et dans les capitales europ\u00e9ennes, une r\u00e9action s&rsquo;organise et les r\u00f4les sont r\u00e9partis.<\/p>\n<p>            Les Europ\u00e9ens travaillent \u00e0 un contre-projet<\/p>\n<p class=\"article-p mdl\">Certains d\u00e9crochent leur t\u00e9l\u00e9phone pour appeler le pr\u00e9sident am\u00e9ricain et d&rsquo;autres envoient leur diplomate dimanche dernier \u00e0 Gen\u00e8ve, ainsi est arriv\u00e9 le conseiller diplomatique d&rsquo;Emmanuel Macron. Les Europ\u00e9ens travaillent \u00e0 un contre-projet dont les Ukrainiens s&rsquo;inspirent. On ne parle plus d&rsquo;amnistier les criminels de guerre russes ou de r\u00e9duire la taille de l&rsquo;arm\u00e9e ukrainienne.\u00a0<\/p>\n<p class=\"article-p mdl\">Tout n&rsquo;est pas rose, mais le pire est \u00e9vit\u00e9. Autre astuce des Europ\u00e9ens, invit\u00e9 hier, Marco Rubio a particip\u00e9 \u00e0 la r\u00e9union de \u00ab\u00a0la coalition des volontaires\u00a0\u00bb, les soutiens de l&rsquo;Ukraine, le secr\u00e9taire d&rsquo;\u00c9tat am\u00e9ricain a m\u00eame dit oui pour participer enfin \u00e0 un groupe de travail. On s&rsquo;interroge, les Am\u00e9ricains vont-ils s&rsquo;engager \u00e0 surveiller le sel ukrainien en cas de cessez-le-feu ? Oui, les Europ\u00e9ens, depuis quatre jours, ont plut\u00f4t bien jou\u00e9.<\/p>\n<p>            Un retour aux n\u00e9gociations \u00e0 quel prix ?<\/p>\n<p class=\"article-p mdl\">Le retour aux n\u00e9gociations \u00e0 un co\u00fbt : nous achetons des armes am\u00e9ricaines pour l&rsquo;Ukraine et\u00a0<a class=\"link\" href=\"https:\/\/www.rtl.fr\/actu\/international\/guerre-en-ukraine-l-achat-de-100-rafale-par-kiev-peut-il-etre-percu-comme-une-provocation-par-vladimir-poutine-7900567834\" title=\"&quot;Paris ne contribue en aucun cas \u00e0 la paix&quot; : Moscou accuse la France d&#039;&quot;alimenter&quot; la guerre apr\u00e8s la vente future de Rafale \u00e0 l&#039;Ukraine\" target=\"_blank\" rel=\"noopener\">finan\u00e7ons son r\u00e9armement.\u00a0<\/a>Maintenant, si l&rsquo;Ukraine tombe dans l&rsquo;escarcelle russe, quel sera le prix \u00e0 payer pour nous, Europ\u00e9ens, pour nous, Fran\u00e7ais ? La Grande Russie ne continuerait-elle pas sa politique expansionniste ? Certains vous diront que les Ukrainiens tiennent la ligne pour nous.<\/p>\n<p>    La r\u00e9daction vous recommande<\/p>\n<p class=\"s-newsletter__title\">\n                L\u2019actualit\u00e9 par la r\u00e9daction de RTL dans votre bo\u00eete mail.\n            <\/p>\n<p class=\"s-newsletter__subtitle\">\n                Gr\u00e2ce \u00e0 votre compte RTL abonnez-vous \u00e0 la newsletter RTL info pour suivre toute l&rsquo;actualit\u00e9 au quotidien\n            <\/p>\n<p>\n                                    Lire la suite\n                                <\/p>\n","protected":false},"excerpt":{"rendered":"Une r\u00e9union de la coalition des volontaires s&rsquo;est tenue, mardi 25 mars, sous l&rsquo;\u00e9gide d&rsquo;Emmanuel Macron, tandis que&hellip;\n","protected":false},"author":2,"featured_media":559785,"comment_status":"","ping_status":"","sticky":false,"template":"","format":"standard","meta":{"footnotes":""},"categories":[1590],"tags":[11,1777,674,107,131,12,2403,362,360,220],"class_list":{"0":"post-559784","1":"post","2":"type-post","3":"status-publish","4":"format-standard","5":"has-post-thumbnail","7":"category-ukraine","8":"tag-actualites","9":"tag-eu","10":"tag-europe","11":"tag-fil-info","12":"tag-guerre-en-ukraine","13":"tag-news","14":"tag-paix","15":"tag-replay","16":"tag-replay-integral","17":"tag-ukraine"},"share_on_mastodon":{"url":"https:\/\/pubeurope.com\/@fr\/115615649299484163","error":""},"_links":{"self":[{"href":"https:\/\/www.europesays.com\/fr\/wp-json\/wp\/v2\/posts\/559784","targetHints":{"allow":["GET"]}}],"collection":[{"href":"https:\/\/www.europesays.com\/fr\/wp-json\/wp\/v2\/posts"}],"about":[{"href":"https:\/\/www.europesays.com\/fr\/wp-json\/wp\/v2\/types\/post"}],"author":[{"embeddable":true,"href":"https:\/\/www.europesays.com\/fr\/wp-json\/wp\/v2\/users\/2"}],"replies":[{"embeddable":true,"href":"https:\/\/www.europesays.com\/fr\/wp-json\/wp\/v2\/comments?post=559784"}],"version-history":[{"count":0,"href":"https:\/\/www.europesays.com\/fr\/wp-json\/wp\/v2\/posts\/559784\/revisions"}],"wp:featuredmedia":[{"embeddable":true,"href":"https:\/\/www.europesays.com\/fr\/wp-json\/wp\/v2\/media\/559785"}],"wp:attachment":[{"href":"https:\/\/www.europesays.com\/fr\/wp-json\/wp\/v2\/media?parent=559784"}],"wp:term":[{"taxonomy":"category","embeddable":true,"href":"https:\/\/www.europesays.com\/fr\/wp-json\/wp\/v2\/categories?post=559784"},{"taxonomy":"post_tag","embeddable":true,"href":"https:\/\/www.europesays.com\/fr\/wp-json\/wp\/v2\/tags?post=559784"}],"curies":[{"name":"wp","href":"https:\/\/api.w.org\/{rel}","templated":true}]}}