{"id":559790,"date":"2025-11-26T11:02:18","date_gmt":"2025-11-26T11:02:18","guid":{"rendered":"https:\/\/www.europesays.com\/fr\/559790\/"},"modified":"2025-11-26T11:02:18","modified_gmt":"2025-11-26T11:02:18","slug":"le-fmi-presse-lallemagne-de-mener-des-reformes-audacieuses-supplementaires-pour-relancer-son-economie","status":"publish","type":"post","link":"https:\/\/www.europesays.com\/fr\/559790\/","title":{"rendered":"le FMI presse l&rsquo;Allemagne de mener des \u00ab\u00a0r\u00e9formes audacieuses suppl\u00e9mentaires\u00a0\u00bb pour relancer son \u00e9conomie"},"content":{"rendered":"<p>En d\u00e9pit du \u00ab\u00a0bazooka budg\u00e9taire\u00a0\u00bb voulu par Friedrich Merz, le FMI estime que l&rsquo;Allemagne aura besoin de \u00ab\u00a0r\u00e9formes audacieuses suppl\u00e9mentaires\u00a0\u00bb pour soutenir son \u00e9conomie.<\/p>\n<p>Le Fonds mon\u00e9taire international (FMI) a press\u00e9 mercredi l&rsquo;Allemagne d&rsquo;accompagner son effort budg\u00e9taire de \u00ab\u00a0r\u00e9formes audacieuses\u00a0\u00bb pour garantir une reprise durable apr\u00e8s deux ans de r\u00e9cession. Arriv\u00e9 au pouvoir au printemps, <a href=\"https:\/\/www.bfmtv.com\/economie\/c-est-un-grand-bazooka-l-allemagne-se-convertit-au-quoi-qu-il-en-coute-pour-relancer-son-economie-en-souffrance_AD-202503050158.html\" title=\"&quot;C&#039;est un grand bazooka&quot;: l&#039;Allemagne se convertit au &quot;quoi qu&#039;il en co\u00fbte&quot; pour relancer son \u00e9conomie en souffrance\" class=\"internal_link\" target=\"_blank\" rel=\"noopener\">le chancelier conservateur Friedrich Merz a fait adopter un \u00ab\u00a0bazooka\u00a0\u00bb budg\u00e9taire<\/a> pour moderniser les infrastructures vieillissantes du pays et le r\u00e9armer face aux bouleversements g\u00e9opolitiques, via la lev\u00e9e du frein constitutionnel \u00e0 la dette.<\/p>\n<p>Une \u00ab\u00a0r\u00e9forme embl\u00e9matique\u00a0\u00bb qui \u00ab\u00a0devrait contribuer \u00e0 soutenir une reprise \u00e9conomique progressive\u00a0\u00bb, approuve le FMI dans un rapport sur l&rsquo;Allemagne publi\u00e9 apr\u00e8s une visite de repr\u00e9sentants de l&rsquo;institution en novembre.<\/p>\n<p><img decoding=\"async\" src=\"https:\/\/www.europesays.com\/fr\/wp-content\/uploads\/2025\/09\/principale-128_2.jpg\"  alt=\"Annalisa Cappellini : L'Allemagne prise en \u00e9tau par la Chine - 18\/11\" title=\"Annalisa Cappellini : L'Allemagne prise en \u00e9tau par la Chine - 18\/11\"\/>Annalisa Cappellini : L&rsquo;Allemagne prise en \u00e9tau par la Chine &#8211; 18\/11<\/p>\n<p>De 0,2% pr\u00e9vue cette ann\u00e9e, la croissance du PIB allemand devrait s&rsquo;acc\u00e9l\u00e9rer pour atteindre 0,9% en 2026 et 1,5% en 2027, selon les pr\u00e9visions du FMI. Mais l&rsquo;Allemagne reste affaiblie par un vieillissement rapide, une productivit\u00e9 en berne et des p\u00e9nuries de main-d&rsquo;\u0153uvre, rel\u00e8ve le rapport.<\/p>\n<blockquote class=\"embed embed_quote\"><p>Aussi, \u00ab\u00a0sans r\u00e9formes audacieuses suppl\u00e9mentaires tant au niveau national qu&rsquo;au niveau europ\u00e9en, l&rsquo;Allemagne fait toujours face \u00e0 des perspectives de croissance \u00e0 moyen terme difficiles\u00a0\u00bb, pr\u00e9vient l&rsquo;institution bas\u00e9e \u00e0 Washington.<\/p><\/blockquote>\n<p>Des baisses d&rsquo;imp\u00f4ts \u00ab\u00a0co\u00fbteuses et d\u00e9formantes\u00a0\u00bb<\/p>\n<p>Selon le FMI, ces r\u00e9formes devraient servir \u00e0 stimuler l&rsquo;innovation et la num\u00e9risation, simplifier la bureaucratie et accro\u00eetre l&rsquo;offre de travail \u2013 notamment pour les femmes, les seniors et les immigr\u00e9s. Les nouvelles ressources financi\u00e8res devraient quant \u00e0 elles servir \u00e0 moderniser l&rsquo;\u00e9conomie, plut\u00f4t qu&rsquo;\u00e0 des mesures ponctuelles ou des baisses d&rsquo;imp\u00f4ts jug\u00e9es \u00ab\u00a0co\u00fbteuses et d\u00e9formantes\u00a0\u00bb.<\/p>\n<p>Friedrich Merz a d\u00e9fendu mercredi l&rsquo;action de la coalition avec les sociaux-d\u00e9mocrates, qui essuie des critiques, \u00e9num\u00e9rant les r\u00e9formes prises comme la baisse de la fiscalit\u00e9 des entreprises et du prix de l&rsquo;\u00e9lectricit\u00e9, lors des d\u00e9bats sur le budget 2026 au Bundestag. La veille, devant le congr\u00e8s du lobby patronal BDA, il a compar\u00e9 l&rsquo;Allemagne \u00e0 un \u00ab\u00a0navire de grande taille\u00a0\u00bb qu&rsquo;on ne peut pas \u00ab\u00a0faire virer en quelques jours comme un hors-bord qui effectue un demi-tour\u00a0\u00bb, car \u00ab\u00a0cela prend du temps\u00a0\u00bb.<\/p>\n<p>L&rsquo;\u00e9conomie allemande a subi ces derni\u00e8res ann\u00e9es la hausse des prix de l&rsquo;\u00e9nergie apr\u00e8s la guerre russe en Ukraine et <a href=\"https:\/\/www.bfmtv.com\/economie\/entreprises\/industries\/c-etait-le-fleuron-historique-de-l-industrie-nationale-comment-la-siderurgie-allemande-s-est-retrouvee-au-bord-du-gouffre-en-quelques-annees_AD-202511090293.html\" title=\"C&#039;\u00e9tait le fleuron historique de l&#039;industrie nationale: comment la sid\u00e9rurgie allemande s&#039;est retrouv\u00e9e au bord du gouffre en quelques ann\u00e9es\" class=\"internal_link\" target=\"_blank\" rel=\"noopener\">a vu son industrie se d\u00e9liter<\/a> face \u00e0 la faible demande mondiale et \u00e0 la concurrence chinoise. D\u00e9sormais les tensions commerciales et la volatilit\u00e9 des mati\u00e8res premi\u00e8res accroissent les risques pour la croissance de la premi\u00e8re \u00e9conomie europ\u00e9enne, selon le FMI.<\/p>\n<p>Partager <\/p>\n","protected":false},"excerpt":{"rendered":"En d\u00e9pit du \u00ab\u00a0bazooka budg\u00e9taire\u00a0\u00bb voulu par Friedrich Merz, le FMI estime que l&rsquo;Allemagne aura besoin de \u00ab\u00a0r\u00e9formes&hellip;\n","protected":false},"author":2,"featured_media":559791,"comment_status":"","ping_status":"","sticky":false,"template":"","format":"standard","meta":{"footnotes":""},"categories":[1587],"tags":[11,672,1804,1805,1803,1777,674,1801,12,1802],"class_list":{"0":"post-559790","1":"post","2":"type-post","3":"status-publish","4":"format-standard","5":"has-post-thumbnail","7":"category-allemagne","8":"tag-actualites","9":"tag-allemagne","10":"tag-bundesrepublik-deutschland","11":"tag-de","12":"tag-deutschland","13":"tag-eu","14":"tag-europe","15":"tag-germany","16":"tag-news","17":"tag-republique-federale-dallemagne"},"share_on_mastodon":{"url":"https:\/\/pubeurope.com\/@fr\/115615665822760852","error":""},"_links":{"self":[{"href":"https:\/\/www.europesays.com\/fr\/wp-json\/wp\/v2\/posts\/559790","targetHints":{"allow":["GET"]}}],"collection":[{"href":"https:\/\/www.europesays.com\/fr\/wp-json\/wp\/v2\/posts"}],"about":[{"href":"https:\/\/www.europesays.com\/fr\/wp-json\/wp\/v2\/types\/post"}],"author":[{"embeddable":true,"href":"https:\/\/www.europesays.com\/fr\/wp-json\/wp\/v2\/users\/2"}],"replies":[{"embeddable":true,"href":"https:\/\/www.europesays.com\/fr\/wp-json\/wp\/v2\/comments?post=559790"}],"version-history":[{"count":0,"href":"https:\/\/www.europesays.com\/fr\/wp-json\/wp\/v2\/posts\/559790\/revisions"}],"wp:featuredmedia":[{"embeddable":true,"href":"https:\/\/www.europesays.com\/fr\/wp-json\/wp\/v2\/media\/559791"}],"wp:attachment":[{"href":"https:\/\/www.europesays.com\/fr\/wp-json\/wp\/v2\/media?parent=559790"}],"wp:term":[{"taxonomy":"category","embeddable":true,"href":"https:\/\/www.europesays.com\/fr\/wp-json\/wp\/v2\/categories?post=559790"},{"taxonomy":"post_tag","embeddable":true,"href":"https:\/\/www.europesays.com\/fr\/wp-json\/wp\/v2\/tags?post=559790"}],"curies":[{"name":"wp","href":"https:\/\/api.w.org\/{rel}","templated":true}]}}