{"id":559794,"date":"2025-11-26T11:04:28","date_gmt":"2025-11-26T11:04:28","guid":{"rendered":"https:\/\/www.europesays.com\/fr\/559794\/"},"modified":"2025-11-26T11:04:28","modified_gmt":"2025-11-26T11:04:28","slug":"lambassadeur-perrone-convoque-pour-entorse-au-protocole","status":"publish","type":"post","link":"https:\/\/www.europesays.com\/fr\/559794\/","title":{"rendered":"l\u2019ambassadeur Perrone convoqu\u00e9 pour \u00ab entorse au protocole \u00bb"},"content":{"rendered":"<p><strong>Incident rare, le 25 novembre 2025, au Palais de Carthage, le pr\u00e9sident Ka\u00efs Sa\u00efed a convoqu\u00e9 l\u2019ambassadeur de l\u2019Union europ\u00e9enne en Tunisie, Giuseppe Perrone, pour lui faire part d\u2019une \u00ab protestation vigoureuse \u00bb : selon la pr\u00e9sidence, l\u2019\u00e9missaire aurait commis des \u00ab violations des usages diplomatiques \u00bb. Un coup de froid diplomatique \u00e0 propos de d\u00e9marches \u00ab hors cadre \u00bb qui n\u2019a pas manqu\u00e9 d\u2019attirer l\u2019attention des chancelleries occidentales. <\/strong><\/p>\n<p>Le c\u0153ur du <a href=\"https:\/\/www.facebook.com\/Presidence.tn\/posts\/pfbid0Jj7yqzYUoCcDcwt91cvaboksgzkYkWnT2YhpLyGJvG9Kjn3HpaqnfnpyJBKsXE3Cl\" target=\"_blank\" rel=\"noopener\">m\u00e9contentement officiel<\/a> porte sur plusieurs rencontres tenues en marge des cadres diplomatiques traditionnels \u2014 en particulier un entretien entre l\u2019ambassadeur et le secr\u00e9taire g\u00e9n\u00e9ral du principal syndicat tunisien UGTT, Noureddine Taboubi, mais pas uniquement. Perrone a aussi r\u00e9cemment rencontr\u00e9 le leadership de <a href=\"https:\/\/www.lecourrierdelatlas.com\/le-patronat-tunisien-demande-le-retrait-du-nouvel-impot-sur-la-fortune\/\" target=\"_blank\" rel=\"noopener\">la centrale patronale UTICA<\/a> (l\u2019Union tunisienne de l\u2019industrie, du commerce et de l\u2019artisanat). Lors de cette rencontre, il a \u00e9voqu\u00e9 la volont\u00e9 de l\u2019UE de moderniser les accords commerciaux tuniso-europ\u00e9ens. L\u2019entretien a \u00ab r\u00e9uni plusieurs membres du bureau ex\u00e9cutif national de l\u2019UTICA \u00bb ainsi que des repr\u00e9sentants de secteurs \u00e9conomiques, selon un compte rendu.<\/p>\n<p><img data-lazyloaded=\"1\" fetchpriority=\"high\" decoding=\"async\" class=\"wp-image-207760 aligncenter\" src=\"https:\/\/www.europesays.com\/fr\/wp-content\/uploads\/2025\/11\/587929541_122207882612099200_7541163257217779168_n-300x222.jpg\" alt=\"\" width=\"454\" height=\"336\"  data-\/><\/p>\n<p>Une d\u00e9l\u00e9gation europ\u00e9enne a pr\u00e9sent\u00e9 la r\u00e9union du lundi avec le chef de la Centrale syndicale comme une occasion de \u00ab valoriser le r\u00f4le de l\u2019UGTT dans le soutien au dialogue social et au d\u00e9veloppement \u00e9conomique en Tunisie \u00bb, tout en appelant au renforcement du partenariat. Le journal Al-Shaab News (affili\u00e9 \u00e0 l\u2019UGTT) a rapport\u00e9 que Perrone avait d\u00e9clar\u00e9 que cette rencontre avait eu lieu simplement \u00e0 l\u2019occasion du 30e anniversaire de l\u2019accord de partenariat entre la Tunisie et l\u2019Union europ\u00e9enne.<\/p>\n<p>\u00a0<\/p>\n<p>Une ligne souverainiste qui ne tol\u00e8re aucune \u00ab\u00a0ing\u00e9rence\u00a0\u00bb<\/p>\n<p>Ces contacts ont \u00e9t\u00e9 per\u00e7us par Carthage comme autant de d\u00e9passements des r\u00e8gles du \u00ab travail diplomatique \u00bb et des \u00ab canaux officiels reconnus \u00bb. La pr\u00e9sidence tunisienne a en effet rappel\u00e9 que l\u2019ambassadeur, en tant que repr\u00e9sentant pl\u00e9nipotentiaire de l\u2019UE aupr\u00e8s de l\u2019\u00c9tat tunisien et de ses institutions, doit respecter strictement les proc\u00e9dures diplomatiques, sans recourir \u00e0 des initiatives unilat\u00e9rales ou des d\u00e9marches \u00ab hors normes \u00bb.<\/p>\n<p>Le repr\u00e9sentant de l\u2019UE a-t-il p\u00e9ch\u00e9 par manque de discernement en ne prenant pas en compte notamment les actuels rapports extr\u00eamement tendus entre le chef de l\u2019Etat tunisien et l\u2019UGTT\u00a0? Officiellement, le communiqu\u00e9 ne pr\u00e9cise pas toutefois quelle partie exacte des protocoles a \u00e9t\u00e9 enfreinte \u2014 ni la nature pr\u00e9cise des \u00e9changes qui posent probl\u00e8me, sachant que ce n\u2019est pas la premi\u00e8re fois que de hauts officiels europ\u00e9ens proc\u00e8dent \u00e0 de tels entretiens.<\/p>\n<p>En l\u2019absence de d\u00e9tails, certains observateurs estiment que cette convocation s\u2019inscrit dans un contexte plus large de tensions entre Tunis et Bruxelles, marqu\u00e9es par des d\u00e9saccords sur la souverainet\u00e9, la gestion des partenariats \u00e9conomiques et sociaux, mais aussi sur la place des syndicats et de la soci\u00e9t\u00e9 civile.<\/p>\n<p>Pour le pouvoir tunisien, il s\u2019agit de rappeler les \u00ab limites \u00bb du r\u00f4le diplomatique : un rappel d\u2019autorit\u00e9 afin de garantir que les relations de coop\u00e9ration se fassent selon des voies institutionnelles clairement \u00e9tablies.<\/p>\n<p>Du c\u00f4t\u00e9 de l\u2019Union europ\u00e9enne, aucune r\u00e9action officielle n\u2019avait \u00e9t\u00e9 publi\u00e9e au moment des premi\u00e8res d\u00e9p\u00eaches \u2014 ce silence pourrait sugg\u00e9rer une volont\u00e9 d\u2019\u00e9valuer les implications diplomatiques avant de r\u00e9agir, ou bien de privil\u00e9gier la discr\u00e9tion dans un contexte sensible.<\/p>\n<p>L\u2019affaire illustre quoi qu\u2019il en soit \u00e0 la fois la fragilit\u00e9 des \u00e9quilibres diplomatiques actuels entre la Tunisie et ses partenaires europ\u00e9ens, et la sensibilit\u00e9 accrue \u00e0 tout ce qui peut \u00eatre per\u00e7u comme ing\u00e9rence, directe ou indirecte, dans les affaires internes du pays. En convoquant l\u2019ambassadeur, Carthage envoie un signal ferme quant \u00e0 sa conception de la souverainet\u00e9 et du respect des normes diplomatiques \u2014 un message dont les r\u00e9percussions sur la coop\u00e9ration future restent \u00e0 mesurer.<\/p>\n","protected":false},"excerpt":{"rendered":"Incident rare, le 25 novembre 2025, au Palais de Carthage, le pr\u00e9sident Ka\u00efs Sa\u00efed a convoqu\u00e9 l\u2019ambassadeur de&hellip;\n","protected":false},"author":2,"featured_media":559795,"comment_status":"","ping_status":"","sticky":false,"template":"","format":"standard","meta":{"footnotes":""},"categories":[1586],"tags":[11,312,1777,674,1779,1011,27,35535,15892,12,25,1778,364],"class_list":{"0":"post-559794","1":"post","2":"type-post","3":"status-publish","4":"format-standard","5":"has-post-thumbnail","7":"category-europe","8":"tag-actualites","9":"tag-diplomatie","10":"tag-eu","11":"tag-europe","12":"tag-european-union","13":"tag-fr","14":"tag-france","15":"tag-incident","16":"tag-kais-saied","17":"tag-news","18":"tag-republique-francaise","19":"tag-ue","20":"tag-union-europeenne"},"share_on_mastodon":{"url":"https:\/\/pubeurope.com\/@fr\/115615673522360756","error":""},"_links":{"self":[{"href":"https:\/\/www.europesays.com\/fr\/wp-json\/wp\/v2\/posts\/559794","targetHints":{"allow":["GET"]}}],"collection":[{"href":"https:\/\/www.europesays.com\/fr\/wp-json\/wp\/v2\/posts"}],"about":[{"href":"https:\/\/www.europesays.com\/fr\/wp-json\/wp\/v2\/types\/post"}],"author":[{"embeddable":true,"href":"https:\/\/www.europesays.com\/fr\/wp-json\/wp\/v2\/users\/2"}],"replies":[{"embeddable":true,"href":"https:\/\/www.europesays.com\/fr\/wp-json\/wp\/v2\/comments?post=559794"}],"version-history":[{"count":0,"href":"https:\/\/www.europesays.com\/fr\/wp-json\/wp\/v2\/posts\/559794\/revisions"}],"wp:featuredmedia":[{"embeddable":true,"href":"https:\/\/www.europesays.com\/fr\/wp-json\/wp\/v2\/media\/559795"}],"wp:attachment":[{"href":"https:\/\/www.europesays.com\/fr\/wp-json\/wp\/v2\/media?parent=559794"}],"wp:term":[{"taxonomy":"category","embeddable":true,"href":"https:\/\/www.europesays.com\/fr\/wp-json\/wp\/v2\/categories?post=559794"},{"taxonomy":"post_tag","embeddable":true,"href":"https:\/\/www.europesays.com\/fr\/wp-json\/wp\/v2\/tags?post=559794"}],"curies":[{"name":"wp","href":"https:\/\/api.w.org\/{rel}","templated":true}]}}