{"id":55980,"date":"2025-04-27T04:24:19","date_gmt":"2025-04-27T04:24:19","guid":{"rendered":"https:\/\/www.europesays.com\/fr\/55980\/"},"modified":"2025-04-27T04:24:19","modified_gmt":"2025-04-27T04:24:19","slug":"metropole-de-lyon-quelles-sont-les-10-stations-de-metro-les-plus-frequentees-de-lyon","status":"publish","type":"post","link":"https:\/\/www.europesays.com\/fr\/55980\/","title":{"rendered":"M\u00e9tropole de Lyon. Quelles sont les 10 stations de m\u00e9tro les plus fr\u00e9quent\u00e9es de Lyon ?"},"content":{"rendered":"<p>10e\u00a0: Gorge de Loup\u00a0<\/p>\n<p>22 542\u00a0<\/p>\n<p>On d\u00e9marre ce classement\u00a0avec\u00a0la premi\u00e8re station de m\u00e9tro qui est aussi une gare \u00e0 Lyon.<br \/><strong>Gorge de Loup<\/strong> est\u00a0derni\u00e8re de ce classement donc, mais premi\u00e8re sur la dur\u00e9e de correspondance entre deux stations. \u00c0 votre avis, combien de temps faut-il pour rallier Vieux Lyon en traversant la colline sous Fourvi\u00e8re ? Et bien environ 1 min 58.<\/p>\n<p>Si jamais vous vous posiez la question, il faut (\u00e0 peu pr\u00e8s) 45 minutes pour faire le trajet \u00e0 pied. Sinon, vous \u00eates<br \/>22 542 \u00e0 l&#8217;emprunter quotidiennement.<\/p>\n<p>    &#13;<br \/>\n    &#13;<br \/>\n    &#13;<br \/>\n    <a href=\"https:\/\/cdn-s-www.leprogres.fr\/images\/69139e4d-90d4-44dd-b525-f7493c94ad60\/NW_raw\/la-station-gorge-de-loup-bondee-un-matin-en-semaine-photo-e-m-1745418924.jpg\" title=\"La station Gorge de Loup bond\u00e9e un matin en semaine. Photo E.M\" class=\"chocolat-image GA-tracking\" data-ga_type=\"click\" data-ga_category=\"D\u00e9tail\" data-ga_action=\"zoomer\" data-ga_label=\"aggrandir image\" target=\"_blank\" rel=\"noopener\">&#13;<br \/>\n        <img src=\"https:\/\/www.europesays.com\/fr\/wp-content\/uploads\/2025\/04\/la-station-gorge-de-loup-bondee-un-matin-en-semaine-photo-e-m-1745418924.jpg\"   alt=\"La station Gorge de Loup bond\u00e9e un matin en semaine. Photo E.M\" fetchpriority=\"high\" decoding=\"async\" data-mobile=\"NW_listA_M|1745418924\" data-base=\"NW_listA|1745418924\"\/>&#13;<br \/>\n    <\/a>&#13;<\/p>\n<p>La station Gorge de Loup bond\u00e9e un matin en semaine. Photo E.M<\/p>\n<p>9e : Jean-Mac\u00e9\u00a0<\/p>\n<p>23 348<\/p>\n<p>On change de station et on part \u00e0 <strong>Jean-Mac\u00e9<\/strong>\u00a0sur la fameuse ligne B qui conna\u00eet, malheureusement, <a href=\"https:\/\/www.leprogres.fr\/transport\/2025\/04\/27\/\u00ab\u00a0Je suis le mal aim\u00e9\u00a0\u00bb\u00a0: dans la peau du m\u00e9tro B\" target=\"_blank\" rel=\"noopener\">plusieurs probl\u00e8mes depuis l&rsquo;automatisation<\/a>\u00a0du m\u00e9tro en 2022. Depuis cette mise \u00e0 jour, il y a presque trois ans maintenant, une rame peut transporter jusqu\u2019\u00e0 325 passagers. Les rames pouvant \u00eatre doubl\u00e9es, vous \u00eates parfois plus de 650 lors d&rsquo;un m\u00eame trajet, \u00e7a en fait du monde&#8230;<\/p>\n<p>Au total : il y a 23 348 usagers en moyenne tous les jours.<\/p>\n<p>    &#13;<br \/>\n    &#13;<br \/>\n    &#13;<br \/>\n    <a href=\"https:\/\/cdn-s-www.leprogres.fr\/images\/c0889f4d-2eca-4fa7-a1e8-419a6fafb389\/NW_raw\/la-station-jean-mace-photo-norbert-grisay-1745413336.jpg\" title=\"La station Jean Mac\u00e9. Photo Norbert Grisay\" class=\"chocolat-image GA-tracking\" data-ga_type=\"click\" data-ga_category=\"D\u00e9tail\" data-ga_action=\"zoomer\" data-ga_label=\"aggrandir image\" target=\"_blank\" rel=\"noopener\">&#13;<br \/>\n        <img src=\"https:\/\/www.europesays.com\/fr\/wp-content\/uploads\/2025\/04\/la-station-jean-mace-photo-norbert-grisay-1745413336.jpg\"   alt=\"La station Jean Mac\u00e9. Photo Norbert Grisay\" fetchpriority=\"high\" decoding=\"async\" data-mobile=\"NW_listA_M|1745413336\" data-base=\"NW_listA|1745413336\"\/>&#13;<br \/>\n    <\/a>&#13;<\/p>\n<p>La station Jean Mac\u00e9. Photo Norbert Grisay<\/p>\n<p>  &#13;<br \/>\n      <a href=\"https:\/\/cdn-s-www.leprogres.fr\/images\/1865c8c5-caef-414e-8a8e-c9c3584791b8\/NW_raw\/vous-reconnaissez-surement-l-escalator-qui-permet-d-acceder-au-metro-a-depuis-le-niveau-1-du-centre-perrache-photo-remi-liogier-1745414903.jpg\" title=\"Vous reconnaissez s\u00fbrement l&#039;escalator qui permet d&#039;acc\u00e9der au m\u00e9tro A depuis le niveau 1 du centre Perrache. Photo R\u00e9mi Liogier\" class=\"chocolat-image GA-tracking\" data-ga_type=\"click\" data-ga_category=\"D\u00e9tail\" data-ga_action=\"zoomer\" data-ga_label=\"agrandir image\" target=\"_blank\" rel=\"noopener\">&#13;<br \/>\n          <img loading=\"lazy\" decoding=\"async\" src=\"https:\/\/www.europesays.com\/fr\/wp-content\/uploads\/2025\/04\/vous-reconnaissez-surement-l-escalator-qui-permet-d-acceder-au-metro-a-depuis-le-niveau-1-du-centre-.jpeg\" data-mobile=\"NW_listC_M|1745414903\" data-base=\"NW_listC|1745414903\" alt=\"Vous reconnaissez s\u00fbrement l'escalator qui permet d'acc\u00e9der au m\u00e9tro A depuis le niveau 1 du centre Perrache. Photo R\u00e9mi Liogier\"\/>&#13;<br \/>\n      <\/a>&#13;<\/p>\n<p>Vous reconnaissez s\u00fbrement l&rsquo;escalator qui permet d&rsquo;acc\u00e9der au m\u00e9tro A depuis le niveau 1 du centre Perrache. Photo R\u00e9mi Liogier<\/p>\n<p>&#13;<\/p>\n<p>8e\u00a0: Perrache<\/p>\n<p>24 432\u00a0<\/p>\n<p>On continue avec les \u00ab\u00a0station\/gare\u00a0\u00bb avec le point de d\u00e9part, ou le terminus de la ligne A \u00a0:<strong> Perrache<\/strong>. Situ\u00e9e entre la place Carnot et la place des Archives, cette station accueille 24 432 usagers.<\/p>\n<p>En ce moment les travaux de la passerelle ne vous facilite pas la vie pour acc\u00e9der au m\u00e9tro. Mais les travaux de ce centre d&rsquo;\u00e9changes, vont lui permettre d&rsquo;enfin retrouver une nouvelle jeunesse.<\/p>\n<p>7e\u00a0: Grange Blanche\u00a0<\/p>\n<p>25 982\u00a0<\/p>\n<p>Bien plac\u00e9e entre le 3e et le 8e arrondissement, beaucoup d&rsquo;usagers essayent de rejoindre la station <strong>Grange Blanche<\/strong> pour avoir acc\u00e8s au m\u00e9tro D (et au tram T2, bien entendu, mais on ne s&rsquo;y int\u00e9resse pas aujourd&rsquo;hui).\u00a0<\/p>\n<p>\u00c0 deux pas de l&rsquo;h\u00f4pital Edouard Herriot et de la facult\u00e9 de M\u00e9decine Lyon Est, on reste dans la tranche des 20 000 et 30 000 voyageurs quotidiens avec 25 982 personnes.\u00a0<\/p>\n<p>    &#13;<br \/>\n    &#13;<br \/>\n    &#13;<br \/>\n    <a href=\"https:\/\/cdn-s-www.leprogres.fr\/images\/377390f4-330f-4e48-8e23-8b15538ad76b\/NW_raw\/la-station-grange-blanche-lors-des-derniers-test-de-la-ligne-d-le-5-avril-1991-photo-d-archives-le-progres-1745415353.jpg\" title=\"La station Grange Blanche lors des derniers test de la ligne D le 5 avril 1991. Photo d&#039;archives Le Progres\" class=\"chocolat-image GA-tracking\" data-ga_type=\"click\" data-ga_category=\"D\u00e9tail\" data-ga_action=\"zoomer\" data-ga_label=\"aggrandir image\" target=\"_blank\" rel=\"noopener\">&#13;<br \/>\n        <img src=\"https:\/\/www.europesays.com\/fr\/wp-content\/uploads\/2025\/04\/la-station-grange-blanche-lors-des-derniers-test-de-la-ligne-d-le-5-avril-1991-photo-d-archives-le-p.jpeg\"   alt=\"La station Grange Blanche lors des derniers test de la ligne D le 5 avril 1991. Photo d'archives Le Progres\" fetchpriority=\"high\" decoding=\"async\" data-mobile=\"NW_listA_M|1745415353\" data-base=\"NW_listA|1745415353\"\/>&#13;<br \/>\n    <\/a>&#13;<\/p>\n<p>La station Grange Blanche lors des derniers test de la ligne D le 5 avril 1991. Photo d&rsquo;archives Le Progres<\/p>\n<p>  &#13;<br \/>\n      <a href=\"https:\/\/cdn-s-www.leprogres.fr\/images\/8c1d4cdd-71b0-4c9a-89c0-5272b8104a06\/NW_raw\/la-station-gare-de-vaise-gerard-collomb-photo-regis-barnes-1745416830.jpg\" title=\"La station gare de Vaise - G\u00e9rard Collomb. Photo R\u00e9gis\u00a0Barnes\" class=\"chocolat-image GA-tracking\" data-ga_type=\"click\" data-ga_category=\"D\u00e9tail\" data-ga_action=\"zoomer\" data-ga_label=\"agrandir image\" target=\"_blank\" rel=\"noopener\">&#13;<br \/>\n          <img loading=\"lazy\" decoding=\"async\" src=\"https:\/\/www.europesays.com\/fr\/wp-content\/uploads\/2025\/04\/la-station-gare-de-vaise-gerard-collomb-photo-regis-barnes-1745416830.jpg\" data-mobile=\"NW_listC_M|1745416830\" data-base=\"NW_listC|1745416830\" alt=\"La station gare de Vaise - G\u00e9rard Collomb. Photo R\u00e9gis\u00a0Barnes\"\/>&#13;<br \/>\n      <\/a>&#13;<\/p>\n<p>La station gare de Vaise &#8211; G\u00e9rard Collomb. Photo R\u00e9gis\u00a0Barnes<\/p>\n<p>&#13;<\/p>\n<p>26 142<\/p>\n<p>Elle vient de <a href=\"https:\/\/www.leprogres.fr\/politique\/2024\/06\/20\/hommage-a-gerard-collomb-a-vaise-la-station-de-metro-porte-desormais-le-nom-de-l-ancien-maire\" target=\"_blank\" rel=\"noopener\">changer de nom <\/a>en juin 2024. Il\u00a0y avait la station de m\u00e9tro H\u00f4tel de Ville-Louis Pradel, il y a d\u00e9sormais la station <strong>Gare de Vaise-G\u00e9rard Collomb<\/strong>. Cette station, fra\u00eechement renomm\u00e9e donc, voit passer 26 142 utilisateurs en moyenne tous les jours.\u00a0<\/p>\n<p>Le maire \u00e9cologiste de Lyon <a href=\"https:\/\/www.leprogres.fr\/p\/gregory-doucet\" target=\"_blank\" rel=\"noopener\">Gr\u00e9gory Doucet<\/a> et le pr\u00e9sident de la M\u00e9tropole <a href=\"https:\/\/www.leprogres.fr\/p\/bruno-bernard\" target=\"_blank\" rel=\"noopener\">Bruno Bernard<\/a> avaient d\u00e9voil\u00e9\u00a0le panneau d\u2019entr\u00e9e avec le changement de nom en juin 2024.<\/p>\n<p>5e\u00a0: Part-Dieu<\/p>\n<p>40 877\u00a0<\/p>\n<p>Promis, c&rsquo;est la derni\u00e8re \u00ab\u00a0station\/gare\u00a0\u00bb du classement. On passe la barre des 40 000 usagers par jour en moyenne avec la station <strong>Part-Dieu<\/strong>. Rien d&rsquo;\u00e9tonnant, mais \u00e7a fait quand m\u00eame presque 15 millions de personnes par an.<\/p>\n<p>\u00c9videmment, on va parler du nouvel acc\u00e8s au m\u00e9tro depuis la gare.\u00a0L\u2019inauguration, c&rsquo;\u00e9tait le vendredi 11\u00a0avril dernier. D\u00e9sormais, vous pouvez acc\u00e9der directement \u00e0 la station du m\u00e9tro B via ce nouveau passage. Un escalator, puis un tapis roulant et vous pouvez acc\u00e9der aux bornes du m\u00e9tro, pratique quand on a une valise.<\/p>\n<p>4e\u00a0: H\u00f4tel de Ville &#8211; Louis Pradel\u00a0<\/p>\n<p>50 061\u00a0<\/p>\n<p>La place des Terreaux, l&rsquo;Op\u00e9ra national, le mus\u00e9e des Beaux-Arts et bien s\u00fbr l&rsquo;H\u00f4tel de Ville, on est bien au c\u0153ur<br \/>du 1er arrondissement de Lyon.\u00a0Plus de 50 000 voyageurs empruntent le m\u00e9tro de cette station de la ligne A et de la ligne C (premi\u00e8re et derni\u00e8re fois qu&rsquo;on en parle pour ce top).<\/p>\n<p>Le\u00a028 avril 1978, le m\u00e9tro de Lyon a \u00e9t\u00e9 inaugur\u00e9 par\u00a0<a href=\"https:\/\/www.leprogres.fr\/p\/valery-giscard-d-estaing\" target=\"_blank\" rel=\"noopener\">Val\u00e9ry Giscard d&rsquo;Estaing<\/a>, pr\u00e9sident de la R\u00e9publique et\u00a0Raymond Barre premier ministre de l&rsquo;\u00e9poque, en pr\u00e9sence des maires de Lyon,\u00a0Francisque Collomb\u00a0et de Villeurbanne,\u00a0Charles Hernu. <\/p>\n<p>Petite info bonus : Pour rejoindre la station <strong>Foch<\/strong>, la correspondance ne se fait pas sous le Rh\u00f4ne, mais bien dans le <br \/>pont Morand qui a \u00e9t\u00e9 reconstruit en 1976, creux \u00e0 l&rsquo;int\u00e9rieur, vous l&rsquo;aurez compris pour laisser passer les rames.<\/p>\n<ul class=\"galerieContent carousel-wrapper__slides\" id=\"a3179976-420a-42d7-a9e2-95acb75c4d32\">        &#13;<\/p>\n<li class=\"carousel-wrapper__slides--slide item\" id=\"slide-1\">&#13;<br \/>\n                                    &#13;<br \/>\n                        <a class=\"chocolat-image GA-tracking\" data-ga_type=\"click\" data-ga_category=\"D\u00e9tail\" data-ga_action=\"zoomer\" data-ga_label=\"aggrandir image\" href=\"https:\/\/cdn-s-www.leprogres.fr\/images\/1c0bbb80-6b91-487f-8a53-070dd1069569\/NW_raw\/le-metro-c-du-reseau-de-transports-en-commun-lyonnais-a-la-station-hotel-de-ville-photo-d-illustration-norbert-grisay-1730155956.jpg\" title=\"Le m\u00e9tro C du r\u00e9seau de transports en commun lyonnais \u00e0 la station H\u00f4tel de Ville. Photo d&#039;illustration Norbert Grisay\" target=\"_blank\" rel=\"noopener\">&#13;<br \/>\n                            <img decoding=\"async\" src=\"https:\/\/www.europesays.com\/fr\/wp-content\/uploads\/2025\/04\/le-metro-c-du-reseau-de-transports-en-commun-lyonnais-a-la-station-hotel-de-ville-photo-d-illustrati.jpeg\"   alt=\"Le m\u00e9tro C du r\u00e9seau de transports en commun lyonnais \u00e0 la station H\u00f4tel de Ville. Photo d'illustration Norbert Grisay\" fetchpriority=\"high\" data-mobile=\"NW_listA_M|1730155956\" data-base=\"NW_listA|1743413192\"\/>&#13;<br \/>\n                        <\/a>&#13;<\/p>\n<p>Le m\u00e9tro C du r\u00e9seau de transports en commun lyonnais \u00e0 la station H\u00f4tel de Ville. Photo d&rsquo;illustration Norbert Grisay<\/p>\n<p>                        &#13;<br \/>\n                                           &#13;\n                <\/li>\n<p>&#13;<br \/>\n            &#13;<\/p>\n<li class=\"carousel-wrapper__slides--slide item slideWithPub\" id=\"slide-2\">&#13;<br \/>\n                        &#13;<br \/>\n                            <a class=\"chocolat-image\" title=\"Publicit\u00e9\" href=\"data:image\/gif;base64,R0lGODlhAQABAAD\/ACwAAAAAAQABAAACADs=\">&#13;<br \/>\n                                <img decoding=\"async\" src=\"data:image\/gif;base64,R0lGODlhAQABAAD\/ACwAAAAAAQABAAACADs=\" alt=\"Publicit\u00e9\" loading=\"lazy\" fetchpriority=\"low\"\/>&#13;<br \/>\n                            <\/a>&#13;<br \/>\n                        &#13;\n                    <\/li>\n<p>&#13;<\/p>\n<li class=\"carousel-wrapper__slides--slide item\" id=\"slide-3\">&#13;<br \/>\n                                    &#13;<br \/>\n                        <a class=\"chocolat-image GA-tracking\" data-ga_type=\"click\" data-ga_category=\"D\u00e9tail\" data-ga_action=\"zoomer\" data-ga_label=\"aggrandir image\" href=\"https:\/\/cdn-s-www.leprogres.fr\/images\/cfc591fb-202f-44af-9157-c1366d455e73\/NW_raw\/au-debut-du-20e-siecle-le-pont-morand-etait-un-ouvrage-metallique-sur-piles-maconnees-large-de-11-metres-avec-deux-trottoirs-de-4-50-metres-photo-sylvie-silvestre-1745418924.jpg\" title=\"Au d\u00e9but du 20e si\u00e8cle, le pont Morand \u00e9tait un ouvrage m\u00e9tallique sur piles ma\u00e7onn\u00e9es large de 11 m\u00e8tres, avec deux trottoirs de 4,50 m\u00e8tres. Photo Sylvie Silvestre\" target=\"_blank\" rel=\"noopener\">&#13;<br \/>\n                            <img decoding=\"async\" src=\"https:\/\/www.europesays.com\/fr\/wp-content\/uploads\/2025\/04\/au-debut-du-20e-siecle-le-pont-morand-etait-un-ouvrage-metallique-sur-piles-maconnees-large-de-11-me.jpeg\"   alt=\"Au d\u00e9but du 20e si\u00e8cle, le pont Morand \u00e9tait un ouvrage m\u00e9tallique sur piles ma\u00e7onn\u00e9es large de 11 m\u00e8tres, avec deux trottoirs de 4,50 m\u00e8tres. Photo Sylvie Silvestre\" loading=\"lazy\" fetchpriority=\"low\" data-mobile=\"NW_listA_M|1745418924\" data-base=\"NW_listA|1745418924\"\/>&#13;<br \/>\n                        <\/a>&#13;<\/p>\n<p>Au d\u00e9but du 20e si\u00e8cle, le pont Morand \u00e9tait un ouvrage m\u00e9tallique sur piles ma\u00e7onn\u00e9es large de 11 m\u00e8tres, avec deux trottoirs de 4,50 m\u00e8tres. Photo Sylvie Silvestre<\/p>\n<p>                        &#13;<br \/>\n                                           &#13;\n                <\/li>\n<p>&#13;<br \/>\n            &#13;\n                <\/ul>\n<p>3e : Charpennes &#8211; Charles Hernu<\/p>\n<p>68 356\u00a0<\/p>\n<p>Et sur le podium, en troisi\u00e8me position, on retrouve la station <strong>Charpennes &#8211; Charles Hernu<\/strong>, d\u00e9cid\u00e9ment les anciens maires ont la cote. Il s&rsquo;agit de la seule station qui ne se trouve pas \u00e0 Lyon dans ce top 10.<\/p>\n<p>Nerf de la guerre des lignes A et B, les rames s&rsquo;arr\u00eatent sous terre au niveau de Villeurbanne. Alors, vous \u00eates nombreux \u00e0 emprunter ces souterrains : 68 356 par jour en moyenne pour \u00eatre exact.<\/p>\n<p>2e\u00a0: Saxe &#8211; Gambetta\u00a0<\/p>\n<p>93 402\u00a0<\/p>\n<p>On se rapproche des 100 000 usagers par jour. La m\u00e9daille d&rsquo;argent revient \u00e0 la station<strong> Saxe &#8211; Gambetta<\/strong>, point <br \/>de passage des lignes B et D.<\/p>\n<p>La station conna\u00eet un bon de fr\u00e9quentation depuis trois ans. En 2022, vous \u00e9tiez 65 451 \u00e0 l&#8217;emprunter chaque jour, dor\u00e9navant, il y a 93 402 voyageurs, soit environ 30% de plus.\u00a0<\/p>\n<p>Depuis cette station, on peut rejoindre les quatre points cardinaux de Lyon, c&rsquo;est \u00e9videmment l&rsquo;un des axes les plus fr\u00e9quent\u00e9es de la rive gauche.<\/p>\n<p>    &#13;<br \/>\n    &#13;<br \/>\n    &#13;<br \/>\n    <a href=\"https:\/\/cdn-s-www.leprogres.fr\/images\/b88e06a6-2663-48e2-879c-61602075a556\/NW_raw\/le-metro-b-a-la-station-saxe-gambetta-photo-norbert-grisay-1714242255.jpg\" title=\"Le m\u00e9tro B \u00e0 la station Saxe-Gambetta. Photo Norbert Grisay\" class=\"chocolat-image GA-tracking\" data-ga_type=\"click\" data-ga_category=\"D\u00e9tail\" data-ga_action=\"zoomer\" data-ga_label=\"aggrandir image\" target=\"_blank\" rel=\"noopener\">&#13;<br \/>\n        <img src=\"https:\/\/www.europesays.com\/fr\/wp-content\/uploads\/2025\/04\/le-metro-b-a-la-station-saxe-gambetta-photo-norbert-grisay-1743413192.jpg\"   alt=\"Le m\u00e9tro B \u00e0 la station Saxe-Gambetta. Photo Norbert Grisay\" fetchpriority=\"high\" decoding=\"async\" data-mobile=\"NW_listA_M|1714242255\" data-base=\"NW_listA|1743413192\"\/>&#13;<br \/>\n    <\/a>&#13;<\/p>\n<p>Le m\u00e9tro B \u00e0 la station Saxe-Gambetta. Photo Norbert Grisay<\/p>\n<p>1\u00e8re\u00a0: Bellecour\u00a0\u00a0<\/p>\n<p>119 784\u00a0<\/p>\n<p>Bon, la premi\u00e8re place n&rsquo;\u00e9tonnera personne. Au c\u0153ur de la Presqu&rsquo;\u00eele, les Lyonnais se donnent rendez-vous sur sa <a href=\"https:\/\/www.leprogres.fr\/environnement\/2025\/04\/09\/ombre-sur-la-place-bellecour-le-chantier-de-l-oeuvre-monumentale-est-lance\" target=\"_blank\" rel=\"noopener\">place<\/a>, la station <strong>Bellecour<\/strong>. Avec 119 784 voyageurs par jour en moyenne, c&rsquo;est la seule station qui d\u00e9passe le cap des 100 000 usagers.\u00a0<\/p>\n<p>Avec ces 10 acc\u00e8s, vous pouvez vous rendre dans les quatre coins de la ville gr\u00e2ce aux lignes B et D.<\/p>\n<p>Souvent surcharg\u00e9e aux heures de pointe, tout le monde a d\u00e9j\u00e0 entendu cette phrase en sortant de la rame : <br \/>\u00ab\u00a0Ouverture des portes \u00e0 droite dans le sens de circulation\u00a0\u00bb.<\/p>\n<p>    &#13;<br \/>\n    &#13;<br \/>\n    &#13;<br \/>\n    <a href=\"https:\/\/cdn-s-www.leprogres.fr\/images\/1c2de823-7f19-4834-960c-349c757a3b37\/NW_raw\/la-ligne-d-saturee-dans-la-station-bellecour-photo-joel-philippon-1452065715.jpg\" title=\"La ligne D satur\u00e9e dans la station Bellecour. Photo Jo\u00ebl Philippon\" class=\"chocolat-image GA-tracking\" data-ga_type=\"click\" data-ga_category=\"D\u00e9tail\" data-ga_action=\"zoomer\" data-ga_label=\"aggrandir image\" target=\"_blank\" rel=\"noopener\">&#13;<br \/>\n        <img src=\"https:\/\/www.europesays.com\/fr\/wp-content\/uploads\/2025\/04\/la-ligne-d-saturee-dans-la-station-bellecour-photo-joel-philippon-1743413192.jpg\"   alt=\"La ligne D satur\u00e9e dans la station Bellecour. Photo Jo\u00ebl Philippon\" fetchpriority=\"high\" decoding=\"async\" data-mobile=\"NW_listA_M|1452065715\" data-base=\"NW_listA|1743413192\"\/>&#13;<br \/>\n    <\/a>&#13;<\/p>\n<p>La ligne D satur\u00e9e dans la station Bellecour. Photo Jo\u00ebl Philippon<\/p>\n<p>        &#13;<br \/>\n          <a href=\"https:\/\/cdn-s-www.leprogres.fr\/images\/59957ecf-8146-4613-9496-2122616ea707\/NW_raw\/la-station-croix-paquet-sur-la-ligne-c-photo-d-archives-le-progres-1422547793.jpg\" title=\"La station Croix-Paquet sur la ligne C. Photo d&#039;archives Le Progr\u00e8s\" class=\"chocolat-image GA-tracking\" data-ga_type=\"click\" data-ga_category=\"D\u00e9tail\" data-ga_action=\"zoomer\" data-ga_label=\"agrandir image\" target=\"_blank\" rel=\"noopener\">&#13;<br \/>\n            <img loading=\"lazy\" decoding=\"async\" src=\"https:\/\/www.europesays.com\/fr\/wp-content\/uploads\/2025\/04\/la-station-croix-paquet-sur-la-ligne-c-photo-d-archives-le-progres-1422547793.jpg\" alt=\"La station Croix-Paquet sur la ligne C. Photo d'archives Le Progr\u00e8s\"\/>&#13;<br \/>\n          <\/a>&#13;<br \/>\n          &#13;<\/p>\n<p class=\"insetTitle\">Bonus : La station la plus pench\u00e9e d&rsquo;Europe est \u00e0 Lyon<\/p>\n<p>Bon finalement, on va un peu en parler de la ligne C. Cet ancien funiculaire qui est devenu un m\u00e9tro \u00e0 cr\u00e9maill\u00e8re.<\/p>\n<p>Sur cette ligne qui couvre le quartier de Croix-Rousse, on retrouve la station la plus pench\u00e9e d&rsquo;Europe avec pr\u00e8s de 17% :\u00a0<strong>Croix-Paquet.<\/strong><\/p>\n<p>                            <a href=\"#serie-header\">&#13;<br \/>\n    &#13;<br \/>\n<\/a>                                                                <\/p>\n","protected":false},"excerpt":{"rendered":"10e\u00a0: Gorge de Loup\u00a0 22 542\u00a0 On d\u00e9marre ce classement\u00a0avec\u00a0la premi\u00e8re station de m\u00e9tro qui est aussi une&hellip;\n","protected":false},"author":2,"featured_media":55981,"comment_status":"","ping_status":"","sticky":false,"template":"","format":"standard","meta":{"footnotes":""},"categories":[1889],"tags":[1111,11,2430,3542,3152,2757,3153,3154,3155,3156,1777,674,107,1011,27,2428,12,25,2429,273,104,1097,2803,5070,6345],"class_list":{"0":"post-55980","1":"post","2":"type-post","3":"status-publish","4":"format-standard","5":"has-post-thumbnail","7":"category-lyon","8":"tag-actu","9":"tag-actualites","10":"tag-auvergne-rhone-alpes","11":"tag-circulation","12":"tag-edition-est-lyonnais","13":"tag-edition-lyon-villeurbanne","14":"tag-edition-ouest-lyonnais","15":"tag-edition-sud-lyonnais","16":"tag-edition-tarare","17":"tag-edition-villefranche","18":"tag-eu","19":"tag-europe","20":"tag-fil-info","21":"tag-fr","22":"tag-france","23":"tag-lyon","24":"tag-news","25":"tag-republique-francaise","26":"tag-rhone","27":"tag-selection-de-la-redaction","28":"tag-societe","29":"tag-trafic","30":"tag-transport","31":"tag-vaulx-en-velin","32":"tag-villeurbanne"},"share_on_mastodon":{"url":"https:\/\/pubeurope.com\/@fr\/114408027896744421","error":""},"_links":{"self":[{"href":"https:\/\/www.europesays.com\/fr\/wp-json\/wp\/v2\/posts\/55980","targetHints":{"allow":["GET"]}}],"collection":[{"href":"https:\/\/www.europesays.com\/fr\/wp-json\/wp\/v2\/posts"}],"about":[{"href":"https:\/\/www.europesays.com\/fr\/wp-json\/wp\/v2\/types\/post"}],"author":[{"embeddable":true,"href":"https:\/\/www.europesays.com\/fr\/wp-json\/wp\/v2\/users\/2"}],"replies":[{"embeddable":true,"href":"https:\/\/www.europesays.com\/fr\/wp-json\/wp\/v2\/comments?post=55980"}],"version-history":[{"count":0,"href":"https:\/\/www.europesays.com\/fr\/wp-json\/wp\/v2\/posts\/55980\/revisions"}],"wp:featuredmedia":[{"embeddable":true,"href":"https:\/\/www.europesays.com\/fr\/wp-json\/wp\/v2\/media\/55981"}],"wp:attachment":[{"href":"https:\/\/www.europesays.com\/fr\/wp-json\/wp\/v2\/media?parent=55980"}],"wp:term":[{"taxonomy":"category","embeddable":true,"href":"https:\/\/www.europesays.com\/fr\/wp-json\/wp\/v2\/categories?post=55980"},{"taxonomy":"post_tag","embeddable":true,"href":"https:\/\/www.europesays.com\/fr\/wp-json\/wp\/v2\/tags?post=55980"}],"curies":[{"name":"wp","href":"https:\/\/api.w.org\/{rel}","templated":true}]}}