{"id":559810,"date":"2025-11-26T11:15:18","date_gmt":"2025-11-26T11:15:18","guid":{"rendered":"https:\/\/www.europesays.com\/fr\/559810\/"},"modified":"2025-11-26T11:15:18","modified_gmt":"2025-11-26T11:15:18","slug":"un-francais-chez-novo-nordisk-dt-actualite","status":"publish","type":"post","link":"https:\/\/www.europesays.com\/fr\/559810\/","title":{"rendered":"Un Fran\u00e7ais chez Novo Nordisk DT &#8211; Actualit\u00e9"},"content":{"rendered":"<p style=\"text-align: justify;\">Un coureur fran\u00e7ais va porter le maillot de la r\u00e9serve Continentale de Novo Nordisk en 2026. Lucas Lusinchi (Istres Sport Cyclisme) s&rsquo;est engag\u00e9 avec l&rsquo;\u00e9quipe am\u00e9ricaine.<\/p>\n<p>Cette saison, <strong><a href=\"https:\/\/www.directvelo.com\/coureur\/53424\/lucas-lusinchi\" target=\"_blank\" rel=\"noopener\">Lucas Lusinchi<\/a><\/strong> s&rsquo;est class\u00e9 39e du Crit\u00e9rium de Monaco avec les \u00c9lites. En Open 3, il a gagn\u00e9 le Challenge Jean Guillard \u00e0 Marignane. Chez les Juniors en 2024, il s&rsquo;\u00e9tait class\u00e9 16e de la 1\u00e8re \u00e9tape du Tour Juniors Causses-Aigoual-C\u00e9vennes.<\/p>\n<p>Le Belge Jeffe Beets, d\u00e9j\u00e0\u00a0pr\u00e9sent en 2025, et le Suisse Luca Sacher font aussi partie de <a href=\"https:\/\/www.directvelo.com\/equipe\/2096\/team-novo-nordisk-development\" target=\"_blank\" rel=\"noopener\"><strong>l&rsquo;effectif 2026 de Novo Nordisk DT<\/strong><\/a>.\u00a0<\/p>\n","protected":false},"excerpt":{"rendered":"Un coureur fran\u00e7ais va porter le maillot de la r\u00e9serve Continentale de Novo Nordisk en 2026. Lucas Lusinchi&hellip;\n","protected":false},"author":2,"featured_media":559811,"comment_status":"","ping_status":"","sticky":false,"template":"","format":"standard","meta":{"footnotes":""},"categories":[1411],"tags":[834,828,836,829,837,827,83,826,824,823,1154,207,814,817,815,816,822,821,832,211,839,1011,27,820,818,819,835,831,830,833,838,60,212,208,825],"class_list":{"0":"post-559810","1":"post","2":"type-post","3":"status-publish","4":"format-standard","5":"has-post-thumbnail","7":"category-cyclisme","8":"tag-attaque","9":"tag-belgique","10":"tag-braquet","11":"tag-bretagne","12":"tag-chute","13":"tag-competition","14":"tag-coupe-de-france","15":"tag-coureur","16":"tag-course-cyclisme","17":"tag-course-cycliste","18":"tag-cycling","19":"tag-cyclisme","20":"tag-direct","21":"tag-direct-velo","22":"tag-directvelo","23":"tag-directvelo-com","24":"tag-epreuve","25":"tag-epreuve-cycliste","26":"tag-federation-francaise-de-cyclisme","27":"tag-ffc","28":"tag-flandres","29":"tag-fr","30":"tag-france","31":"tag-live","32":"tag-live-course","33":"tag-live-epreuve","34":"tag-peloton","35":"tag-radio-peloton","36":"tag-radio-tour","37":"tag-ravitaillement","38":"tag-relance","39":"tag-sports","40":"tag-uci","41":"tag-velo","42":"tag-velos"},"share_on_mastodon":{"url":"https:\/\/pubeurope.com\/@fr\/115615716193665830","error":""},"_links":{"self":[{"href":"https:\/\/www.europesays.com\/fr\/wp-json\/wp\/v2\/posts\/559810","targetHints":{"allow":["GET"]}}],"collection":[{"href":"https:\/\/www.europesays.com\/fr\/wp-json\/wp\/v2\/posts"}],"about":[{"href":"https:\/\/www.europesays.com\/fr\/wp-json\/wp\/v2\/types\/post"}],"author":[{"embeddable":true,"href":"https:\/\/www.europesays.com\/fr\/wp-json\/wp\/v2\/users\/2"}],"replies":[{"embeddable":true,"href":"https:\/\/www.europesays.com\/fr\/wp-json\/wp\/v2\/comments?post=559810"}],"version-history":[{"count":0,"href":"https:\/\/www.europesays.com\/fr\/wp-json\/wp\/v2\/posts\/559810\/revisions"}],"wp:featuredmedia":[{"embeddable":true,"href":"https:\/\/www.europesays.com\/fr\/wp-json\/wp\/v2\/media\/559811"}],"wp:attachment":[{"href":"https:\/\/www.europesays.com\/fr\/wp-json\/wp\/v2\/media?parent=559810"}],"wp:term":[{"taxonomy":"category","embeddable":true,"href":"https:\/\/www.europesays.com\/fr\/wp-json\/wp\/v2\/categories?post=559810"},{"taxonomy":"post_tag","embeddable":true,"href":"https:\/\/www.europesays.com\/fr\/wp-json\/wp\/v2\/tags?post=559810"}],"curies":[{"name":"wp","href":"https:\/\/api.w.org\/{rel}","templated":true}]}}