{"id":559814,"date":"2025-11-26T11:17:14","date_gmt":"2025-11-26T11:17:14","guid":{"rendered":"https:\/\/www.europesays.com\/fr\/559814\/"},"modified":"2025-11-26T11:17:14","modified_gmt":"2025-11-26T11:17:14","slug":"elodie-gossuin-devoile-son-trio-de-favorites-pour-le-prochain-concours-de-beaute","status":"publish","type":"post","link":"https:\/\/www.europesays.com\/fr\/559814\/","title":{"rendered":"\u00c9lodie Gossuin d\u00e9voile son trio de favorites pour le prochain concours de beaut\u00e9"},"content":{"rendered":"<p>L\u2019\u00e9ch\u00e9ance approche\u00a0: alors que les <a href=\"https:\/\/www.20minutes.fr\/diaporama\/diaporama-4184759-images-decouvrez-30-candidates-miss-france-2026\" class=\"c-link c-link--is-underlined\" target=\"_blank\" rel=\"noopener\">30 candidates en lice<\/a> se pr\u00e9parent pour la finale du <a href=\"https:\/\/www.20minutes.fr\/arts-stars\/television\/miss_france\/4187542-20251124-miss-france-2026-camille-cerf-bruce-toussaint-membres-jury\" class=\"c-link c-link--is-underlined\" target=\"_blank\" rel=\"noopener\">concours Miss France 2026<\/a> (que diffusera TF1 au soir du 6\u00a0d\u00e9cembre 2025), <a href=\"https:\/\/www.20minutes.fr\/arts-stars\/people\/4129036-20241213-elodie-gossuin-contrainte-absenter-election-miss-france-2025-jude-law-honore-hollywood\" class=\"c-link c-link--is-underlined\" target=\"_blank\" rel=\"noopener\">\u00c9lodie Gossuin<\/a>, \u00e9lue reine de beaut\u00e9 en\u00a02001, y est all\u00e9e de son pronostic dans une interview accord\u00e9e, mardi 25\u00a0novembre, au <a href=\"https:\/\/www.journaldesfemmes.fr\/people\/actus\/3248632-elodie-gossuin-devoile-ses-favorites-a-miss-france-2026-generalement-j-ai-tout-bon-exclu\/\" target=\"_blank\" class=\"c-link c-link--is-underlined\" rel=\"noopener\">Journal des Femmes<\/a>.<\/p>\n<\/p>\n<p>\u00ab\u00a0G\u00e9n\u00e9ralement, j\u2019ai tout bon\u00a0\u00bb<\/p>\n<p>La R\u00e9moise de 44 ans a en effet quelques favorites pour la <a href=\"https:\/\/www.20minutes.fr\/arts-stars\/people\/4186137-20251117-miss-france-bilan-amer-angelique-angarni-filopon-an-apres-sacre\" class=\"c-link c-link--is-underlined\" target=\"_blank\" rel=\"noopener\">succession d\u2019Ang\u00e9lique Angarni-Filopon<\/a>. Pour elle, faire son pronostic est un vrai rituel\u00a0: \u00ab\u00a0c\u2019est le m\u00eame principe qu\u2019avec l\u2019<a href=\"https:\/\/www.20minutes.fr\/arts-stars\/culture\/eurovision\/\" class=\"c-link c-link--is-underlined\" target=\"_blank\" rel=\"noopener\">Eurovision\u00a0<\/a>\u00bb, pr\u00e9cise-t-elle, reconnaissant que c\u2019est l\u2019occasion de \u00ab\u00a0critiquer un peu\u2026 comme on a d\u00fb me critiquer\u00a0\u00bb.<\/p>\n<p>Elle confie dans un sourire que ses amis lui demandent chaque ann\u00e9e, quelques jours avant la finale du <a href=\"https:\/\/www.20minutes.fr\/dossier\/concours-beaute\" class=\"c-link c-link--is-underlined\" target=\"_blank\" rel=\"noopener\">concours de beaut\u00e9<\/a>, quel est son tierc\u00e9 gagnant, \u00ab\u00a0parce que g\u00e9n\u00e9ralement, j\u2019ai tout bon\u00a0\u00bb. Ah oui\u00a0? Alors quel est son top 3 pour cette ann\u00e9e\u00a0?<\/p>\n<p>Un tierc\u00e9 de t\u00eate devenu quart\u00e9<\/p>\n<p>\u00ab\u00a0Forc\u00e9ment, il faut que je mette Miss <a href=\"https:\/\/www.20minutes.fr\/dossier\/picardie\" class=\"c-link c-link--is-underlined\" target=\"_blank\" rel=\"noopener\">Picardie<\/a> (Emma Boivin), j\u2019\u00e9tais pr\u00e9sidente du jury\u00a0! Et elle est tr\u00e8s jolie. On va mettre Picardie\u00a0\u00bb, r\u00e9pond-elle en pr\u00e9ambule au Journal des Femmes. Puis elle d\u00e9roule\u00a0: \u00ab\u00a0Miss <a href=\"https:\/\/www.20minutes.fr\/dossier\/tahiti\" class=\"c-link c-link--is-underlined\" target=\"_blank\" rel=\"noopener\">Tahiti<\/a> (Hinaupoko Dev\u00e8ze), Miss <a href=\"https:\/\/www.20minutes.fr\/dossier\/provence\" class=\"c-link c-link--is-underlined\" target=\"_blank\" rel=\"noopener\">Provence<\/a> (Julie Zitouni) et Miss <a href=\"https:\/\/www.20minutes.fr\/dossier\/ile-de-france\" class=\"c-link c-link--is-underlined\" target=\"_blank\" rel=\"noopener\">\u00cele-de-France<\/a> (Mareva Michel). \u00c7a m\u2019en fait quatre. On verra\u2026\u00a0\u00bb.<\/p>\n<p><a href=\"https:\/\/www.20minutes.fr\/arts-stars\/television\/miss_france\/\" class=\"c-link c-btn c-btn--primary\" target=\"_blank\" rel=\"noopener\">Notre dossier \u00ab Miss France \u00bb<\/a><\/p>\n<p>La nouvelle recrue de <a href=\"https:\/\/www.20minutes.fr\/dossier\/m6\" class=\"c-link c-link--is-underlined\" target=\"_blank\" rel=\"noopener\">M6<\/a> (elle anime l\u2019\u00e9mission La meilleure destination des vacances) conclut en d\u00e9clarant qu\u2019une Miss ne peut \u00eatre couronn\u00e9e que si elle \u00ab\u00a0a un truc qui se d\u00e9gage, qu\u2019elle est solaire\u00a0\u00bb, prenant pour exemple <a href=\"https:\/\/www.20minutes.fr\/arts-stars\/television\/2936419-20201220-miss-france-2021-concentree-sourire-confie-amandine-petit-apres-sacre\" class=\"c-link c-link--is-underlined\" target=\"_blank\" rel=\"noopener\">Amandine Petit, Miss France 2021<\/a>, qui \u00ab\u00a0n\u2019\u00e9tait pas dans les favorites [\u2026] mais qui sur sc\u00e8ne \u00e9tait fra\u00eeche, solaire\u00a0\u00bb. Dont acte.<\/p>\n","protected":false},"excerpt":{"rendered":"L\u2019\u00e9ch\u00e9ance approche\u00a0: alors que les 30 candidates en lice se pr\u00e9parent pour la finale du concours Miss France&hellip;\n","protected":false},"author":2,"featured_media":559815,"comment_status":"","ping_status":"","sticky":false,"template":"","format":"standard","meta":{"footnotes":""},"categories":[1359],"tags":[50769,58,59,1011,27,662,494,27472,3034,973,812,1186,24932,252,199,133],"class_list":{"0":"post-559814","1":"post","2":"type-post","3":"status-publish","4":"format-standard","5":"has-post-thumbnail","7":"category-people","8":"tag-concours-de-beaute","9":"tag-divertissement","10":"tag-entertainment","11":"tag-fr","12":"tag-france","13":"tag-ile-de-france","14":"tag-m6","15":"tag-miss","16":"tag-miss-france","17":"tag-people","18":"tag-picardie","19":"tag-provence","20":"tag-tahiti","21":"tag-television","22":"tag-tf1","23":"tag-video"},"share_on_mastodon":{"url":"https:\/\/pubeurope.com\/@fr\/115615723965332054","error":""},"_links":{"self":[{"href":"https:\/\/www.europesays.com\/fr\/wp-json\/wp\/v2\/posts\/559814","targetHints":{"allow":["GET"]}}],"collection":[{"href":"https:\/\/www.europesays.com\/fr\/wp-json\/wp\/v2\/posts"}],"about":[{"href":"https:\/\/www.europesays.com\/fr\/wp-json\/wp\/v2\/types\/post"}],"author":[{"embeddable":true,"href":"https:\/\/www.europesays.com\/fr\/wp-json\/wp\/v2\/users\/2"}],"replies":[{"embeddable":true,"href":"https:\/\/www.europesays.com\/fr\/wp-json\/wp\/v2\/comments?post=559814"}],"version-history":[{"count":0,"href":"https:\/\/www.europesays.com\/fr\/wp-json\/wp\/v2\/posts\/559814\/revisions"}],"wp:featuredmedia":[{"embeddable":true,"href":"https:\/\/www.europesays.com\/fr\/wp-json\/wp\/v2\/media\/559815"}],"wp:attachment":[{"href":"https:\/\/www.europesays.com\/fr\/wp-json\/wp\/v2\/media?parent=559814"}],"wp:term":[{"taxonomy":"category","embeddable":true,"href":"https:\/\/www.europesays.com\/fr\/wp-json\/wp\/v2\/categories?post=559814"},{"taxonomy":"post_tag","embeddable":true,"href":"https:\/\/www.europesays.com\/fr\/wp-json\/wp\/v2\/tags?post=559814"}],"curies":[{"name":"wp","href":"https:\/\/api.w.org\/{rel}","templated":true}]}}