{"id":559816,"date":"2025-11-26T11:18:16","date_gmt":"2025-11-26T11:18:16","guid":{"rendered":"https:\/\/www.europesays.com\/fr\/559816\/"},"modified":"2025-11-26T11:18:16","modified_gmt":"2025-11-26T11:18:16","slug":"une-affiche-futuriste-pour-rever-les-yeux-ouverts","status":"publish","type":"post","link":"https:\/\/www.europesays.com\/fr\/559816\/","title":{"rendered":"Une affiche futuriste pour r\u00eaver les yeux ouverts!"},"content":{"rendered":"<p>L\u2019affiche 2026 \u00e9voque un monde nocturne et contemplatif, o\u00f9 la douceur des formes se m\u00eale \u00e0 la flamboyance des couleurs. Le projet de Garance Allely s\u2019est impos\u00e9 par sa capacit\u00e9 \u00e0 cr\u00e9er un univers visuel \u00e0 la fois apaisant et vibrant. Par son approche sensible du graphisme, elle transforme la nuit en un territoire d\u2019imagination.\u00a0\u00a0<\/p>\n<p><img decoding=\"async\" src=\"https:\/\/www.europesays.com\/fr\/wp-content\/uploads\/2025\/11\/PFN_affiche_paleo_2026.jpg\" data-entity-uuid=\"bc2edbc4-b85a-4230-a1ef-9ff2052ce4cd\" data-entity-type=\"file\" alt=\"\" width=\"353\" height=\"501\" class=\"align-center\" loading=\"lazy\"\/><\/p>\n<p>\u00c0 la crois\u00e9e du collage analogique et de la cr\u00e9ation g\u00e9n\u00e9rative, Garance Allely d\u00e9veloppe une pratique o\u00f9 l\u2019humain et la machine dialoguent. L\u2019intelligence artificielle devient complice de la cr\u00e9ation : un outil d\u2019exploration plus que de production, qui permet de r\u00e9v\u00e9ler des formes inattendues, des textures flottantes et des lumi\u00e8res diffuses.\u00a0\u00a0<\/p>\n<p>\u00ab\u202fMon travail trouve sa force dans une approche exp\u00e9rimentale tout en gardant une touche humaine tr\u00e8s personnelle. Pour Pal\u00e9o, je souhaite inviter le public \u00e0 une exp\u00e9rience sensorielle hors du temps, en contraste avec l\u2019effervescence du Festival. Mon travail explore le r\u00eave, la douceur, en donnant \u00e0 l\u2019image une grande part de myst\u00e8re\u202f\u00bb explique Garance Allely au sujet de l\u2019affiche 2026.<\/p>\n<p>Un tremplin unique pour les artistes de demain<\/p>\n<p>Depuis deux d\u00e9cennies, Pal\u00e9o ouvre ses portes \u00e0 une nouvelle g\u00e9n\u00e9ration d\u2019artistes en leur confiant la cr\u00e9ation de son identit\u00e9 visuelle. Fruit d\u2019un workshop men\u00e9 en association avec l\u2019agence BaseDesign et les \u00e9tudiant-es de la HEAD\u2013Gen\u00e8ve, ce projet offre une exp\u00e9rience unique \u00e0 de jeunes cr\u00e9atif-ves. Un tremplin qui se d\u00e9cline sur tous les supports de communication du Festival, de l\u2019affiche officielle \u00e0 l\u2019habillage de l\u2019iconique Grande Sc\u00e8ne. Cette d\u00e9marche s\u2019inscrit dans l\u2019engagement de Pal\u00e9o en faveur de la rel\u00e8ve.\u00a0\u00a0\u00a0<\/p>\n","protected":false},"excerpt":{"rendered":"L\u2019affiche 2026 \u00e9voque un monde nocturne et contemplatif, o\u00f9 la douceur des formes se m\u00eale \u00e0 la flamboyance&hellip;\n","protected":false},"author":2,"featured_media":559817,"comment_status":"","ping_status":"","sticky":false,"template":"","format":"standard","meta":{"footnotes":""},"categories":[1358],"tags":[1348,1384,1385,1386,58,59,1011,27],"class_list":{"0":"post-559816","1":"post","2":"type-post","3":"status-publish","4":"format-standard","5":"has-post-thumbnail","7":"category-arts-et-design","8":"tag-arts","9":"tag-arts-and-design","10":"tag-arts-et-design","11":"tag-design","12":"tag-divertissement","13":"tag-entertainment","14":"tag-fr","15":"tag-france"},"share_on_mastodon":{"url":"https:\/\/pubeurope.com\/@fr\/115615728731953982","error":""},"_links":{"self":[{"href":"https:\/\/www.europesays.com\/fr\/wp-json\/wp\/v2\/posts\/559816","targetHints":{"allow":["GET"]}}],"collection":[{"href":"https:\/\/www.europesays.com\/fr\/wp-json\/wp\/v2\/posts"}],"about":[{"href":"https:\/\/www.europesays.com\/fr\/wp-json\/wp\/v2\/types\/post"}],"author":[{"embeddable":true,"href":"https:\/\/www.europesays.com\/fr\/wp-json\/wp\/v2\/users\/2"}],"replies":[{"embeddable":true,"href":"https:\/\/www.europesays.com\/fr\/wp-json\/wp\/v2\/comments?post=559816"}],"version-history":[{"count":0,"href":"https:\/\/www.europesays.com\/fr\/wp-json\/wp\/v2\/posts\/559816\/revisions"}],"wp:featuredmedia":[{"embeddable":true,"href":"https:\/\/www.europesays.com\/fr\/wp-json\/wp\/v2\/media\/559817"}],"wp:attachment":[{"href":"https:\/\/www.europesays.com\/fr\/wp-json\/wp\/v2\/media?parent=559816"}],"wp:term":[{"taxonomy":"category","embeddable":true,"href":"https:\/\/www.europesays.com\/fr\/wp-json\/wp\/v2\/categories?post=559816"},{"taxonomy":"post_tag","embeddable":true,"href":"https:\/\/www.europesays.com\/fr\/wp-json\/wp\/v2\/tags?post=559816"}],"curies":[{"name":"wp","href":"https:\/\/api.w.org\/{rel}","templated":true}]}}