{"id":559827,"date":"2025-11-26T11:25:13","date_gmt":"2025-11-26T11:25:13","guid":{"rendered":"https:\/\/www.europesays.com\/fr\/559827\/"},"modified":"2025-11-26T11:25:13","modified_gmt":"2025-11-26T11:25:13","slug":"on-lui-toucherait-les-seins-marc-olivier-fogiel-avoue-sa-grande-gene-face-a-orlando-frere-de-dalida","status":"publish","type":"post","link":"https:\/\/www.europesays.com\/fr\/559827\/","title":{"rendered":"\u00ab\u00a0On lui toucherait les seins\u2026\u00a0\u00bb : Marc-Olivier Fogiel avoue sa grande g\u00eane face \u00e0 Orlando, fr\u00e8re de Dalida"},"content":{"rendered":"<p>Fausse pol\u00e9mique ou reflet d\u2019une mentalit\u00e9 soci\u00e9tale qui<br \/>\nbanalise le fait de toucher le corps des femmes sans consentement<br \/>\nni raison ? C\u2019est le d\u00e9bat qui agite Marc-Olivier Fogiel et son<br \/>\ninvit\u00e9 ce 26 novembre sur <a href=\"https:\/\/www.rtl.fr\/\" rel=\"nofollow noopener\" target=\"_blank\">RTL<\/a>. Orlando, le fr\u00e8re de Dalida, \u00e9tait l\u2019invit\u00e9 du<br \/>\njournaliste pour parler notamment de <strong>la statue de sa s\u0153ur<br \/>\ninstall\u00e9e \u00e0 Montmartre<\/strong> depuis 1997. Si certains profitent<br \/>\nde ce lieu pour <a href=\"https:\/\/www.closermag.fr\/people\/dalida-alain-delon-orlando-enrico-macias-ces-stars-bouleversees-lors-de-ses-obseques-3528039\" target=\"_blank\" rel=\"noopener\"><br \/>\nrendre hommage \u00e0 la chanteuse<\/a>, d\u2019autres font la queue pour \u00eatre<br \/>\npris en photo devant ce fameux buste en posant leurs mains sur ses<br \/>\nseins.<\/p>\n<p>Les rumeurs voudraient que <strong>toucher les seins de la<br \/>\nstatue de Dalida porte bonheur<\/strong> et tant de personnes y<br \/>\ncroient que le m\u00e9tal a \u00e9t\u00e9 d\u00e9color\u00e9. Seulement des \u00e9lus \u00e9cologistes<br \/>\nde Paris ont d\u00e9nonc\u00e9 ce geste. \u00ab\u00a0Ces mises en sc\u00e8ne d\u2019acte<br \/>\nmimant une agression sexuelle participent \u00e0 la culture de<br \/>\nl\u2019impunit\u00e9\u00a0\u00bb ont-ils d\u00e9clar\u00e9 pour tenter de faire mettre en<br \/>\nplace un dispositif qui prot\u00e8gerait la statue.<\/p>\n<p>Marc-Olivier Fogiel g\u00ean\u00e9 face au fr\u00e8re de Dalida<\/p>\n<p>Pour le fr\u00e8re de Dalida, cette pol\u00e9mique n\u2019a pas lieu d\u2019\u00eatre<br \/>\npuisqu\u2019il souligne qu\u2019il ne s\u2019agit \u00ab\u00a0que d\u2019une statue\u00a0\u00bb.<br \/>\nMarc-Olivier Fogiel, <a href=\"https:\/\/www.closermag.fr\/people\/non-non-non-lio-recadre-marc-olivier-fogiel-ils-manquent-de-sembrouiller-en-pleine-interview-3594657\" target=\"_blank\" rel=\"noopener\"><br \/>\nr\u00e9cemment recadr\u00e9 par Lio<\/a>, rappelle cependant que<br \/>\n<strong>certaines pol\u00e9miques peuvent devenir de v\u00e9ritables<br \/>\nmouvements<\/strong> qui font avancer les choses. Face \u00e0 <a href=\"https:\/\/www.closermag.fr\/people\/dalida-cest-pas-vrai-cette-phrase-celebre-quelle-na-en-fait-jamais-prononcee-selon-orlando-3345417\" rel=\"noopener\" target=\"_blank\">Orlando<\/a>, il admet : \u00ab\u00a0Je dois vous dire la v\u00e9rit\u00e9,<br \/>\npourtant j\u2019ai l\u2019impression d\u2019avoir l\u2019esprit assez large. Mais si<br \/>\nc\u2019\u00e9tait ma s\u0153ur sur ce buste et qu\u2019on lui touchait les seins, je<br \/>\nn\u2019aimerais pas du tout. \u00c7a me g\u00eanerait\u00a0\u00bb.<\/p>\n<p>Le fr\u00e8re de la c\u00e9l\u00e8bre chanteuse persiste et signe : \u00ab\u00a0Il<br \/>\nfaut prendre du recul, \u00e7a fait r\u00eaver les gens et s\u2019ils sont<br \/>\npersuad\u00e9s que \u00e7a leur porte bonheur, tant mieux\u00a0\u00bb. Le fait est<br \/>\nque toucher les seins de la repr\u00e9sentation d\u2019une femme dont<br \/>\n<strong>le corps continue d\u2019\u00eatre sexualis\u00e9, m\u00eame en<br \/>\nstatue<\/strong>, peut poser probl\u00e8me. Difficile en effet de ne pas<br \/>\nfaire le lien entre cette \u00ab\u00a0tradition\u00a0\u00bb et l\u2019image du corps de la<br \/>\nfemme dans l\u2019esprit collectif.<\/p>\n<p>De nombreuses statues de femmes<br \/>\nd\u00e9grad\u00e9es<\/p>\n<p>A Dublin, la statue de Molly Malone, figure tr\u00e8s populaire de la<br \/>\nculture irlandaise, a subi le m\u00eame traitement. Touch\u00e9e par de<br \/>\nnombreuses mains peu scrupuleuses, le buste de la statue avait<br \/>\nchang\u00e9 de couleur. La ville a donc d\u00e9cid\u00e9 de <strong>mettre des<br \/>\npatrouilles en place pour garder la statue<\/strong> et pour<br \/>\nsensibiliser les touristes \u00e0 ce geste d\u00e9gradant. Reste donc \u00e0<br \/>\nsavoir si la ville de Paris fera de m\u00eame pour prot\u00e9ger ce buste et<br \/>\nsurtout tout ce qu\u2019il repr\u00e9sente.<\/p>\n","protected":false},"excerpt":{"rendered":"Fausse pol\u00e9mique ou reflet d\u2019une mentalit\u00e9 soci\u00e9tale qui banalise le fait de toucher le corps des femmes sans&hellip;\n","protected":false},"author":2,"featured_media":559828,"comment_status":"","ping_status":"","sticky":false,"template":"","format":"standard","meta":{"footnotes":""},"categories":[8],"tags":[10281,30521,58,59,1011,27,45887],"class_list":{"0":"post-559827","1":"post","2":"type-post","3":"status-publish","4":"format-standard","5":"has-post-thumbnail","7":"category-divertissement","8":"tag-buzz-nonli","9":"tag-dalida","10":"tag-divertissement","11":"tag-entertainment","12":"tag-fr","13":"tag-france","14":"tag-marc-olivier-fogiel"},"share_on_mastodon":{"url":"https:\/\/pubeurope.com\/@fr\/115615755468195827","error":""},"_links":{"self":[{"href":"https:\/\/www.europesays.com\/fr\/wp-json\/wp\/v2\/posts\/559827","targetHints":{"allow":["GET"]}}],"collection":[{"href":"https:\/\/www.europesays.com\/fr\/wp-json\/wp\/v2\/posts"}],"about":[{"href":"https:\/\/www.europesays.com\/fr\/wp-json\/wp\/v2\/types\/post"}],"author":[{"embeddable":true,"href":"https:\/\/www.europesays.com\/fr\/wp-json\/wp\/v2\/users\/2"}],"replies":[{"embeddable":true,"href":"https:\/\/www.europesays.com\/fr\/wp-json\/wp\/v2\/comments?post=559827"}],"version-history":[{"count":0,"href":"https:\/\/www.europesays.com\/fr\/wp-json\/wp\/v2\/posts\/559827\/revisions"}],"wp:featuredmedia":[{"embeddable":true,"href":"https:\/\/www.europesays.com\/fr\/wp-json\/wp\/v2\/media\/559828"}],"wp:attachment":[{"href":"https:\/\/www.europesays.com\/fr\/wp-json\/wp\/v2\/media?parent=559827"}],"wp:term":[{"taxonomy":"category","embeddable":true,"href":"https:\/\/www.europesays.com\/fr\/wp-json\/wp\/v2\/categories?post=559827"},{"taxonomy":"post_tag","embeddable":true,"href":"https:\/\/www.europesays.com\/fr\/wp-json\/wp\/v2\/tags?post=559827"}],"curies":[{"name":"wp","href":"https:\/\/api.w.org\/{rel}","templated":true}]}}