{"id":559829,"date":"2025-11-26T11:26:11","date_gmt":"2025-11-26T11:26:11","guid":{"rendered":"https:\/\/www.europesays.com\/fr\/559829\/"},"modified":"2025-11-26T11:26:11","modified_gmt":"2025-11-26T11:26:11","slug":"dans-les-comptes-de-julia-animatrice-radio-a-4200-euros-par-mois-quand-je-sors-avec-mes-potes-je-me-fais-kiffer","status":"publish","type":"post","link":"https:\/\/www.europesays.com\/fr\/559829\/","title":{"rendered":"Dans les comptes de Julia, animatrice radio \u00e0 4200 euros par mois\u00a0: \u00ab\u00a0Quand je sors avec mes potes, je me fais kiffer\u00a0\u00bb"},"content":{"rendered":"<p class=\"paragraph text_align_left lp-f-body-02\">4h40. Julia* (le pr\u00e9nom a \u00e9t\u00e9 modifi\u00e9) enfile son manteau, d\u00e9gringole les marches de son escalier et saute dans son VTC. Il fait encore nuit noire quand la jeune trentenaire sillonne les rues vides de Paris, direction le studio d\u2019enregistrement. Elle entame alors sa petite routine, allant des derniers pr\u00e9paratifs de l\u2019\u00e9mission aux ultimes tests micro avant le direct.<\/p>\n<p class=\"paragraph text_align_left lp-f-body-02\">Julia est co-animatrice d\u2019une <a href=\"https:\/\/www.leparisien.fr\/culture-loisirs\/tv\/audiences-radio-france-inter-au-top-ici-dans-les-choux-europe-1-respire-07-07-2025-IXKK5IPEMNBRZKYNGDGRIMYD2U.php\" target=\"_blank\" rel=\"noreferrer noopener\">matinale radio de renom<\/a> (pour des raisons de confidentialit\u00e9 et d\u2019anonymat, le nom de la radio et les th\u00e9matiques de ses programmes ne seront pas divulgu\u00e9s, NDLR). Elle prend l\u2019antenne d\u00e8s 6\u00a0heures et ce jusqu\u2019en milieu de matin\u00e9e. Alternant les flashs infos, les petits jeux et les d\u00e9bats, elle accompagne chaque matin des millions d\u2019auditeurs au son de sa voix.<\/p>\n","protected":false},"excerpt":{"rendered":"4h40. Julia* (le pr\u00e9nom a \u00e9t\u00e9 modifi\u00e9) enfile son manteau, d\u00e9gringole les marches de son escalier et saute&hellip;\n","protected":false},"author":2,"featured_media":559830,"comment_status":"","ping_status":"","sticky":false,"template":"","format":"standard","meta":{"footnotes":""},"categories":[7],"tags":[33,1011,27,43,40,41,39,42,44],"class_list":{"0":"post-559829","1":"post","2":"type-post","3":"status-publish","4":"format-standard","5":"has-post-thumbnail","7":"category-sciences-et-technologies","8":"tag-economie","9":"tag-fr","10":"tag-france","11":"tag-science","12":"tag-science-and-technology","13":"tag-sciences","14":"tag-sciences-et-technologies","15":"tag-technologies","16":"tag-technology"},"share_on_mastodon":{"url":"https:\/\/pubeurope.com\/@fr\/115615759449594639","error":""},"_links":{"self":[{"href":"https:\/\/www.europesays.com\/fr\/wp-json\/wp\/v2\/posts\/559829","targetHints":{"allow":["GET"]}}],"collection":[{"href":"https:\/\/www.europesays.com\/fr\/wp-json\/wp\/v2\/posts"}],"about":[{"href":"https:\/\/www.europesays.com\/fr\/wp-json\/wp\/v2\/types\/post"}],"author":[{"embeddable":true,"href":"https:\/\/www.europesays.com\/fr\/wp-json\/wp\/v2\/users\/2"}],"replies":[{"embeddable":true,"href":"https:\/\/www.europesays.com\/fr\/wp-json\/wp\/v2\/comments?post=559829"}],"version-history":[{"count":0,"href":"https:\/\/www.europesays.com\/fr\/wp-json\/wp\/v2\/posts\/559829\/revisions"}],"wp:featuredmedia":[{"embeddable":true,"href":"https:\/\/www.europesays.com\/fr\/wp-json\/wp\/v2\/media\/559830"}],"wp:attachment":[{"href":"https:\/\/www.europesays.com\/fr\/wp-json\/wp\/v2\/media?parent=559829"}],"wp:term":[{"taxonomy":"category","embeddable":true,"href":"https:\/\/www.europesays.com\/fr\/wp-json\/wp\/v2\/categories?post=559829"},{"taxonomy":"post_tag","embeddable":true,"href":"https:\/\/www.europesays.com\/fr\/wp-json\/wp\/v2\/tags?post=559829"}],"curies":[{"name":"wp","href":"https:\/\/api.w.org\/{rel}","templated":true}]}}