{"id":559831,"date":"2025-11-26T11:27:16","date_gmt":"2025-11-26T11:27:16","guid":{"rendered":"https:\/\/www.europesays.com\/fr\/559831\/"},"modified":"2025-11-26T11:27:16","modified_gmt":"2025-11-26T11:27:16","slug":"15-metres-grand-luxe-et-le-legendaire-bleu","status":"publish","type":"post","link":"https:\/\/www.europesays.com\/fr\/559831\/","title":{"rendered":"15 m\u00e8tres, grand luxe et le l\u00e9gendaire bleu"},"content":{"rendered":"<p>Un air de sport et d\u2019\u00e9l\u00e9gance flotte sur le Paris Nautic Show 2025. Le chantier naval Beneteau et le constructeur automobile Alpine d\u00e9voilent une collaboration in\u00e9dite en premi\u00e8re mondiale : le Gran Turismo 50 \u00e9dition limit\u00e9e Alpine. Cette alliance incarne un dialogue entre deux ic\u00f4nes fran\u00e7aises, alliant la tradition de la navigation de prestige \u00e0 l\u2019expertise du sport automobile tricolore. Et ce n\u2019est pas la premi\u00e8re fois qu\u2019une marque automobile sportive lance son propre bateau comme c\u2019est le cas avec\u00a0le <a href=\"https:\/\/www.mensup.fr\/lamborghini-devoile-son-nouveau-yacht-supercar-de-7600-chevaux\/\" target=\"_blank\" rel=\"noopener\">Tecnomar for Lamborghini 101FT<\/a>.<\/p>\n<p>Un sport-cruiser au design sign\u00e9, entre mer et asphalte<\/p>\n<p>Derri\u00e8re ses lignes tendues et son allure rac\u00e9e, le Gran Turismo 50 \u00e9dition limit\u00e9e Alpine r\u00e9v\u00e8le un concentr\u00e9 de conception soign\u00e9e et d\u2019h\u00e9ritage ma\u00eetris\u00e9. Ce mod\u00e8le s\u2019ancre dans la philosophie japonaise du \u00ab Kanso \u00bb (la qu\u00eate de clart\u00e9) et du \u00ab Yugen \u00bb (la beaut\u00e9 subtile), instillant une atmosph\u00e8re int\u00e9rieure \u00e9pur\u00e9e, baign\u00e9e d\u2019une lumi\u00e8re tamis\u00e9e, propice \u00e0 la d\u00e9tente.<\/p>\n<p><img fetchpriority=\"high\" decoding=\"async\" width=\"1024\" height=\"648\" src=\"data:image\/svg+xml,%3Csvg%20xmlns=\" http:=\"\" alt=\"Voici le premier yacht du constructeur automoAlpine\" class=\"wp-image-508691\" data-lazy- data-lazy- data-lazy-src=\"https:\/\/www.europesays.com\/fr\/wp-content\/uploads\/2025\/11\/d959454a-970f-46c3-b3cd-2f5a915431de_2-1024x648.jpg\"\/><\/p>\n<p>La collaboration entre Beneteau et Alpine va au-del\u00e0 d\u2019un simple badge partag\u00e9. Le Gran Turismo 50 h\u00e9rite des codes esth\u00e9tiques propres \u00e0 la marque automobile fran\u00e7aise. Sa coque b\u00e9n\u00e9ficie d\u2019une teinte exclusive baptis\u00e9e Bleu Abysse, profonde et imm\u00e9diatement reconnaissable. Dans l\u2019habitacle, on retrouve des d\u00e9tails sugg\u00e9rant les univers crois\u00e9s : motifs inspir\u00e9s du carbone, textures raffin\u00e9es, pr\u00e9sence discr\u00e8te mais assum\u00e9e de touches Alpine, et surtout un poste de pilotage pens\u00e9 comme un v\u00e9ritable cockpit. Le volant, con\u00e7u sur mesure, fait directement \u00e9cho au monde de la course, transformant l\u2019exp\u00e9rience de man\u0153uvre en sensation de pilotage.<\/p>\n<p>Les lignes ext\u00e9rieures du bateau restent fid\u00e8les \u00e0 l\u2019ADN de la gamme Gran Turismo avec une silhouette basse, allong\u00e9e, combinant sportivit\u00e9 et fluidit\u00e9. Cette esth\u00e9tique sert une ergonomie repens\u00e9e, o\u00f9 les transitions entre les espaces int\u00e9rieurs et ext\u00e9rieurs sont pens\u00e9es pour une circulation souple et intuitive \u00e0 bord.<\/p>\n<p>Une vision commune de la performance \u00e0 la fran\u00e7aise<\/p>\n<p>Cette rencontre entre deux marques patrimoniales ne rel\u00e8ve pas du hasard. Beneteau, acteur historique de la plaisance depuis 1884, et Alpine, sp\u00e9cialiste des voitures de sport depuis 1955, partagent une m\u00eame passion pour la pr\u00e9cision, le design utile et l\u2019innovation. Leur collaboration cristallise une ambition partag\u00e9e : proposer une exp\u00e9rience premium au-del\u00e0 de leur c\u0153ur de m\u00e9tier.<\/p>\n<p>Plus de 300 composants sur-mesure ont \u00e9t\u00e9 d\u00e9velopp\u00e9s pour adapter les mat\u00e9riaux automobiles d\u2019Alpine aux exigences du milieu nautique. Ce d\u00e9fi industriel, relev\u00e9 par des \u00e9quipes hautement qualifi\u00e9es, repr\u00e9sente un dialogue technique entre deux mondes exigeants mais compl\u00e9mentaires. Il illustre \u00e9galement une volont\u00e9 assum\u00e9e de continuer \u00e0 repousser les standards, sans trahir l\u2019h\u00e9ritage respectif des marques.<\/p>\n<p>Le r\u00e9sultat est un yacht unique en son genre, disponible en \u00e9dition limit\u00e9e, et mettant en lumi\u00e8re l\u2019excellence artisanale fran\u00e7aise dans deux univers distincts mais convergents.<\/p>\n<p><img loading=\"lazy\" decoding=\"async\" width=\"1024\" height=\"683\" src=\"data:image\/svg+xml,%3Csvg%20xmlns=\" http:=\"\" alt=\"Voici le premier yacht du constructeur automoAlpine\" class=\"wp-image-508692\" data-lazy- data-lazy- data-lazy-src=\"https:\/\/www.europesays.com\/fr\/wp-content\/uploads\/2025\/11\/bb545982-a825-4693-85b8-335bed6d7476_3-1024x683.jpg\"\/><\/p>\n<p>Cette premi\u00e8re mondiale a lieu au Salon nautique de Paris, du 26 au 30 novembre 2025 au Parc des Expositions de Paris-Le Bourget. Le stand commun Beneteau x Alpine (Hall 3, stand C-47) accueillera les visiteurs et la presse (point presse pr\u00e9vu le 28 novembre \u00e0 9h). L\u2019aventure se poursuivra ensuite au Boot D\u00fcsseldorf d\u00e9but 2026, o\u00f9 le Gran Turismo 50 \u00e9dition limit\u00e9e Alpine entamera un nouveau chapitre de sa carri\u00e8re internationale.<\/p>\n<p>\u00c0 noter \u00e9galement la pr\u00e9sence du nouveau mod\u00e8le Alpine A390, un sport fastback \u00e9lectrique d\u00e9voil\u00e9 pendant le salon. Une autre pi\u00e8ce ma\u00eetresse du nouveau \u00ab Dream Garage \u00bb inaugur\u00e9 par la marque au A fl\u00e9ch\u00e9 en 2024.<\/p>\n<p>Ce croisement entre nautisme de haut niveau et automobile de prestige d\u00e9montre qu\u2019au-del\u00e0 des moteurs, ce sont des valeurs communes qui unissent ces deux maisons : exigence, \u00e9l\u00e9gance, technicit\u00e9, mais surtout la volont\u00e9 de faire vivre une exp\u00e9rience totale, aussi bien sur l\u2019eau que sur la route.<\/p>\n<ul class=\"wp-block-list has-very-light-gray-background-color has-background\">\n<li><b>Mod\u00e8le :<\/b> Beneteau Gran Turismo 50 \u00e9dition limit\u00e9e Alpine<\/li>\n<li><b>R\u00e9v\u00e9lation :<\/b> Premi\u00e8re mondiale au Paris Nautic Show 2025<\/li>\n<li><b>P\u00e9riode :<\/b> Du 26 au 30 novembre 2025<\/li>\n<li><b>Lieu :<\/b> Parc des Expositions de Paris-Le Bourget, Hall 3, stand C-47<\/li>\n<li><b>Design :<\/b> Couleur exclusive Bleu Abysse, int\u00e9rieur inspir\u00e9 Alpine, plus de 300 composants sur mesure<\/li>\n<li><b>Philosophie :<\/b> Conception inspir\u00e9e des principes japonais de Kanso (clart\u00e9) et Yugen (subtilit\u00e9)<\/li>\n<li><b>Lancement international :<\/b> Boot D\u00fcsseldorf d\u00e9but 2026<\/li>\n<li><b>Autres nouveaut\u00e9s :<\/b> Pr\u00e9sentation de l\u2019Alpine A390, sport fastback \u00e9lectrique<\/li>\n<\/ul>\n<p>Partager sur les r\u00e9seaux<\/p>\n","protected":false},"excerpt":{"rendered":"Un air de sport et d\u2019\u00e9l\u00e9gance flotte sur le Paris Nautic Show 2025. Le chantier naval Beneteau et&hellip;\n","protected":false},"author":2,"featured_media":559832,"comment_status":"","ping_status":"","sticky":false,"template":"","format":"standard","meta":{"footnotes":""},"categories":[6],"tags":[35,33,34,1011,27],"class_list":{"0":"post-559831","1":"post","2":"type-post","3":"status-publish","4":"format-standard","5":"has-post-thumbnail","7":"category-economie","8":"tag-business","9":"tag-economie","10":"tag-economy","11":"tag-fr","12":"tag-france"},"share_on_mastodon":{"url":"https:\/\/pubeurope.com\/@fr\/115615763356594138","error":""},"_links":{"self":[{"href":"https:\/\/www.europesays.com\/fr\/wp-json\/wp\/v2\/posts\/559831","targetHints":{"allow":["GET"]}}],"collection":[{"href":"https:\/\/www.europesays.com\/fr\/wp-json\/wp\/v2\/posts"}],"about":[{"href":"https:\/\/www.europesays.com\/fr\/wp-json\/wp\/v2\/types\/post"}],"author":[{"embeddable":true,"href":"https:\/\/www.europesays.com\/fr\/wp-json\/wp\/v2\/users\/2"}],"replies":[{"embeddable":true,"href":"https:\/\/www.europesays.com\/fr\/wp-json\/wp\/v2\/comments?post=559831"}],"version-history":[{"count":0,"href":"https:\/\/www.europesays.com\/fr\/wp-json\/wp\/v2\/posts\/559831\/revisions"}],"wp:featuredmedia":[{"embeddable":true,"href":"https:\/\/www.europesays.com\/fr\/wp-json\/wp\/v2\/media\/559832"}],"wp:attachment":[{"href":"https:\/\/www.europesays.com\/fr\/wp-json\/wp\/v2\/media?parent=559831"}],"wp:term":[{"taxonomy":"category","embeddable":true,"href":"https:\/\/www.europesays.com\/fr\/wp-json\/wp\/v2\/categories?post=559831"},{"taxonomy":"post_tag","embeddable":true,"href":"https:\/\/www.europesays.com\/fr\/wp-json\/wp\/v2\/tags?post=559831"}],"curies":[{"name":"wp","href":"https:\/\/api.w.org\/{rel}","templated":true}]}}