{"id":559833,"date":"2025-11-26T11:28:12","date_gmt":"2025-11-26T11:28:12","guid":{"rendered":"https:\/\/www.europesays.com\/fr\/559833\/"},"modified":"2025-11-26T11:28:12","modified_gmt":"2025-11-26T11:28:12","slug":"ils-mettent-fin-a-leurs-jours-ensemble-en-sautant-dune-falaise-une-femme-choisit-de-suivre-son-conjoint-atteint-dun-cancer-des-os-jusque-dans-la-mort","status":"publish","type":"post","link":"https:\/\/www.europesays.com\/fr\/559833\/","title":{"rendered":"Ils mettent fin \u00e0 leurs jours ensemble en sautant d\u2019une falaise\u00a0: une femme choisit de suivre son conjoint, atteint d\u2019un cancer des os, jusque dans la mort"},"content":{"rendered":"<p>\n                                                                Un couple a mis fin \u00e0 ses jours ensemble, en Angleterre. L\u2019homme, \u00e2g\u00e9 de 80 ans, souffrait d\u2019un cancer des os. Son \u00e9pouse, 74 ans, a choisi de le suivre dans son dernier voyage.\n                            <\/p>\n<p>Un couple de personnes \u00e2g\u00e9es a mis fin \u00e0 ses jours ensemble, en se jetant d\u2019une falaise dans le nord-est de l\u2019Angleterre, pr\u00e8s de l\u2019abbaye de Whitby, le 30\u00a0juillet dernier, relate <a href=\"https:\/\/www.independent.co.uk\/news\/uk\/home-news\/couple-death-whitby-david-susan-jeffcock-b2871654.html\" target=\"_self\" rel=\"noopener\">The Independant.<\/a><\/p>\n<p>Atteint d\u2019un cancer des os, l\u2019\u00e9tat de sant\u00e9 de l\u2019homme, \u00e2g\u00e9 de 80 ans, se d\u00e9t\u00e9riorait fortement, selon les conclusions d\u2019une enqu\u00eate.<\/p>\n<p>\u00ab\u00a0D\u00e9vouement\u00a0\u00bb<\/p>\n<p>Le couple avait d\u00e9m\u00e9nag\u00e9 dans la ville baln\u00e9aire de Northallerton apr\u00e8s leur retraite. \u00ab\u00a0Je ne peux que conclure que (mon oncle) souffrait tellement qu\u2019il ne voulait pas continuer \u00e0 se d\u00e9t\u00e9riorer\u00a0\u00bb, s\u2019est exprim\u00e9 leur neveu lors de l\u2019enqu\u00eate, cit\u00e9 par le m\u00e9dia britannique. Sa tante a \u00ab\u00a0choisi de le rejoindre\u00a0\u00bb, \u00ab\u00a0cela montre \u00e0 mes yeux leur d\u00e9vouement\u00a0\u00bb, a-t-il ajout\u00e9.<\/p>\n<p>Lettre \u00e0 leur avocat<\/p>\n<p>Amoureux, le couple, qui avait d\u00e9cid\u00e9 de ne pas avoir d\u2019enfants, profitait de ses vacances pour voyager \u00e0 travers le monde. \u00c0 la retraite, ils s\u2019\u00e9taient install\u00e9s \u00e0 Whitby, l\u2019un de leurs endroits pr\u00e9f\u00e9r\u00e9s, dans un appartement avec vue sur le port.<\/p>\n<p>L\u2019octog\u00e9naire s\u2019\u00e9tait rendu trois fois aux urgences plus t\u00f4t dans l\u2019ann\u00e9e pour maux de t\u00eate aigus et difficult\u00e9s respiratoires. Une enqu\u00eate polici\u00e8re a confirm\u00e9 que le couple avait r\u00e9dig\u00e9 une lettre \u00e0 leur avocat, d\u00e9crivant leur intention de mettre fin \u00e0 leurs jours.<\/p>\n","protected":false},"excerpt":{"rendered":"Un couple a mis fin \u00e0 ses jours ensemble, en Angleterre. L\u2019homme, \u00e2g\u00e9 de 80 ans, souffrait d\u2019un&hellip;\n","protected":false},"author":2,"featured_media":559834,"comment_status":"","ping_status":"","sticky":false,"template":"","format":"standard","meta":{"footnotes":""},"categories":[5],"tags":[11,1011,27,14,12,28],"class_list":{"0":"post-559833","1":"post","2":"type-post","3":"status-publish","4":"format-standard","5":"has-post-thumbnail","7":"category-international","8":"tag-actualites","9":"tag-fr","10":"tag-france","11":"tag-international","12":"tag-news","13":"tag-world"},"share_on_mastodon":{"url":"https:\/\/pubeurope.com\/@fr\/115615767331940265","error":""},"_links":{"self":[{"href":"https:\/\/www.europesays.com\/fr\/wp-json\/wp\/v2\/posts\/559833","targetHints":{"allow":["GET"]}}],"collection":[{"href":"https:\/\/www.europesays.com\/fr\/wp-json\/wp\/v2\/posts"}],"about":[{"href":"https:\/\/www.europesays.com\/fr\/wp-json\/wp\/v2\/types\/post"}],"author":[{"embeddable":true,"href":"https:\/\/www.europesays.com\/fr\/wp-json\/wp\/v2\/users\/2"}],"replies":[{"embeddable":true,"href":"https:\/\/www.europesays.com\/fr\/wp-json\/wp\/v2\/comments?post=559833"}],"version-history":[{"count":0,"href":"https:\/\/www.europesays.com\/fr\/wp-json\/wp\/v2\/posts\/559833\/revisions"}],"wp:featuredmedia":[{"embeddable":true,"href":"https:\/\/www.europesays.com\/fr\/wp-json\/wp\/v2\/media\/559834"}],"wp:attachment":[{"href":"https:\/\/www.europesays.com\/fr\/wp-json\/wp\/v2\/media?parent=559833"}],"wp:term":[{"taxonomy":"category","embeddable":true,"href":"https:\/\/www.europesays.com\/fr\/wp-json\/wp\/v2\/categories?post=559833"},{"taxonomy":"post_tag","embeddable":true,"href":"https:\/\/www.europesays.com\/fr\/wp-json\/wp\/v2\/tags?post=559833"}],"curies":[{"name":"wp","href":"https:\/\/api.w.org\/{rel}","templated":true}]}}