{"id":559835,"date":"2025-11-26T11:29:14","date_gmt":"2025-11-26T11:29:14","guid":{"rendered":"https:\/\/www.europesays.com\/fr\/559835\/"},"modified":"2025-11-26T11:29:14","modified_gmt":"2025-11-26T11:29:14","slug":"darmanin-lance-loperation-fouilles-xxl-dans-les-prisons-a-la-recherche-de-telephones","status":"publish","type":"post","link":"https:\/\/www.europesays.com\/fr\/559835\/","title":{"rendered":"Darmanin lance l\u2019op\u00e9ration \u00ab\u00a0fouilles XXL\u00a0\u00bb dans les prisons \u00e0 la recherche de t\u00e9l\u00e9phones"},"content":{"rendered":"<p>Il est de notori\u00e9t\u00e9 publique que les <a href=\"https:\/\/www.20minutes.fr\/dossier\/telephone\" class=\"c-link c-link--is-underlined\" target=\"_blank\" rel=\"noopener\">t\u00e9l\u00e9phones portables<\/a> pullulent dans les <a href=\"https:\/\/www.20minutes.fr\/societe\/4187167-20251121-zero-portable-prison-darmanin-veut-lutter-contre-telephones-shit-detention\" target=\"_blank\" class=\"c-link c-link--is-underlined\" rel=\"noopener\">prisons fran\u00e7aises<\/a>, envoy\u00e9s aux d\u00e9tenus par drones ou par d\u2019autres moyens disons, plus intimes. C\u2019est d\u2019ailleurs devenu l\u2019un des principaux combats du ministre de la Justice, <a href=\"https:\/\/www.20minutes.fr\/dossier\/gerald_darmanin\" class=\"c-link c-link--is-underlined\" target=\"_blank\" rel=\"noopener\">G\u00e9rald Darmanin<\/a>, notamment parce que cela permet aux narcotrafiquants de poursuivre leur business depuis leurs cellules. Alors ce mercredi, le garde des Sceaux a annonc\u00e9 le lancement d\u2019une op\u00e9ration \u00ab\u00a0massive\u00a0\u00bb de fouilles dans les prisons fran\u00e7aises jusqu\u2019\u00e0 la fin de l\u2019ann\u00e9e.<\/p>\n<p>\u00ab\u00a0Depuis hier soir, nous commandons des op\u00e9rations de tr\u00e8s grande ampleur dans les prisons fran\u00e7aises\u00a0\u00bb, a d\u00e9clar\u00e9 sur RTL le garde des Sceaux. Baptis\u00e9e \u00ab\u00a0fouilles XXL\u00a0\u00bb, cette op\u00e9ration a \u00e9t\u00e9 inaugur\u00e9e, mardi soir, par le ministre lui-m\u00eame dans la maison d\u2019arr\u00eat de Nanterre aux c\u00f4t\u00e9s de quelque 200 agents p\u00e9nitentiaires et de la police.<\/p>\n<\/p>\n<p>Toutes les prisons vont y passer \u00ab\u00a0d\u2019ici le 31\u00a0d\u00e9cembre\u00a0\u00bb<\/p>\n<p>Le bilan de cette premi\u00e8re op\u00e9ration est \u00e9loquent\u00a0: 70 t\u00e9l\u00e9phones portables saisis, des cl\u00e9s USB, des cartes SIM et \u00ab\u00a0quelques dizaines de grammes\u00a0\u00bb de drogue, selon G\u00e9rald Darmanin.<\/p>\n<p>\u00ab\u00a0J\u2019ai donn\u00e9 instruction \u00e0 l\u2019ensemble de l\u2019administration p\u00e9nitentiaire [\u2026] de faire des contr\u00f4les dans toutes les prisons d\u2019ici le 31\u00a0d\u00e9cembre de fa\u00e7on massive\u00a0\u00bb, a-t-il insist\u00e9. \u00ab\u00a0C\u2019est un enjeu national qu\u2019il n\u2019y ait pas de t\u00e9l\u00e9phones portables dans les prisons\u00a0\u00bb, a encore d\u00e9clar\u00e9 G\u00e9rald Darmanin.<\/p>\n<p><a href=\"https:\/\/www.20minutes.fr\/dossier\/narcotrafiquants\" class=\"c-link c-btn c-btn--primary\" target=\"_blank\" rel=\"noopener\">Notre dossier sur le narcotrafic<\/a><\/p>\n<p>Ces fouilles \u00ab\u00a0consistent \u00e0 d\u00e9courager les activit\u00e9s notamment li\u00e9es au narcotrafic\u00a0\u00bb, a \u00e9crit le ministre dans la circulaire dat\u00e9e de mardi transmise \u00e0 l\u2019administration p\u00e9nitentiaire. \u00ab\u00a0La perm\u00e9abilit\u00e9 des \u00e9tablissements p\u00e9nitentiaires, y compris dans les quartiers s\u00e9curis\u00e9s tels que les quartiers d\u2019isolement, a facilit\u00e9 la poursuite de leurs activit\u00e9s par les d\u00e9linquants et criminels, malgr\u00e9 leur incarc\u00e9ration\u00a0\u00bb, peut-on lire dans ce document.<\/p>\n","protected":false},"excerpt":{"rendered":"Il est de notori\u00e9t\u00e9 publique que les t\u00e9l\u00e9phones portables pullulent dans les prisons fran\u00e7aises, envoy\u00e9s aux d\u00e9tenus par&hellip;\n","protected":false},"author":2,"featured_media":559836,"comment_status":"","ping_status":"","sticky":false,"template":"","format":"standard","meta":{"footnotes":""},"categories":[4],"tags":[47,11,1011,27,432,4145,813,12,806,25,104,319],"class_list":{"0":"post-559835","1":"post","2":"type-post","3":"status-publish","4":"format-standard","5":"has-post-thumbnail","7":"category-france","8":"tag-actualite","9":"tag-actualites","10":"tag-fr","11":"tag-france","12":"tag-gerald-darmanin","13":"tag-ministre-de-la-justice","14":"tag-narcotrafiquants","15":"tag-news","16":"tag-prison","17":"tag-republique-francaise","18":"tag-societe","19":"tag-telephone"},"share_on_mastodon":{"url":"https:\/\/pubeurope.com\/@fr\/115615771159741880","error":""},"_links":{"self":[{"href":"https:\/\/www.europesays.com\/fr\/wp-json\/wp\/v2\/posts\/559835","targetHints":{"allow":["GET"]}}],"collection":[{"href":"https:\/\/www.europesays.com\/fr\/wp-json\/wp\/v2\/posts"}],"about":[{"href":"https:\/\/www.europesays.com\/fr\/wp-json\/wp\/v2\/types\/post"}],"author":[{"embeddable":true,"href":"https:\/\/www.europesays.com\/fr\/wp-json\/wp\/v2\/users\/2"}],"replies":[{"embeddable":true,"href":"https:\/\/www.europesays.com\/fr\/wp-json\/wp\/v2\/comments?post=559835"}],"version-history":[{"count":0,"href":"https:\/\/www.europesays.com\/fr\/wp-json\/wp\/v2\/posts\/559835\/revisions"}],"wp:featuredmedia":[{"embeddable":true,"href":"https:\/\/www.europesays.com\/fr\/wp-json\/wp\/v2\/media\/559836"}],"wp:attachment":[{"href":"https:\/\/www.europesays.com\/fr\/wp-json\/wp\/v2\/media?parent=559835"}],"wp:term":[{"taxonomy":"category","embeddable":true,"href":"https:\/\/www.europesays.com\/fr\/wp-json\/wp\/v2\/categories?post=559835"},{"taxonomy":"post_tag","embeddable":true,"href":"https:\/\/www.europesays.com\/fr\/wp-json\/wp\/v2\/tags?post=559835"}],"curies":[{"name":"wp","href":"https:\/\/api.w.org\/{rel}","templated":true}]}}