{"id":559839,"date":"2025-11-26T11:31:21","date_gmt":"2025-11-26T11:31:21","guid":{"rendered":"https:\/\/www.europesays.com\/fr\/559839\/"},"modified":"2025-11-26T11:31:21","modified_gmt":"2025-11-26T11:31:21","slug":"la-sainte-barbe-brasse-lidentification-stephanoise-5e-edition","status":"publish","type":"post","link":"https:\/\/www.europesays.com\/fr\/559839\/","title":{"rendered":"La Sainte Barbe brasse l\u2019identification st\u00e9phanoise\u00a0: 5e \u00e9dition"},"content":{"rendered":"<p class=\"is-style-chapo\">Lyon a ses Lumi\u00e8res, Saint-Etienne a sa Sainte-Barbe. Oui, toutes proportions gard\u00e9es bien s\u00fbr\u2026 Il n\u2019emp\u00eache que l\u2019on doit \u00e0 quelques St\u00e9phanois d\u2019\u00eatre all\u00e9s au charbon il y a 4 ans afin de rajeunir et amplifier l\u2019existant\u00a0: la traditionnelle f\u00eate annuelle c\u00e9l\u00e9brant la sainte patronne \u2013 Barbara d\u2019H\u00e9liopolis, dite sainte Barbe -, entre autres, des mineurs. Rendez-vous pour cette 5e \u00e9dition donc, samedi 6 d\u00e9cembre dans les rues du centre-ville, au sein de 60 \u00e9tablissements et jusqu\u2019au Fil pour le bout de la nuit, avec quelques nouveaut\u00e9s, en particulier en direction des enfants. \u00a0<\/p>\n<p><img fetchpriority=\"high\" decoding=\"async\" width=\"1024\" height=\"576\" src=\"https:\/\/www.europesays.com\/fr\/wp-content\/uploads\/2025\/11\/Capture-decran-2025-11-26-085406-1024x576.jpg\" alt=\"\" class=\"wp-image-81134\"  \/>Les t-shirts \u00ab\u00a0Sainte Barbe\u00a0\u00bb 2025 \u2013 les m\u00eames que port\u00e9s dans les bars \u2013 sont vendus au public en partenariat avec la boutique Trincamp et l\u2019Office de tourisme. \u00a9Sainte-Barbe<\/p>\n<p>Environ 1 500 personnes en 2019 contre 7 000 en 2024. Ce ne sont pas les chiffres de fr\u00e9quentation de la <a href=\"https:\/\/www.if-saint-etienne.fr\/?s=sainte+barbe\" target=\"_blank\" rel=\"noreferrer noopener\">Sainte-Barbe<\/a> en soi. Si tant est que des moyens puissent \u00eatre pertinemment d\u00e9ploy\u00e9s pour la comptabiliser, le nombre de personnes qu\u2019attire sp\u00e9cifiquement l\u2019\u00e9v\u00e9nement dans les rues du centre-ville de Saint-Etienne n\u2019est pas connu, nous indiquent les organisateurs. Alors question jauge, ces derniers \u00e9voquent l\u2019assistance \u00e9valu\u00e9e au traditionnel et pr\u00e9 existant feu d\u2019artifice au parc Joseph-Sanguedolce avec le chevalement du puits Couriot en toile de fond. Il y a bien eu un avant et un apr\u00e8s \u00ab\u00a0leur\u00a0\u00bb Sainte-Barbe lanc\u00e9e en 2021.<\/p>\n<p>Une initiative que l\u2019on doit au trio Riwan Makhlouf (agence de communication Beauseigne), Gr\u00e9gory Descot (g\u00e9rant de plusieurs bars de la ville) et Benjamin Valentin, directeur de la Brasserie St\u00e9phanoise. Initiative qui n\u2019est pas venue miner les festivit\u00e9s annuelles traditionnelles \u2013 lancement des illuminations de No\u00ebl, procession depuis le parvis de Saint-Charles et donc feu d\u2019artifice, toujours l\u00e0 et encore l\u00e0 samedi 6 d\u00e9cembre \u00e0 partir de 19 h place Jean-Jaur\u00e8s \u2013 autour de la sainte patronne, entre autres des mineurs. Mais qui prend, au contraire appui sur elles pour en faire une grande f\u00eate \u00e0 vis\u00e9e f\u00e9d\u00e9ratrice en ville tout public, quoique plut\u00f4t jeune, impliquant des dizaines d\u2019\u00e9tablissements, bars, restaurants et d\u2019autres acteurs encore. Une f\u00eate d\u2019identification st\u00e9phanoise qui manquait tant \u00e0 la ville.<\/p>\n<p>Un \u00e9v\u00e9nement \u00e0 \u00ab\u00a099 %\u00a0\u00bb\u00a0gratuit<\/p>\n<p>\u00ab\u00a0On est parti du constat que, chaque ann\u00e9e, \u00e0 l\u2019occasion de la Saint-Patrick irlandaise ou la F\u00eate de la musique, Saint-Etienne est en f\u00eate, les gens sortent, les bars font le plein. Mais paradoxalement, nous n\u2019avions pas de f\u00eate annuelle aussi impactante bien \u00e0 nous, f\u00e9d\u00e9ratrice, comme \u00e0 Lyon, Lille ou m\u00eame Le Puy avec le Roi de l\u2019oiseau. Le faire en partant de l\u2019existant, la Sainte Barbe, avec ce fort marqueur d\u2019identit\u00e9 locale, nous est apparu \u00e9vident\u00a0\u00bb, rappelaient Riwan Makhlouf et Gr\u00e9gory Descot \u00e0 l\u2019occasion de la pr\u00e9sentation de cette 5e \u00e9dition mi-novembre. Mont\u00e9 en association d\u2019embl\u00e9e, n\u00e9cessitant un budget modeste, le pari s\u2019est av\u00e9r\u00e9 plut\u00f4t r\u00e9ussi d\u00e8s la premi\u00e8re \u00e9dition et prend de l\u2019ampleur depuis chaque ann\u00e9e.<\/p>\n<p><img loading=\"lazy\" decoding=\"async\" width=\"998\" height=\"678\" src=\"https:\/\/www.europesays.com\/fr\/wp-content\/uploads\/2025\/11\/Capture-decran-2025-11-26-115027.png\" alt=\"\" class=\"wp-image-81137\"  \/>200 affiches arrivent ville pr\u00e9sentant soit une \u00ab\u00a0clapeuse\u00a0\u00bb, soit un mineur. <\/p>\n<p>L\u2019essentiel repose sur l\u2019ouverture simultan\u00e9e de dizaines d\u2019\u00e9tablissements \u2013 bars, restaurants, une soixantaine cette ann\u00e9e \u2013 aux couleurs de la f\u00eate en soir\u00e9e et servant des bi\u00e8res \u00e9labor\u00e9es sp\u00e9cialement pour l\u2019occasion par six brasseries de Saint-Etienne ou des environs. Une trentaine de b\u00e9n\u00e9voles leur a apport\u00e9 \u2013 une premi\u00e8re \u2013 des kits pour en afficher rep\u00e8res visuels, vestimentaires, d\u00e9cos et couleurs. Ateliers, concerts, conf\u00e9rences, caf\u00e9s litt\u00e9raires, expositions, jeux, animations, course p\u00e9destre (Run cavale godet, limit\u00e9e \u00e0 100 participants, au profit du Secours populaire) et donc rendez-vous ancestral compl\u00e8tent<strong>*<\/strong>, d\u00e8s le d\u00e9jeuner de 12 h, un \u00e9v\u00e9nement \u00e0 \u00ab\u00a099 %\u00a0\u00bb\u00a0gratuit, hors consommations \u00e9videmment. Il est soutenu depuis ses d\u00e9buts par l\u2019office de tourisme m\u00e9tropolitain \u2013 \u00ab\u00a0bien que faire venir \u00e0 Saint-Etienne des gens de l\u2019ext\u00e9rieur, voire des autres villes de la m\u00e9tropole reste encore \u00e0 accomplir\u00a0\u00bb -, l\u2019ASSE \u00e9tant aussi de la partie, comme la soci\u00e9t\u00e9 BV sport.<\/p>\n<p>Les matrus \u00e0 la f\u00eate aussi<\/p>\n<p>La municipalit\u00e9 st\u00e9phanoise, du moins, au d\u00e9part, n\u2019a pas cr\u00fb \u00e0 la pertinence de l\u2019\u00e9v\u00e9nement vis-\u00e0-vis de sa propre politique de communication. Mais elle s\u2019y associe d\u00e9sormais, depuis 2023 en lui accordant 7 000 \u20ac de subventions annuelles. Lanc\u00e9 l\u2019an pass\u00e9, le bal au Fil, \u00e0 partir de 23 h et jusqu\u2019\u00e0 4 h 30 est reconduit apr\u00e8s avoir attir\u00e9 1 500 personnes cumul\u00e9s en 2024 pour les plus f\u00eatards frustr\u00e9s de s\u2019arr\u00eater en si bon chemin. La nouveaut\u00e9 cette ann\u00e9e r\u00e9side dans le d\u00e9veloppement de rendez-vous tourn\u00e9s d\u00e8s l\u2019apr\u00e8s-midi vers les enfants dont le point d\u2019orgue sera le \u00ab\u00a0Bal des matrus\u00a0\u00bb place Waldeck-Rousseau qui b\u00e9n\u00e9ficiera de la pr\u00e9sence du Kids club de l\u2019ASSE. C\u00f4t\u00e9 identification toujours, \u00e0 noter la vente des t-shirts \u00ab\u00a0Sainte Barbe\u00a0\u00bb 2025 \u2013 les m\u00eames que port\u00e9s dans les bars \u2013 en partenariat avec la boutique <a href=\"https:\/\/www.if-saint-etienne.fr\/tag\/trincamp\" target=\"_blank\" rel=\"noreferrer noopener\">Trincamp<\/a> et l\u2019Office de tourisme.<\/p>\n<p>Il y aussi, les fameuses affiches de l\u2019\u00e9dition, qui voient double cette ann\u00e9e. Au nombre de 200, elles pr\u00e9sentent deux profils distincts\u00a0: soit un mineur semblant porter un maillot de l\u2019ASSE en coton, en tout cas vert, mais aussi, en tenue analogue, de \u00ab\u00a0clapeuses\u00a0\u00bb : hommage suppl\u00e9mentaire \u00e0 ces travailleuses qui triaient le charbon tout juste sorti des mines. A propos de tenues, il y a, enfin, en partenariat avec l\u2019ASSE encore et son \u00e9quipementier Hummel, ce v\u00e9ritable maillot de match sp\u00e9cial collector, \u00e9dit\u00e9 par le club \u00e0 un prix relativement modeste par rapport \u00e0 celui lambda. Il sera d\u00e9voil\u00e9 \u2013 mais pas port\u00e9 par les joueurs \u2013 \u00e0 l\u2019occasion du d\u00e9placement des Verts \u00e0 Dunkerque le soir m\u00eame. La diffusion du match dans les bars (l\u2019un d\u2019eux rediffuse d\u2019ailleurs des matchs de l\u00e9gende l\u2019apr\u00e8s-midi) ne devrait rien enlever \u00e0 la f\u00eate, au contraire.<\/p>\n<p><strong>La programmation compl\u00e8te est \u00e0 retrouver sur son <a href=\"https:\/\/www.sainte-barbe.com\/\" target=\"_blank\" rel=\"noreferrer noopener\">site sp\u00e9cifique<\/a>. Quelques rendez-vous \u00ab\u00a0off\u00a0\u00bb \u00e0 signaler les 4 et 5 d\u00e9cembre.<\/strong><\/p>\n","protected":false},"excerpt":{"rendered":"Lyon a ses Lumi\u00e8res, Saint-Etienne a sa Sainte-Barbe. Oui, toutes proportions gard\u00e9es bien s\u00fbr\u2026 Il n\u2019emp\u00eache que l\u2019on&hellip;\n","protected":false},"author":2,"featured_media":559840,"comment_status":"","ping_status":"","sticky":false,"template":"","format":"standard","meta":{"footnotes":""},"categories":[9653],"tags":[1111,11,2430,67690,67691,63934,1777,674,14012,67692,67693,1011,27,12,25,4001,65104,15880],"class_list":{"0":"post-559839","1":"post","2":"type-post","3":"status-publish","4":"format-standard","5":"has-post-thumbnail","7":"category-saint-etienne","8":"tag-actu","9":"tag-actualites","10":"tag-auvergne-rhone-alpes","11":"tag-bars-saint-etienne","12":"tag-brasseries","13":"tag-centre-ville-de-saint-etienne","14":"tag-eu","15":"tag-europe","16":"tag-festif","17":"tag-festivites-loire","18":"tag-fete-de-la-sainte-barbe","19":"tag-fr","20":"tag-france","21":"tag-news","22":"tag-republique-francaise","23":"tag-saint-etienne","24":"tag-sainte-barbe","25":"tag-ville-de-saint-etienne"},"share_on_mastodon":{"url":"https:\/\/pubeurope.com\/@fr\/115615780096538279","error":""},"_links":{"self":[{"href":"https:\/\/www.europesays.com\/fr\/wp-json\/wp\/v2\/posts\/559839","targetHints":{"allow":["GET"]}}],"collection":[{"href":"https:\/\/www.europesays.com\/fr\/wp-json\/wp\/v2\/posts"}],"about":[{"href":"https:\/\/www.europesays.com\/fr\/wp-json\/wp\/v2\/types\/post"}],"author":[{"embeddable":true,"href":"https:\/\/www.europesays.com\/fr\/wp-json\/wp\/v2\/users\/2"}],"replies":[{"embeddable":true,"href":"https:\/\/www.europesays.com\/fr\/wp-json\/wp\/v2\/comments?post=559839"}],"version-history":[{"count":0,"href":"https:\/\/www.europesays.com\/fr\/wp-json\/wp\/v2\/posts\/559839\/revisions"}],"wp:featuredmedia":[{"embeddable":true,"href":"https:\/\/www.europesays.com\/fr\/wp-json\/wp\/v2\/media\/559840"}],"wp:attachment":[{"href":"https:\/\/www.europesays.com\/fr\/wp-json\/wp\/v2\/media?parent=559839"}],"wp:term":[{"taxonomy":"category","embeddable":true,"href":"https:\/\/www.europesays.com\/fr\/wp-json\/wp\/v2\/categories?post=559839"},{"taxonomy":"post_tag","embeddable":true,"href":"https:\/\/www.europesays.com\/fr\/wp-json\/wp\/v2\/tags?post=559839"}],"curies":[{"name":"wp","href":"https:\/\/api.w.org\/{rel}","templated":true}]}}