{"id":559841,"date":"2025-11-26T11:32:17","date_gmt":"2025-11-26T11:32:17","guid":{"rendered":"https:\/\/www.europesays.com\/fr\/559841\/"},"modified":"2025-11-26T11:32:17","modified_gmt":"2025-11-26T11:32:17","slug":"lunite-meconnue-du-chu-qui-les-analyse","status":"publish","type":"post","link":"https:\/\/www.europesays.com\/fr\/559841\/","title":{"rendered":"l\u2019unit\u00e9 m\u00e9connue du CHU qui les analyse"},"content":{"rendered":"<p>C\u2019est derri\u00e8re les murs du laboratoire de biologie m\u00e9dicale du CHU de Saint-Etienne que figure une unit\u00e9 invisible du grand public\u00a0: l\u2019unit\u00e9 fonctionnelle de parasitologie-mycologie log\u00e9e au sein du service des agents infectieux.<\/p>\n<p>Depuis qu\u2019un service mixte dermato-mycologique a \u00e9t\u00e9 ouvert, en lien avec la dermatologie, au sein de l\u2019h\u00f4pital pour proposer aux patients une prise en charge de leurs infections de la peau, des cheveux, et des ongles, cette unit\u00e9 croule sous les demandes d\u2019examens de ces dermatomycoses. Elles sont le lot quotidien de plus de 15\u00a0% de la population adulte et plus de 35\u00a0% des publics \u00e2g\u00e9s de plus de 70 ans.<\/p>\n<p>\u00ab\u00a04000&#8230;                        <\/p>\n","protected":false},"excerpt":{"rendered":"C\u2019est derri\u00e8re les murs du laboratoire de biologie m\u00e9dicale du CHU de Saint-Etienne que figure une unit\u00e9 invisible&hellip;\n","protected":false},"author":2,"featured_media":559842,"comment_status":"","ping_status":"","sticky":false,"template":"","format":"standard","meta":{"footnotes":""},"categories":[9653],"tags":[1111,11,2430,7539,1777,674,1011,27,3367,12,25,4001,7538,71],"class_list":{"0":"post-559841","1":"post","2":"type-post","3":"status-publish","4":"format-standard","5":"has-post-thumbnail","7":"category-saint-etienne","8":"tag-actu","9":"tag-actualites","10":"tag-auvergne-rhone-alpes","11":"tag-edition-loire-sud","12":"tag-eu","13":"tag-europe","14":"tag-fr","15":"tag-france","16":"tag-loire","17":"tag-news","18":"tag-republique-francaise","19":"tag-saint-etienne","20":"tag-saint-etienne-ville","21":"tag-sante"},"share_on_mastodon":{"url":"https:\/\/pubeurope.com\/@fr\/115615783025233355","error":""},"_links":{"self":[{"href":"https:\/\/www.europesays.com\/fr\/wp-json\/wp\/v2\/posts\/559841","targetHints":{"allow":["GET"]}}],"collection":[{"href":"https:\/\/www.europesays.com\/fr\/wp-json\/wp\/v2\/posts"}],"about":[{"href":"https:\/\/www.europesays.com\/fr\/wp-json\/wp\/v2\/types\/post"}],"author":[{"embeddable":true,"href":"https:\/\/www.europesays.com\/fr\/wp-json\/wp\/v2\/users\/2"}],"replies":[{"embeddable":true,"href":"https:\/\/www.europesays.com\/fr\/wp-json\/wp\/v2\/comments?post=559841"}],"version-history":[{"count":0,"href":"https:\/\/www.europesays.com\/fr\/wp-json\/wp\/v2\/posts\/559841\/revisions"}],"wp:featuredmedia":[{"embeddable":true,"href":"https:\/\/www.europesays.com\/fr\/wp-json\/wp\/v2\/media\/559842"}],"wp:attachment":[{"href":"https:\/\/www.europesays.com\/fr\/wp-json\/wp\/v2\/media?parent=559841"}],"wp:term":[{"taxonomy":"category","embeddable":true,"href":"https:\/\/www.europesays.com\/fr\/wp-json\/wp\/v2\/categories?post=559841"},{"taxonomy":"post_tag","embeddable":true,"href":"https:\/\/www.europesays.com\/fr\/wp-json\/wp\/v2\/tags?post=559841"}],"curies":[{"name":"wp","href":"https:\/\/api.w.org\/{rel}","templated":true}]}}