{"id":559845,"date":"2025-11-26T11:34:22","date_gmt":"2025-11-26T11:34:22","guid":{"rendered":"https:\/\/www.europesays.com\/fr\/559845\/"},"modified":"2025-11-26T11:34:22","modified_gmt":"2025-11-26T11:34:22","slug":"volley-ball-coupe-deurope-le-coup-de-semonce-de-terville-doit-servir-au-vandoeuvre-nancy-face-au-sporting-lisbonne","status":"publish","type":"post","link":"https:\/\/www.europesays.com\/fr\/559845\/","title":{"rendered":"Volley-Ball-Coupe d&rsquo;Europe\u00a0: le coup de semonce de Terville, doit servir au Vandoeuvre Nancy face au Sporting Lisbonne"},"content":{"rendered":"<p>Vandoeuvre Nancy Volley-Ball retrouve la CEV Cup ce mercredi au Parc des Sports face au Sporting Lisbonne (19h30). Pour ce 1er tour, le VNVB affronte une formation exp\u00e9riment\u00e9e, habitu\u00e9e aux joutes europ\u00e9ennes. Malgr\u00e9 un effectif remani\u00e9, l&rsquo;ambition du VNVB est de faire aussi bien que l&rsquo;an pass\u00e9. <\/p>\n<p>Le Parc des Sports de Vandoeuvre est le th\u00e9\u00e2tre, ce mercredi soir (19h30), de l&rsquo;entr\u00e9e en lice du Vandoeuvre Nancy Volley-Ball <a target=\"_blank\" rel=\"nofollow noopener noreferrer\" class=\"IciLink ici-link IciArticleLink g-ici-body-regular-1 underline brand svelte-1chfe2s\" href=\"https:\/\/www.vnvb.fr\/\">(VNVB<\/a>) dans la comp\u00e9tition europ\u00e9enne. Le VNVB d\u00e9bute son parcours en <strong>CEV Cup<\/strong>\u00a0en accueillant le Sporting Lisbonne pour le compte du premier tour.\u00a0Cette rencontre marque la troisi\u00e8me participation du VNVB \u00e0 la CEV Cup sur les cinq derni\u00e8res saisons, soulignant une pr\u00e9sence r\u00e9guli\u00e8re sur la sc\u00e8ne continentale. Toutefois, l&rsquo;adversaire du jour repr\u00e9sente un d\u00e9fi cons\u00e9quent pour la formation vandop\u00e9rienne.<\/p>\n<p>L&rsquo;enjeu est le suivant pour le VNVB. Il s&rsquo;agit de franchir le cap atteint la saison derni\u00e8re. L&rsquo;aventure pr\u00e9c\u00e9dente s&rsquo;\u00e9tait termin\u00e9e en huiti\u00e8mes de finale avec une \u00e9limination jug\u00e9e frustrante face aux <a class=\"IciLink ici-link IciArticleLink g-ici-body-regular-1 underline brand svelte-1chfe2s\" href=\"https:\/\/www.francebleu.fr\/sports\/basket-handball-volley\/volley-ball-feminin-elimine-par-radomka-radom-0-3-le-vnvb-ne-jouera-les-quarts-de-finale-de-la-cev-cup-7135517\" target=\"_blank\" rel=\"noopener\">Polonaises de Radom.<\/a>\u00a0L&rsquo;objectif d\u00e9clar\u00e9 de l&rsquo;a\u00e9ropage du club est de faire aussi bien voire mieux que l&rsquo;effectif qui a disput\u00e9 la campagne pr\u00e9c\u00e9dente.\u00a0Or, le VNVB aborde cette comp\u00e9tition avec un effectif largement renouvel\u00e9. Les changements majeurs op\u00e9r\u00e9s durant l&rsquo;intersaison constituent un facteur d&rsquo;incertitude et de potentiel.<\/p>\n<p>Pour cette rencontre aller, il s&rsquo;agit d&rsquo;obtenir un r\u00e9sultat positif \u00e0 domicile \u2013 id\u00e9alement une victoire avec une marge confortable \u2013 est imp\u00e9ratif avant le d\u00e9placement retour \u00e0 Lisbonne. Une performance solide contre un adversaire de ce calibre servirait de barom\u00e8tre pour \u00e9valuer le niveau r\u00e9el de l&rsquo;\u00e9quipe de Nicola Vettori apr\u00e8s sa reconstruction estivale et valider son ambition de poursuivre sa croissance.<\/p>\n<p>Le succ\u00e8s de cette premi\u00e8re manche reposera largement sur la r\u00e9action des joueuses cadres du VNVB. Ces derni\u00e8res n&rsquo;ont pas \u00e9t\u00e9 au rendez-vous ce samedi en championnat, lors du derby perdu \u00e0 Terville (3-2) Ce manque de performance \u00e0 des moments importants constitue un \u00e9cart de niveau qu&rsquo;il ne sera pas permis de reproduire sur la sc\u00e8ne europ\u00e9enne.<\/p>\n<p>\u00c0 lire aussi   <img decoding=\"async\" src=\"https:\/\/www.europesays.com\/fr\/wp-content\/uploads\/2025\/11\/1764096131_700_400x400\" alt=\"\" style=\"--_image-preview:url('data:image\/jpeg;base64,\/9j\/2wBDACgcHiMeGSgjISMtKygwPGRBPDc3PHtYXUlkkYCZlo+AjIqgtObDoKrarYqMyP\/L2u71\/\/\/\/m8H\/\/\/\/6\/+b9\/\/j\/2wBDASstLTw1PHZBQXb4pYyl+Pj4+Pj4+Pj4+Pj4+Pj4+Pj4+Pj4+Pj4+Pj4+Pj4+Pj4+Pj4+Pj4+Pj4+Pj4+Pj4+Pj\/wAARCAAXACoDASIAAhEBAxEB\/8QAGAABAQEBAQAAAAAAAAAAAAAAAAECAwT\/xAAXEAEBAQEAAAAAAAAAAAAAAAAAAREC\/8QAFwEBAQEBAAAAAAAAAAAAAAAAAQIAA\/\/EABcRAQEBAQAAAAAAAAAAAAAAAAABAhH\/2gAMAwEAAhEDEQA\/APHGpEjcg4qJhjeGApI3iRWLjy3IDpUZbkATVpU0Eh\/\/2Q==');\" loading=\"lazy\" fetchpriority=\"low\" aria-hidden=\"true\" class=\"svelte-1cksh76 rounded\" onload=\"this.__e=event\" onerror=\"this.__e=event\"\/><\/p>\n<p>Face \u00e0 l&rsquo;efficacit\u00e9 redoutable du Sporting Lisbonne, une telle d\u00e9faillance entra\u00eenerait une sanction imm\u00e9diate et mettrait s\u00e9rieusement en p\u00e9ril les chances de qualification du VNVB, avant m\u00eame le match retour de mercredi prochain au Portugal. L&rsquo;Europe exige un rendement maximal\u00a0! Les panth\u00e8res doivent d\u00e9montrer qu&rsquo;elles ont appris de leurs erreurs pour s&rsquo;imposer.<\/p>\n<p><strong>Retrouvez Laurent Pilloni \u00e0 partir de 18h00 en direct du Parc des Sports pour vivre de l&rsquo;int\u00e9rieur cet \u00e9v\u00e9nement europ\u00e9en pour le sport nanc\u00e9ien.<\/strong><\/p>\n<p>loading<\/p>\n<p> (function(w, d) {     if (w.FB &#038;&#038; w.FB.XFBML &#038;&#038; w.FB.XFBML.parse) {         if (&lsquo;undefined&rsquo; == typeof w.__fbTimeout) {             w.__fbTimeout = setTimeout(function() {                 w.FB.XFBML.parse();                 w.__fbTimeout = undefined;             }, 1000);         }     } else if (&lsquo;undefined&rsquo; == typeof w.__fbTimeout) {         if (d.querySelectorAll(&lsquo;#fb-root&rsquo;).length === 0) {             var fbRoot = d.createElement(&lsquo;div&rsquo;);             fbRoot.id = &lsquo;fb-root&rsquo;;             d.querySelector(&lsquo;body&rsquo;).append(fbRoot);         }         if (d.querySelectorAll(&lsquo;#facebook-jssdk&rsquo;).length === 0) {             var fbScript = d.createElement(&lsquo;script&rsquo;);             fbScript.id = &lsquo;facebook-jssdk&rsquo;;             fbScript.src=\u00a0\u00bb\/\/connect.facebook.net\/fr_FR\/sdk.js#xfbml=1&#038;version=v2.8&#038;appId=593991304071705&Prime;;             fbScript.async = 1;             d.querySelector(&lsquo;head&rsquo;).append(fbScript);         }     } })(window, window.document); \\u003C\/script>\\\u00a0\u00bb,\\\u00a0\u00bbprovider\\\u00a0\u00bb:\\\u00a0\u00bbfacebook\\\u00a0\u00bb,\\\u00a0\u00bbdidomiPurposes\\\u00a0\u00bb:\\\u00a0\u00bbPour afficher ce contenu Facebook, vous devez accepter les cookies \\u003Cb>R\u00e9seaux Sociaux\\u003C\/b>.\\u003Cbr>\\u003Cbr>Ces cookies permettent de partager ou r\u00e9agir directement sur les r\u00e9seaux sociaux auxquels vous \u00eates connect\u00e9s ou d&rsquo;int\u00e9grer du contenu initialement post\u00e9 sur ces r\u00e9seaux sociaux. Ils permettent aussi aux r\u00e9seaux sociaux d&rsquo;utiliser vos visites sur nos sites et applications \u00e0 des fins de personnalisation et de ciblage publicitaire.\\\u00a0\u00bb,\\\u00a0\u00bbdidomiVendorId\\\u00a0\u00bb:\\\u00a0\u00bbc:facebookc-rgacRMQm\\\u00a0\u00bb}},{\\\u00a0\u00bbtype\\\u00a0\u00bb:\\\u00a0\u00bbtext\\\u00a0\u00bb,\\\u00a0\u00bbchildren\\\u00a0\u00bb:[{\\\u00a0\u00bbtype\\\u00a0\u00bb:\\\u00a0\u00bbtext\\\u00a0\u00bb,\\\u00a0\u00bbvalue\\\u00a0\u00bb:\\\u00a0\u00bbPour cette rencontre aller, il s&rsquo;agit d&rsquo;obtenir un r\u00e9sultat positif \u00e0 domicile \u2013 id\u00e9alement une victoire avec une marge confortable \u2013 est imp\u00e9ratif avant le d\u00e9placement retour \u00e0 Lisbonne. Une performance solide contre un adversaire de ce calibre servirait de barom\u00e8tre pour \u00e9valuer le niveau r\u00e9el de l&rsquo;\u00e9quipe de Nicola Vettori apr\u00e8s sa reconstruction estivale et valider son ambition de poursuivre sa croissance.\\\u00a0\u00bb}]},{\\\u00a0\u00bbtype\\\u00a0\u00bb:\\\u00a0\u00bbtext\\\u00a0\u00bb,\\\u00a0\u00bbchildren\\\u00a0\u00bb:[{\\\u00a0\u00bbtype\\\u00a0\u00bb:\\\u00a0\u00bbtext\\\u00a0\u00bb,\\\u00a0\u00bbvalue\\\u00a0\u00bb:\\\u00a0\u00bbLe succ\u00e8s de cette premi\u00e8re manche reposera largement sur la r\u00e9action des joueuses cadres du VNVB. Ces derni\u00e8res n&rsquo;ont pas \u00e9t\u00e9 au rendez-vous ce samedi en championnat, lors du derby perdu \u00e0 Terville (3-2) Ce manque de performance \u00e0 des moments importants constitue un \u00e9cart de niveau qu&rsquo;il ne sera pas permis de reproduire sur la sc\u00e8ne europ\u00e9enne.\\\u00a0\u00bb}]},{\\\u00a0\u00bbtype\\\u00a0\u00bb:\\\u00a0\u00bbbounce\\\u00a0\u00bb,\\\u00a0\u00bbdata\\\u00a0\u00bb:{\\\u00a0\u00bbtitle\\\u00a0\u00bb:\\\u00a0\u00bbVandoeuvre Nancy Volley-Ball tr\u00e9buche \u00e0 Terville (3-2) juste avant son rendez-vous europ\u00e9en face au Sporting Lisbonne\\\u00a0\u00bb,\\\u00a0\u00bbpath\\\u00a0\u00bb:\\\u00a0\u00bbemissions\/100-sport-ici-lorraine-meurthe-et-moselle-et-vosges\/vandoeuvre-nancy-volley-ball-trebuche-a-terville-3-2-juste-avant-son-rendez-vous-europeen-face-au-sporting-lisbonne-3487803\\\u00a0\u00bb,\\\u00a0\u00bbvisual\\\u00a0\u00bb:{\\\u00a0\u00bbid\\\u00a0\u00bb:\\\u00a0\u00bb661f12ff-5894-4c2d-a4af-69668dd33659\\\u00a0\u00bb,\\\u00a0\u00bbpreview\\\u00a0\u00bb:\\\u00a0\u00bb\/9j\/2wBDACgcHiMeGSgjISMtKygwPGRBPDc3PHtYXUlkkYCZlo+AjIqgtObDoKrarYqMyP\/L2u71\/\/\/\/m8H\/\/\/\/6\/+b9\/\/j\/2wBDASstLTw1PHZBQXb4pYyl+Pj4+Pj4+Pj4+Pj4+Pj4+Pj4+Pj4+Pj4+Pj4+Pj4+Pj4+Pj4+Pj4+Pj4+Pj4+Pj4+Pj\/wAARCAAXACoDASIAAhEBAxEB\/8QAGAABAQEBAQAAAAAAAAAAAAAAAAECAwT\/xAAXEAEBAQEAAAAAAAAAAAAAAAAAAREC\/8QAFwEBAQEBAAAAAAAAAAAAAAAAAQIAA\/\/EABcRAQEBAQAAAAAAAAAAAAAAAAABAhH\/2gAMAwEAAhEDEQA\/APHGpEjcg4qJhjeGApI3iRWLjy3IDpUZbkATVpU0Eh\/\/2Q==\\\u00a0\u00bb},\\\u00a0\u00bbpublishedDate\\\u00a0\u00bb:\\\u00a0\u00bb24\/11\/2025\\\u00a0\u00bb,\\\u00a0\u00bbmedia\\\u00a0\u00bb:{\\\u00a0\u00bbsources\\\u00a0\u00bb:[{\\\u00a0\u00bbbroadcastType\\\u00a0\u00bb:\\\u00a0\u00bbaod\\\u00a0\u00bb,\\\u00a0\u00bburl\\\u00a0\u00bb:\\\u00a0\u00bbhttps:\/\/media.radiofrance-podcast.net\/podcast09\/23969-24.11.2025-ITEMA_24320693-2025B51140S0328-NET_54A_6518D7DA-2937-4E72-BE34-C154DE11C492-21-2b7c70fcc4840fefb29ea8f6409e0320.mp3\\\u00a0\u00bb}],\\\u00a0\u00bbstartTime\\\u00a0\u00bb:null,\\\u00a0\u00bbendTime\\\u00a0\u00bb:475,\\\u00a0\u00bbtimeMap\\\u00a0\u00bb:[{\\\u00a0\u00bbdata\\\u00a0\u00bb:{\\\u00a0\u00bbstation\\\u00a0\u00bb:\\\u00a0\u00bbICI Lorraine (Meurthe-et-Moselle et Vosges)\\\u00a0\u00bb,\\\u00a0\u00bbtitle\\\u00a0\u00bb:\\\u00a0\u00bb100% sport, ICI Lorraine (Meurthe-et-Moselle et Vosges)\\\u00a0\u00bb,\\\u00a0\u00bbdescription\\\u00a0\u00bb:\\\u00a0\u00bbVandoeuvre Nancy Volley-Ball tr\u00e9buche \u00e0 Terville (3-2) juste avant son rendez-vous europ\u00e9en face au Sporting Lisbonne\\\u00a0\u00bb,\\\u00a0\u00bbcoverFallback\\\u00a0\u00bb:\\\u00a0\u00bbhttps:\/\/www.francebleu.fr\/s3\/cruiser-production-eu3\/2024\/12\/7d516a30-19b5-402f-87a9-5ea6150b2592\/400x400_sc_3d9c9a7d-8ad5-4751-bfa3-f15dfd6b700f-720.jpg\\\u00a0\u00bb,\\\u00a0\u00bbclipType\\\u00a0\u00bb:\\\u00a0\u00bbreecoute\\\u00a0\u00bb,\\\u00a0\u00bbxtn2\\\u00a0\u00bb:49,\\\u00a0\u00bbemission\\\u00a0\u00bb:{\\\u00a0\u00bbid\\\u00a0\u00bb:\\\u00a0\u00bb\\\u00a0\u00bb,\\\u00a0\u00bbtitle\\\u00a0\u00bb:\\\u00a0\u00bb100% sport, ICI Lorraine (Meurthe-et-Moselle et Vosges)\\\u00a0\u00bb,\\\u00a0\u00bbbusinessReference\\\u00a0\u00bb:null},\\\u00a0\u00bbdiffusion\\\u00a0\u00bb:{\\\u00a0\u00bbid\\\u00a0\u00bb:null,\\\u00a0\u00bbtitle\\\u00a0\u00bb:\\\u00a0\u00bbVandoeuvre Nancy Volley-Ball tr\u00e9buche \u00e0 Terville (3-2) juste avant son rendez-vous europ\u00e9en face au Sporting Lisbonne\\\u00a0\u00bb,\\\u00a0\u00bbpath\\\u00a0\u00bb:null},\\\u00a0\u00bbsiteId\\\u00a0\u00bb:56,\\\u00a0\u00bbconceptUuid\\\u00a0\u00bb:\\\u00a0\u00bb\\\u00a0\u00bb,\\\u00a0\u00bbexpressionUuid\\\u00a0\u00bb:\\\u00a0\u00bb\\\u00a0\u00bb,\\\u00a0\u00bblocaleId\\\u00a0\u00bb:33}}],\\\u00a0\u00bbduration\\\u00a0\u00bb:475},\\\u00a0\u00bbduration\\\u00a0\u00bb:475,\\\u00a0\u00bblocation\\\u00a0\u00bb:\\\u00a0\u00bbNancy\\\u00a0\u00bb}},{\\\u00a0\u00bbtype\\\u00a0\u00bb:\\\u00a0\u00bbtext\\\u00a0\u00bb,\\\u00a0\u00bbchildren\\\u00a0\u00bb:[{\\\u00a0\u00bbtype\\\u00a0\u00bb:\\\u00a0\u00bbtext\\\u00a0\u00bb,\\\u00a0\u00bbvalue\\\u00a0\u00bb:\\\u00a0\u00bbFace \u00e0 l&rsquo;efficacit\u00e9 redoutable du Sporting Lisbonne, une telle d\u00e9faillance entra\u00eenerait une sanction imm\u00e9diate et mettrait s\u00e9rieusement en p\u00e9ril les chances de qualification du VNVB, avant m\u00eame le match retour de mercredi prochain au Portugal. L&rsquo;Europe exige un rendement maximal\u00a0! Les panth\u00e8res doivent d\u00e9montrer qu&rsquo;elles ont appris de leurs erreurs pour s&rsquo;imposer.\\\u00a0\u00bb}]},{\\\u00a0\u00bbtype\\\u00a0\u00bb:\\\u00a0\u00bbtext\\\u00a0\u00bb,\\\u00a0\u00bbchildren\\\u00a0\u00bb:[{\\\u00a0\u00bbtype\\\u00a0\u00bb:\\\u00a0\u00bbtext\\\u00a0\u00bb,\\\u00a0\u00bbvalue\\\u00a0\u00bb:\\\u00a0\u00bb\\u003Cstrong>Retrouvez Laurent Pilloni \u00e0 partir de 18h00 en direct du Parc des Sports pour vivre de l&rsquo;int\u00e9rieur cet \u00e9v\u00e9nement europ\u00e9en pour le sport nanc\u00e9ien.\\u003C\/strong>\\\u00a0\u00bb}]},{\\\u00a0\u00bbtype\\\u00a0\u00bb:\\\u00a0\u00bbembed\\\u00a0\u00bb,\\\u00a0\u00bbdata\\\u00a0\u00bb:{\\\u00a0\u00bbhtml\\\u00a0\u00bb:\\\u00a0\u00bb\\u003Ciframe src=\\\\\\\u00a0\u00bbhttps:\/\/embed.radiofrance.fr\/francebleu\/player?id_station=33\\\\\\\u00a0\u00bb width=\\\\\\\u00a0\u00bb100%\\\\\\\u00a0\u00bb height=\\\\\\\u00a0\u00bb100%\\\\\\\u00a0\u00bb frameBorder=\\\\\\\u00a0\u00bb0\\\\\\\u00a0\u00bb allow=\\\\\\\u00a0\u00bbautoplay; encrypted-media\\\\\\\u00a0\u00bb allowFullScreen \/>\\\u00a0\u00bb,\\\u00a0\u00bbprovider\\\u00a0\u00bb:\\\u00a0\u00bbbleuplayerdirect\\\u00a0\u00bb}}]}},\\\u00a0\u00bbdisplay\\\u00a0\u00bb:{\\\u00a0\u00bbhighBanner\\\u00a0\u00bb:true}}\u00a0\u00bb}<\/p>\n","protected":false},"excerpt":{"rendered":"Vandoeuvre Nancy Volley-Ball retrouve la CEV Cup ce mercredi au Parc des Sports face au Sporting Lisbonne (19h30).&hellip;\n","protected":false},"author":2,"featured_media":559846,"comment_status":"","ping_status":"","sticky":false,"template":"","format":"standard","meta":{"footnotes":""},"categories":[9635],"tags":[1111,11,1777,674,1011,27,775,1702,12,25],"class_list":{"0":"post-559845","1":"post","2":"type-post","3":"status-publish","4":"format-standard","5":"has-post-thumbnail","7":"category-nancy","8":"tag-actu","9":"tag-actualites","10":"tag-eu","11":"tag-europe","12":"tag-fr","13":"tag-france","14":"tag-grand-est","15":"tag-nancy","16":"tag-news","17":"tag-republique-francaise"},"share_on_mastodon":{"url":"https:\/\/pubeurope.com\/@fr\/115615792261637699","error":""},"_links":{"self":[{"href":"https:\/\/www.europesays.com\/fr\/wp-json\/wp\/v2\/posts\/559845","targetHints":{"allow":["GET"]}}],"collection":[{"href":"https:\/\/www.europesays.com\/fr\/wp-json\/wp\/v2\/posts"}],"about":[{"href":"https:\/\/www.europesays.com\/fr\/wp-json\/wp\/v2\/types\/post"}],"author":[{"embeddable":true,"href":"https:\/\/www.europesays.com\/fr\/wp-json\/wp\/v2\/users\/2"}],"replies":[{"embeddable":true,"href":"https:\/\/www.europesays.com\/fr\/wp-json\/wp\/v2\/comments?post=559845"}],"version-history":[{"count":0,"href":"https:\/\/www.europesays.com\/fr\/wp-json\/wp\/v2\/posts\/559845\/revisions"}],"wp:featuredmedia":[{"embeddable":true,"href":"https:\/\/www.europesays.com\/fr\/wp-json\/wp\/v2\/media\/559846"}],"wp:attachment":[{"href":"https:\/\/www.europesays.com\/fr\/wp-json\/wp\/v2\/media?parent=559845"}],"wp:term":[{"taxonomy":"category","embeddable":true,"href":"https:\/\/www.europesays.com\/fr\/wp-json\/wp\/v2\/categories?post=559845"},{"taxonomy":"post_tag","embeddable":true,"href":"https:\/\/www.europesays.com\/fr\/wp-json\/wp\/v2\/tags?post=559845"}],"curies":[{"name":"wp","href":"https:\/\/api.w.org\/{rel}","templated":true}]}}