{"id":559849,"date":"2025-11-26T11:36:20","date_gmt":"2025-11-26T11:36:20","guid":{"rendered":"https:\/\/www.europesays.com\/fr\/559849\/"},"modified":"2025-11-26T11:36:20","modified_gmt":"2025-11-26T11:36:20","slug":"rugby-wendemi-veillard-du-cref-de-dijon-a-toulon-et-nevers","status":"publish","type":"post","link":"https:\/\/www.europesays.com\/fr\/559849\/","title":{"rendered":"Rugby. Wendemi Veillard, du Cref de Dijon \u00e0 Toulon et Nevers"},"content":{"rendered":"<p>Au m\u00eame titre que Gervais Cordin ou Liam Couturier, tout r\u00e9cent international U20, Wendemi Veillard est un pur produit du Cref de Dijon. Actuel 3e ligne de l\u2019USO Nevers (Pro D2), ce gaillard de 21 ans (2,02 m pour 118\u00a0kg) parle de l\u2019importance de ce cursus. \u00ab\u00a0J\u2019y suis entr\u00e9 en 2019. J\u2019avais fait les d\u00e9tections pour le P\u00f4le, je n\u2019avais pas \u00e9t\u00e9 pris, donc j\u2019avais \u00e9t\u00e9 d\u00e9\u00e7u. Mais, j\u2019ai vite rebondi parce que je savais que le Cref me permettait quand m\u00eame de jouer avec ABCD XV et que \u00e7a allait \u00eatre un tremplin pour apr\u00e8s\u00a0\u00bb, se rem\u00e9more-t-il. \u00ab\u00a0On avait les m\u00eames moyens, les m\u00eames entra\u00eenements que le P\u00f4le. C\u2019\u00e9tait juste que certaines fois, le P\u00f4le Espoirs avait des stages nationaux que nous n\u2019avions pas forc\u00e9ment. Mais sinon, c\u2019\u00e9tait de tr\u00e8s bonnes structures.\u00a0\u00bb<\/p>\n<p>\u00c0 la sortie du Cref, direction Toulon. \u00ab\u00a0J\u2019ai eu l\u2019occasion de faire le top 100 la derni\u00e8re ann\u00e9e. J\u2019ai \u00e9t\u00e9 rep\u00e9r\u00e9 par le RCT et d\u2019autres clubs. J\u2019ai d\u00e9cid\u00e9 d\u2019aller \u00e0 Toulon, o\u00f9 j\u2019ai sign\u00e9 un contrat pour entrer au centre de formation.\u00a0\u00bb<\/p>\n<p>  Exemple \u00e0 suivre<\/p>\n<p>L\u2019aventure ne fait que commencer. \u00ab\u00a0Je suis parti \u00e0 la fin de mon contrat pour jouer en pro \u00e0 Nevers\u00a0\u00bb, d\u00e9clare le natif du Burkina Faso. \u00ab\u00a0L\u2019\u00e9quipe tourne pas mal. Je me plais \u00e9norm\u00e9ment dans ce club et dans cette \u00e9quipe. J\u2019ai toujours cru en moi. Je suis tr\u00e8s content de ce qui m\u2019arrive. Le Cref m\u2019a beaucoup apport\u00e9, il m\u2019a permis d\u2019\u00eatre dans des conditions, de haut niveau, pour \u00eatre le plus performant possible.\u00a0\u00bb<\/p>\n","protected":false},"excerpt":{"rendered":"Au m\u00eame titre que Gervais Cordin ou Liam Couturier, tout r\u00e9cent international U20, Wendemi Veillard est un pur&hellip;\n","protected":false},"author":2,"featured_media":559850,"comment_status":"","ping_status":"","sticky":false,"template":"","format":"standard","meta":{"footnotes":""},"categories":[9619],"tags":[1111,11,2930,8587,8588,1777,674,107,1011,27,12,882,25,479,517,2310],"class_list":{"0":"post-559849","1":"post","2":"type-post","3":"status-publish","4":"format-standard","5":"has-post-thumbnail","7":"category-toulon","8":"tag-actu","9":"tag-actualites","10":"tag-dijon","11":"tag-dijon-ville","12":"tag-edition-dijon-et-son-agglomeration","13":"tag-eu","14":"tag-europe","15":"tag-fil-info","16":"tag-fr","17":"tag-france","18":"tag-news","19":"tag-provence-alpes-cote-dazur","20":"tag-republique-francaise","21":"tag-rugby","22":"tag-sport","23":"tag-toulon"},"share_on_mastodon":{"url":"https:\/\/pubeurope.com\/@fr\/115615798801156089","error":""},"_links":{"self":[{"href":"https:\/\/www.europesays.com\/fr\/wp-json\/wp\/v2\/posts\/559849","targetHints":{"allow":["GET"]}}],"collection":[{"href":"https:\/\/www.europesays.com\/fr\/wp-json\/wp\/v2\/posts"}],"about":[{"href":"https:\/\/www.europesays.com\/fr\/wp-json\/wp\/v2\/types\/post"}],"author":[{"embeddable":true,"href":"https:\/\/www.europesays.com\/fr\/wp-json\/wp\/v2\/users\/2"}],"replies":[{"embeddable":true,"href":"https:\/\/www.europesays.com\/fr\/wp-json\/wp\/v2\/comments?post=559849"}],"version-history":[{"count":0,"href":"https:\/\/www.europesays.com\/fr\/wp-json\/wp\/v2\/posts\/559849\/revisions"}],"wp:featuredmedia":[{"embeddable":true,"href":"https:\/\/www.europesays.com\/fr\/wp-json\/wp\/v2\/media\/559850"}],"wp:attachment":[{"href":"https:\/\/www.europesays.com\/fr\/wp-json\/wp\/v2\/media?parent=559849"}],"wp:term":[{"taxonomy":"category","embeddable":true,"href":"https:\/\/www.europesays.com\/fr\/wp-json\/wp\/v2\/categories?post=559849"},{"taxonomy":"post_tag","embeddable":true,"href":"https:\/\/www.europesays.com\/fr\/wp-json\/wp\/v2\/tags?post=559849"}],"curies":[{"name":"wp","href":"https:\/\/api.w.org\/{rel}","templated":true}]}}