{"id":559854,"date":"2025-11-26T11:39:13","date_gmt":"2025-11-26T11:39:13","guid":{"rendered":"https:\/\/www.europesays.com\/fr\/559854\/"},"modified":"2025-11-26T11:39:13","modified_gmt":"2025-11-26T11:39:13","slug":"arrete-par-la-police-a-rouen-il-etait-en-fait-la-nourrice-dun-important-trafic-de-drogue","status":"publish","type":"post","link":"https:\/\/www.europesays.com\/fr\/559854\/","title":{"rendered":"Arr\u00eat\u00e9 par la police \u00e0 Rouen, il \u00e9tait en fait la nourrice d&rsquo;un important trafic de drogue"},"content":{"rendered":"<p>                    Par<br \/>\n        <strong><br \/>\n            <a href=\"https:\/\/actu.fr\/auteur\/fmass\" title=\"Consulter tous les articles de Fabien Massin\" target=\"_blank\" rel=\"noopener\">Fabien Massin<\/a><br \/>\n                    <\/strong><\/p>\n<p>        Publi\u00e9 le<\/p>\n<p>            26 nov. 2025 \u00e0 12h02        <\/p>\n<p>Derri\u00e8re l\u2019interpellation pour <a href=\"https:\/\/actu.fr\/tag\/refus-d-obtemperer\" target=\"_blank\" rel=\"noopener\">refus d\u2019obtemp\u00e9rer<\/a> et possession de produits stup\u00e9fiants, la d\u00e9couverte de la participation \u00e0 <strong>un trafic de drogue<\/strong> plus large. Pour ces faits commis il y a quelques jours, un homme de 28\u00a0ans \u00e9tait jug\u00e9 par le tribunal de <a href=\"https:\/\/actu.fr\/normandie\/rouen_76540\" target=\"_blank\" rel=\"noopener\">Rouen (Seine-Maritime)<\/a>, lundi 24\u00a0novembre 2025.<\/p>\n<p>Il fonce droit sur les policiers<\/p>\n<p class=\" wall-content\">Jeudi 20\u00a0novembre 2025 en d\u00e9but d\u2019apr\u00e8s-midi \u00e0 Rouen,<a href=\"https:\/\/actu.fr\/normandie\/rouen_76540\/au-guidon-d-une-trottinette-trafiquee-et-sur-une-voie-de-teor-a-rouen-il-fonce-sur-les-policiers_63468823.html\" target=\"_blank\" rel=\"noopener\"> un homme est aper\u00e7u en train de rouler sur une voie de Teor<\/a>, rue du G\u00e9n\u00e9ral-Giraud, <strong>au guidon d\u2019une trottinette manifestement trafiqu\u00e9e<\/strong>. Des policiers municipaux tentent de le contr\u00f4ler mais le conducteur refuse de s\u2019arr\u00eater.<\/p>\n<p class=\" wall-content\">Une patrouille de la police nationale passant par l\u00e0 met son v\u00e9hicule en travers de la route pour le stopper, mais celui-ci fonce droit sur les forces de l\u2019ordre, et chute. Interpell\u00e9, il est plac\u00e9 en garde \u00e0 vue. Sur lui, on trouve de la r\u00e9sine de cannabis et des pilules d\u2019ecstasy.<\/p>\n<p class=\" wall-content\">Mais la <strong>perquisition effectu\u00e9e chez lui sera r\u00e9v\u00e9latrice<\/strong> de faits de plus grande ampleur. En effet, dans son appartement rouennais, on trouve quantit\u00e9 de r\u00e9sine de cannabis, de coca\u00efne et diverses drogues de synth\u00e8se, ainsi que 2283 euros en esp\u00e8ces. Valeur de la marchandise estim\u00e9e par les policiers\u2009: <strong>plus de 21\u2009000\u00a0euros<\/strong>.<\/p>\n<p class=\" wall-content\">Devant le tribunal, Laurent* explique que depuis son arriv\u00e9e \u00e0 Rouen au d\u00e9but de l\u2019ann\u00e9e 2025 \u2014 il vivait auparavant en r\u00e9gion parisienne \u2014,<strong> il joue le r\u00f4le de nourrice dans un trafic de drogue<\/strong>. C\u2019est-\u00e0-dire qu\u2019il stocke des produits chez lui, moyennant finances, tout en ayant le droit de consommer un peu des produits gard\u00e9s, Laurent \u00e9tant lui-m\u00eame un grand consommateur de cannabis.<\/p>\n<p>Une nourrice dans un trafic de drogue<\/p>\n<p class=\" wall-content\">\u00ab\u2009Je ne savais pas quelle quantit\u00e9 exacte de drogue on avait mise chez moi\u2009\u00bb, d\u00e9clare-t-il devant le tribunal.\u00a0Et le pr\u00e9sident de lui faire remarquer\u2009: \u00ab\u2009Vous vous rendez compte du risque, on va vous redemander l\u2019argent et les stup\u00e9fiants, qu\u2019allez-vous faire\u2009?\u2009\u00bb<\/p>\n<p class=\" wall-content\"><strong>\u00ab\u2009Je vais quitter la r\u00e9gion je pense\u2009\u00bb<\/strong>, r\u00e9pond alors Laurent, tout en assurant vouloir prendre \u00e0 bras-le-corps son probl\u00e8me d\u2019addiction\u2009: \u00ab\u2009Je souhaite arr\u00eater [de consommer], j\u2019ai conscience que c\u2019est \u00e7a qui m\u2019a amen\u00e9 devant vous.\u2009\u00bb<\/p>\n<p>Votre r\u00e9gion, votre actu !<\/p>\n<p>Recevez chaque jour les infos qui comptent pour vous.<\/p>\n<p>\t<a href=\"https:\/\/actu.fr\/newsletter\" class=\"ac-btn ac-btn--corner ac-btn--medium ac-btn--blue800\" target=\"_blank\" rel=\"noopener\">S&rsquo;incrire<\/a><\/p>\n<p class=\" wall-content\">\u00c0 propos du refus d\u2019obtemp\u00e9rer, il reconna\u00eet avoir fui celui de la police municipale, mais nie toute volont\u00e9 de violence contre la police nationale.<strong> \u00ab\u2009Ma trottinette \u00e9tait trafiqu\u00e9e, les freins ne fonctionnaient plus\u2009\u00bb<\/strong>, explique-t-il.<\/p>\n<p>\u00ab\u2009On voit qu\u2019on a affaire \u00e0 un trafic d\u2019une certaine ampleur\u2009\u00bb<\/p>\n<p class=\" wall-content\">Dans son r\u00e9quisitoire, le procureur de la R\u00e9publique souligne\u2009: \u00ab\u2009Concernant la drogue, au vu des quantit\u00e9s, on voit qu\u2019on a affaire \u00e0 un trafic d\u2019une certaine ampleur, <strong>qui dure depuis plusieurs mois.\u2009\u00bb<\/strong><\/p>\n<p class=\" wall-content\">Du c\u00f4t\u00e9 de la d\u00e9fense, son avocate estime\u2009: \u00ab\u2009Sur les\u00a0stup\u00e9fiants, il y a d\u2019autres personnes derri\u00e8re, il est seul \u00e0 \u00eatre poursuivi, il a coop\u00e9r\u00e9 lors de la perquisition. <strong>C\u2019est avant tout une personne qui souffre d\u2019addiction.\u2009\u00bb<\/strong><\/p>\n<p class=\" wall-content\">Au final, pour les refus d\u2019obtemp\u00e9rer et pour la d\u00e9tention de quantit\u00e9s importantes de drogues, le tribunal l\u2019a condamn\u00e9 \u00e0 une <strong>peine de 10\u00a0mois de prison avec sursis<\/strong> probatoire pendant deux ans, avec obligation de soins.<\/p>\n<p class=\" wall-content\">*Le pr\u00e9nom a \u00e9t\u00e9 modifi\u00e9<\/p>\n<p>Suivez l\u2019actualit\u00e9 de Rouen sur notre <a href=\"https:\/\/www.whatsapp.com\/channel\/0029VaKfnf99hXF2ddApFB1D\" target=\"_blank\" rel=\"noopener\">cha\u00eene WhatsApp<\/a> et sur notre <a href=\"https:\/\/www.tiktok.com\/@76actu.fr?lang=fr\" target=\"_blank\" rel=\"noopener\">compte TikTok<\/a><\/p>\n<p class=\" wall-content\">Personnalisez votre actualit\u00e9 en ajoutant vos villes et m\u00e9dias en favori avec <a href=\"https:\/\/moncompte.actu.fr\" title=\"D\u00e9couvez Mon Actu\" rel=\"nofollow noopener\" data-trk=\"{&quot;cta&quot;:{&quot;action&quot;:&quot;https:\\\/\\\/moncompte.actu.fr&quot;,&quot;category&quot;:&quot;mon compte&quot;,&quot;from&quot;:&quot;article footer&quot;,&quot;name&quot;:&quot;Mon actu&quot;,&quot;type&quot;:&quot;cta&quot;}}\" target=\"_blank\">Mon Actu<\/a>.<\/p>\n<p>                    <script async src=\"\/\/www.tiktok.com\/embed.js\"><\/script><\/p>\n","protected":false},"excerpt":{"rendered":"Par Fabien Massin Publi\u00e9 le 26 nov. 2025 \u00e0 12h02 Derri\u00e8re l\u2019interpellation pour refus d\u2019obtemp\u00e9rer et possession de&hellip;\n","protected":false},"author":2,"featured_media":559855,"comment_status":"","ping_status":"","sticky":false,"template":"","format":"standard","meta":{"footnotes":""},"categories":[9587],"tags":[1111,11,1052,1777,674,118,1011,27,813,12,5161,2852,25,9590],"class_list":{"0":"post-559854","1":"post","2":"type-post","3":"status-publish","4":"format-standard","5":"has-post-thumbnail","7":"category-rouen","8":"tag-actu","9":"tag-actualites","10":"tag-drogue","11":"tag-eu","12":"tag-europe","13":"tag-faits-divers","14":"tag-fr","15":"tag-france","16":"tag-narcotrafiquants","17":"tag-news","18":"tag-normandie","19":"tag-refus-dobtemperer","20":"tag-republique-francaise","21":"tag-rouen"},"share_on_mastodon":{"url":"https:\/\/pubeurope.com\/@fr\/115615810671088550","error":""},"_links":{"self":[{"href":"https:\/\/www.europesays.com\/fr\/wp-json\/wp\/v2\/posts\/559854","targetHints":{"allow":["GET"]}}],"collection":[{"href":"https:\/\/www.europesays.com\/fr\/wp-json\/wp\/v2\/posts"}],"about":[{"href":"https:\/\/www.europesays.com\/fr\/wp-json\/wp\/v2\/types\/post"}],"author":[{"embeddable":true,"href":"https:\/\/www.europesays.com\/fr\/wp-json\/wp\/v2\/users\/2"}],"replies":[{"embeddable":true,"href":"https:\/\/www.europesays.com\/fr\/wp-json\/wp\/v2\/comments?post=559854"}],"version-history":[{"count":0,"href":"https:\/\/www.europesays.com\/fr\/wp-json\/wp\/v2\/posts\/559854\/revisions"}],"wp:featuredmedia":[{"embeddable":true,"href":"https:\/\/www.europesays.com\/fr\/wp-json\/wp\/v2\/media\/559855"}],"wp:attachment":[{"href":"https:\/\/www.europesays.com\/fr\/wp-json\/wp\/v2\/media?parent=559854"}],"wp:term":[{"taxonomy":"category","embeddable":true,"href":"https:\/\/www.europesays.com\/fr\/wp-json\/wp\/v2\/categories?post=559854"},{"taxonomy":"post_tag","embeddable":true,"href":"https:\/\/www.europesays.com\/fr\/wp-json\/wp\/v2\/tags?post=559854"}],"curies":[{"name":"wp","href":"https:\/\/api.w.org\/{rel}","templated":true}]}}