{"id":559856,"date":"2025-11-26T11:40:21","date_gmt":"2025-11-26T11:40:21","guid":{"rendered":"https:\/\/www.europesays.com\/fr\/559856\/"},"modified":"2025-11-26T11:40:21","modified_gmt":"2025-11-26T11:40:21","slug":"un-cas-de-tuberculose-contagieuse-identifie-a-luniversite-de-rouen-le-campus-sous-surveillance-epidemiologique","status":"publish","type":"post","link":"https:\/\/www.europesays.com\/fr\/559856\/","title":{"rendered":"Un cas de tuberculose contagieuse identifi\u00e9 \u00e0 l&rsquo;Universit\u00e9 de Rouen, le campus sous surveillance \u00e9pid\u00e9miologique"},"content":{"rendered":"<p class=\"article__intro\">Sur le site universitaire de Pasteur, \u00e0 Rouen, une personne atteinte par la bact\u00e9rie de la tuberculose a \u00e9t\u00e9 signal\u00e9e r\u00e9cemment \u00e0 l&rsquo;ARS Normandie. Une enqu\u00eate des autorit\u00e9s sanitaires est en cours. Plus de 160 cas contacts ont \u00e9t\u00e9 identifi\u00e9s. <\/p>\n<p>\n      La Quotidienne Soci\u00e9t\u00e9\n    <\/p>\n<p>\n      De la vie quotidienne aux grands enjeux, recevez tous les jours les sujets qui font la soci\u00e9t\u00e9 locale, comme la justice, l\u2019\u00e9ducation, la sant\u00e9 et la famille.\n    <\/p>\n<p>    France T\u00e9l\u00e9visions utilise votre adresse e-mail afin de vous envoyer la newsletter \u00ab\u00a0La Quotidienne Soci\u00e9t\u00e9\u00a0\u00bb. Vous pouvez vous d\u00e9sinscrire \u00e0 tout moment via le lien en bas de cette newsletter. <a target=\"_blank\" href=\"https:\/\/www.francetelevisions.fr\/groupe\/confidentialite\/politique-de-confidentialite\/politique-de-confidentialite-de-france-televisions-6503\" rel=\"noopener\">Notre politique de confidentialit\u00e9<\/a><\/p>\n<p>L&rsquo;\u00e9v\u00e9nement sonne comme un rappel que cette maladie ancienne n&rsquo;a toujours pas compl\u00e8tement disparu. En France, entre 4 000 et 5 000 cas de tuberculose pulmonaire sont d\u00e9clar\u00e9s chaque ann\u00e9e. Et environ 150 en Normandie.<\/p>\n<p>Pour ce mois de novembre 2025, c&rsquo;est donc la facult\u00e9 de Rouen qui est touch\u00e9e. Une personne ayant \u00e9t\u00e9 atteinte par la Mycobacterium tuberculosis. L&rsquo;information a \u00e9t\u00e9 confirm\u00e9e ce jour par les services de l&rsquo;ARS Normandie.<\/p>\n<p><a data-article-figure=\"\" href=\"https:\/\/france3-regions.franceinfo.fr\/image\/kl1G8zyO_685hjA0oj0VODh5a9A\/1920x1080\/regions\/2025\/11\/26\/p1029216-00-00-01-12-6926daf9a179e199394453.jpg\" data-pswp-width=\"1920\" data-pswp-height=\"1080\" target=\"_blank\" rel=\"noopener\"><\/p>\n<p>          <img width=\"600\" height=\"400\" class=\"article-image lazy\" data-src=\"https:\/\/www.europesays.com\/fr\/wp-content\/uploads\/2025\/11\/p1029216-00-00-01-12-6926daf9a179e199394453.jpg\" alt=\"La maladie s'est d\u00e9clar\u00e9 chez (au moins) une personne du Campus Pasteur, \u00e0 Rouen. \" fetchpriority=\"high\" as=\"image\"\/><\/p>\n<p>\n            La maladie s&rsquo;est d\u00e9clar\u00e9 chez (au moins) une personne du Campus Pasteur, \u00e0 Rouen.<br \/>\n                           \u2022<br \/>\n                                      \u00a9 Pierre L\u00e9onard\n                      <\/p>\n<p><\/a><\/p>\n<p>La maladie a \u00e9t\u00e9 diagnostiqu\u00e9e chez un(e) \u00e9tudiant(e) du site Pasteur, dont on ne conna\u00eet pas l&rsquo;identit\u00e9.<\/p>\n<blockquote class=\"ftvi_content_quote\">\n<p class=\"ftvi_citation_quote\">Pour des raisons de respect du secret m\u00e9dical et de confidentialit\u00e9, l\u2019ARS Normandie n\u2019apportera pas de commentaire concernant la situation individuelle de la personne concern\u00e9e.<\/p>\n<\/blockquote>\n<p>Aux abords du site universitaire, certains \u00e9tudiants semblaient ce mercredi matin assez pr\u00e9occup\u00e9s par la nouvelle : \u00ab\u00a0Cela me fait un peu peur, glisse une jeune femme, j&rsquo;ai l&rsquo;impression qu&rsquo;on est au Moyen-\u00c2ge, j&rsquo;ai jamais entendu parler de cas de tuberculose de ma vie.\u00a0\u00bb<\/p>\n<p>Une inqui\u00e9tude d&rsquo;autant plus prononc\u00e9e qu&rsquo;un deuxi\u00e8me cas se serait d\u00e9j\u00e0 d\u00e9clar\u00e9.<\/p>\n<blockquote class=\"ftvi_content_quote\">\n<p class=\"ftvi_citation_quote\">Sur notre groupe de classe, une autre \u00e9tudiante a expliqu\u00e9 ce matin qu&rsquo;elle \u00e9tait confin\u00e9e dans sa chambre depuis plusieurs jours et qu&rsquo;elle venait d&rsquo;apprendre qu&rsquo;elle avait la tuberculose. Personnellement, je vais juste essayer de m&rsquo;\u00e9carter de \u00e7a : \u00e9viter la BU, les endroits tr\u00e8s fr\u00e9quent\u00e9s par les \u00e9tudiants, pour \u00e9viter d&rsquo;attraper la tuberculose moi aussi. <\/p>\n<p>Une \u00e9tudiante du site Pasteur \u00e0 Rouen <\/p><\/blockquote>\n<p>L&rsquo;ARS Normandie a d&rsquo;ailleurs mandat\u00e9 le Centre de Lutte Antituberculeuse (CLAT) de Seine-Maritime pour enqu\u00eater sur de potentielles contagions.<\/p>\n<p><strong>Sur place, notre journaliste L\u00e9na Thobie-Gorce fait le point :<\/strong><\/p>\n<p>    dur\u00e9e de la vid\u00e9o : 00h01mn38s<\/p>\n<p>        <img decoding=\"async\" width=\"640\" height=\"426\" class=\"article-image not-lazy\" src=\"https:\/\/www.europesays.com\/fr\/wp-content\/uploads\/2025\/11\/d4884a34-4d3f-4211-8605-33fac48d4535.jpg\" alt=\"\" fetchpriority=\"high\"\/><\/p>\n<p>              Voir la video\u00a0(1 minutes 38 secondes).\u00a0<br \/>\n                  1 min 38 s<\/p>\n<p>\n          Reportage sur place de notre \u00e9quipe de journalistes, L\u00e9na Thobie-Gorce et Pierre L\u00e9onard<\/p>\n<p>        \u2022<\/p>\n<p>              \u00a9L\u00e9na Thobie-Gorce, Pierre L\u00e9onard\n      <\/p>\n<p>Gr\u00e2ce \u00e0 un d\u00e9pistage g\u00e9n\u00e9ralis\u00e9 (radiographie pulmonaire et prise de sang), le CLAT 76 est parvenu \u00e0 identifier 150 cas contacts chez les \u00e9tudiants et une quinzaine suppl\u00e9mentaire chez les enseignants. L&rsquo;enqu\u00eate \u00e9pid\u00e9miologique est toujours en cours. Un suivi des personnes contacts sera r\u00e9alis\u00e9 pour plusieurs semaines.<\/p>\n<blockquote class=\"ftvi_content_quote\">\n<p class=\"ftvi_citation_quote\">Les personnes en contact avec le cas n\u2019ont pas \u00e0 mettre en place de mesures barri\u00e8res sp\u00e9cifiques en dehors des mesures recommand\u00e9es en cas de sympt\u00f4mes respiratoires.<\/p>\n<\/blockquote>\n<p>La tuberculose atteint le plus souvent les poumons et se transmet par voie a\u00e9rienne, m\u00eame si elle est moins contagieuse que des virus comme la grippe ou la rougeole. \u00ab\u00a0La transmission n\u00e9cessite des contacts prolong\u00e9s rapproch\u00e9s en milieux confin\u00e9s\u00a0\u00bb rappelle l&rsquo;ARS Normandie.<\/p>\n<p>La maladie se soigne habituellement sans complication avec un traitement antibiotique. <\/p>\n<p>Un vaccin existe, le \u00ab\u00a0BCG\u00a0\u00bb. Il n&rsquo;est plus obligatoire depuis 2007. Selon <a href=\"https:\/\/vaccination-info-service.fr\/Les-maladies-et-leurs-vaccins\/Tuberculose-BCG#:~:text=Il%20s&#039;agit%20du%20vaccin,au%20bacille%20de%20la%20tuberculose.\" target=\"_blank\" rel=\"noopener noreferrer nofollow\" data-tooltip-url=\"https:\/\/vaccination-info-service.fr\/Les-maladies-et-leurs-vaccins\/Tuberculose-BCG#:~:text=Il%20s&#039;agit%20du%20vaccin,au%20bacille%20de%20la%20tuberculose.\">le site Vaccination-info-service<\/a>, \u00ab\u00a0la vaccination contre la tuberculose est recommand\u00e9e \u00e0 partir de l&rsquo;\u00e2ge de 1 mois et jusqu\u2019\u00e0 l\u2019\u00e2ge de 15 ans chez tout enfant pr\u00e9sentant un risque \u00e9lev\u00e9 de tuberculose c\u2019est-\u00e0-dire pr\u00e9sentant au moins l&rsquo;un des crit\u00e8res suivants :<\/p>\n<ul>\n<li>n\u00e9 dans un pays o\u00f9 la tuberculose est fortement pr\u00e9sente ;<\/li>\n<li>dont au moins l\u2019un des parents est originaire de l\u2019un de ces pays ;<\/li>\n<li>devant s\u00e9journer au moins un mois d\u2019affil\u00e9e dans l\u2019un de ces pays ;<\/li>\n<li>ayant un cas de tuberculose r\u00e9cente (moins de 5 ans) dans sa famille ;<\/li>\n<li>r\u00e9sidant en Guyane ou \u00e0 Mayotte ;<\/li>\n<li>r\u00e9sidant\u00a0en \u00cele-de-France\u00a0\u00bb<\/li>\n<\/ul>\n<p>Pour rappel, si cette maladie est bien trait\u00e9e en France, dans d&rsquo;autres pays, elle reste potentiellement mortelle. Dans le monde, la tuberculose continue ainsi de provoquer la mort de plus d&rsquo;un million de personnes chaque ann\u00e9e.<\/p>\n<p>Avec L\u00e9na Thobie-Gorce.<\/p>\n","protected":false},"excerpt":{"rendered":"Sur le site universitaire de Pasteur, \u00e0 Rouen, une personne atteinte par la bact\u00e9rie de la tuberculose a&hellip;\n","protected":false},"author":2,"featured_media":559857,"comment_status":"","ping_status":"","sticky":false,"template":"","format":"standard","meta":{"footnotes":""},"categories":[9587],"tags":[1111,11,1777,674,1011,27,12,5161,25,9590],"class_list":{"0":"post-559856","1":"post","2":"type-post","3":"status-publish","4":"format-standard","5":"has-post-thumbnail","7":"category-rouen","8":"tag-actu","9":"tag-actualites","10":"tag-eu","11":"tag-europe","12":"tag-fr","13":"tag-france","14":"tag-news","15":"tag-normandie","16":"tag-republique-francaise","17":"tag-rouen"},"share_on_mastodon":{"url":"https:\/\/pubeurope.com\/@fr\/115615815699132304","error":""},"_links":{"self":[{"href":"https:\/\/www.europesays.com\/fr\/wp-json\/wp\/v2\/posts\/559856","targetHints":{"allow":["GET"]}}],"collection":[{"href":"https:\/\/www.europesays.com\/fr\/wp-json\/wp\/v2\/posts"}],"about":[{"href":"https:\/\/www.europesays.com\/fr\/wp-json\/wp\/v2\/types\/post"}],"author":[{"embeddable":true,"href":"https:\/\/www.europesays.com\/fr\/wp-json\/wp\/v2\/users\/2"}],"replies":[{"embeddable":true,"href":"https:\/\/www.europesays.com\/fr\/wp-json\/wp\/v2\/comments?post=559856"}],"version-history":[{"count":0,"href":"https:\/\/www.europesays.com\/fr\/wp-json\/wp\/v2\/posts\/559856\/revisions"}],"wp:featuredmedia":[{"embeddable":true,"href":"https:\/\/www.europesays.com\/fr\/wp-json\/wp\/v2\/media\/559857"}],"wp:attachment":[{"href":"https:\/\/www.europesays.com\/fr\/wp-json\/wp\/v2\/media?parent=559856"}],"wp:term":[{"taxonomy":"category","embeddable":true,"href":"https:\/\/www.europesays.com\/fr\/wp-json\/wp\/v2\/categories?post=559856"},{"taxonomy":"post_tag","embeddable":true,"href":"https:\/\/www.europesays.com\/fr\/wp-json\/wp\/v2\/tags?post=559856"}],"curies":[{"name":"wp","href":"https:\/\/api.w.org\/{rel}","templated":true}]}}