{"id":559859,"date":"2025-11-26T11:42:26","date_gmt":"2025-11-26T11:42:26","guid":{"rendered":"https:\/\/www.europesays.com\/fr\/559859\/"},"modified":"2025-11-26T11:42:26","modified_gmt":"2025-11-26T11:42:26","slug":"pres-de-grenoble-plus-de-70-cm-de-neige-sont-tombes-sur-cette-station-des-alpes-les-images","status":"publish","type":"post","link":"https:\/\/www.europesays.com\/fr\/559859\/","title":{"rendered":"Pr\u00e8s de Grenoble. Plus de 70 cm de neige sont tomb\u00e9s sur cette station des Alpes, les images"},"content":{"rendered":"<p>                    Par<br \/>\n        <strong><br \/>\n            <a href=\"https:\/\/actu.fr\/auteur\/julien-sournies\" title=\"Consulter tous les articles de Julien Sournies\" target=\"_blank\" rel=\"noopener\">Julien Sournies<\/a><br \/>\n                    <\/strong><\/p>\n<p>        Publi\u00e9 le<\/p>\n<p>            26 nov. 2025 \u00e0 10h51        <\/p>\n<p>Les ann\u00e9es se suivent, mais ne se ressemblent clairement pas \u00e0 Chamrousse (<a href=\"https:\/\/actu.fr\/auvergne-rhone-alpes\/isere_38\" target=\"_blank\" rel=\"noopener\">Is\u00e8re<\/a>). Alors que la station avait d\u00fb <a href=\"https:\/\/actu.fr\/auvergne-rhone-alpes\/chamrousse_38567\/pres-de-grenoble-cette-station-de-ski-reporte-son-ouverture-pas-assez-de-neige_61924635.html\" target=\"_blank\" rel=\"noopener\">reporter son ouverture la saison derni\u00e8re en raison d\u2019un enneigement insuffisant<\/a>, la <strong>neige<\/strong> ne manque pas \u00e0 l\u2019appel cette ann\u00e9e aux portes de <a href=\"https:\/\/actu.fr\/grenoble\/\" target=\"_blank\" rel=\"noopener\">Grenoble<\/a>.<\/p>\n<p>De grosses chutes de neige<\/p>\n<p class=\" wall-content\">Pour cause\u2009: comme l\u2019indique le m\u00e9t\u00e9orologue Guillaume S\u00e9chet, pas moins de<strong> 40\u00a0cm de neige<\/strong> sont tomb\u00e9s \u00e0 Chamrousse au cours des 36 derni\u00e8res heures. Au total, une <strong>couche de neige de 71\u00a0cm<\/strong> recouvre les sols de la station is\u00e9roise ce mercredi matin.<\/p>\n<p class=\" wall-content\">\n<p class=\" wall-content\">De quoi fortement r\u00e9jouir les principaux acteurs de la station de Chamrousse, \u00e0 seulement trois jours de l\u2019ouverture. \u00ab\u2009On ne va pas se mentir\u2009: l\u00e0, on ne tient plus en place\u2009! On compte litt\u00e9ralement les heures avant les premiers virages\u2009\u00bb, commente la station sur ses r\u00e9seaux sociaux.<\/p>\n<p>10\u00a0cm de fra\u00eeche attendus<\/p>\n<p class=\" wall-content\">Et pour leur plus grand bonheur, cette \u00e9paisse couche de neige prendra encore davantage de consistance d\u2019ici \u00e0 l\u2019ouverture. Selon les derni\u00e8res pr\u00e9visions de M\u00e9t\u00e9o-Chamrousse, la neige va continuer de tomber au cours de l\u2019apr\u00e8s-midi et de la soir\u00e9e de ce mercredi 26\u00a0novembre. Au global, <strong>10\u00a0cm de neige fra\u00eeche<\/strong> sont attendus.<\/p>\n<p><a class=\"jo-module-caroussel__img-container\" href=\"https:\/\/static.actu.fr\/uploads\/2025\/11\/neige-chamrousse-2.png\" title=\"Agrandir la photo Les flocons sont tomb\u00e9s en quantit\u00e9 sur la station de Chamrousse, aux portes de Grenoble, ces derniers jours. (\u00a9 Chamrousse \/ Facebook)\" data-idx=\"1\" target=\"_blank\" rel=\"noopener\"><br \/>\n    <img decoding=\"async\" class=\"jo-module-caroussel__img\" loading=\"lazy\" src=\"https:\/\/www.europesays.com\/fr\/wp-content\/uploads\/2025\/11\/neige-chamrousse-2-640x427.png\" alt=\"Les flocons sont tomb\u00e9s en quantit\u00e9 sur la station de Chamrousse, aux portes de Grenoble, ces derniers jours. (\u00a9 Chamrousse \/ Facebook)\" width=\"640\" height=\"427\"\/><\/a><a class=\"jo-module-caroussel__img-container\" href=\"https:\/\/static.actu.fr\/uploads\/2025\/11\/neige-chamrousse-1.png\" title=\"Agrandir la photo Les flocons sont tomb\u00e9s en quantit\u00e9 sur la station de Chamrousse, aux portes de Grenoble, ces derniers jours.? (\u00a9 Chamrousse \/ Facebook)\" data-idx=\"2\" target=\"_blank\" rel=\"noopener\"><br \/>\n    <img decoding=\"async\" class=\"jo-module-caroussel__img\" loading=\"lazy\" src=\"https:\/\/www.europesays.com\/fr\/wp-content\/uploads\/2025\/11\/neige-chamrousse-1-640x427.png\" alt=\"Les flocons sont tomb\u00e9s en quantit\u00e9 sur la station de Chamrousse, aux portes de Grenoble, ces derniers jours.? (\u00a9 Chamrousse \/ Facebook)\" width=\"640\" height=\"427\"\/><\/a><\/p>\n<p class=\" wall-content\">Pour rappel, le d\u00e9partement de l\u2019Is\u00e8re est toujours soumis \u00e0 une <strong>double vigilance jaune neige\/verglas et avalanches<\/strong> pour la journ\u00e9e de ce mercredi. Jeudi 27\u00a0novembre, seule la vigilance jaune avalanches est, pour le moment, maintenue en Is\u00e8re.<\/p>\n<p class=\" wall-content\">Personnalisez votre actualit\u00e9 en ajoutant vos villes et m\u00e9dias en favori avec <a href=\"https:\/\/moncompte.actu.fr\" title=\"D\u00e9couvez Mon Actu\" rel=\"nofollow noopener\" data-trk=\"{&quot;cta&quot;:{&quot;action&quot;:&quot;https:\\\/\\\/moncompte.actu.fr&quot;,&quot;category&quot;:&quot;mon compte&quot;,&quot;from&quot;:&quot;article footer&quot;,&quot;name&quot;:&quot;Mon actu&quot;,&quot;type&quot;:&quot;cta&quot;}}\" target=\"_blank\">Mon Actu<\/a>.<\/p>\n","protected":false},"excerpt":{"rendered":"Par Julien Sournies Publi\u00e9 le 26 nov. 2025 \u00e0 10h51 Les ann\u00e9es se suivent, mais ne se ressemblent&hellip;\n","protected":false},"author":2,"featured_media":559860,"comment_status":"","ping_status":"","sticky":false,"template":"","format":"standard","meta":{"footnotes":""},"categories":[9566],"tags":[1111,11,2430,1777,674,1011,27,2731,2487,2357,10584,12,25,4129],"class_list":{"0":"post-559859","1":"post","2":"type-post","3":"status-publish","4":"format-standard","5":"has-post-thumbnail","7":"category-grenoble","8":"tag-actu","9":"tag-actualites","10":"tag-auvergne-rhone-alpes","11":"tag-eu","12":"tag-europe","13":"tag-fr","14":"tag-france","15":"tag-grenoble","16":"tag-meteo","17":"tag-meteo-france","18":"tag-neige","19":"tag-news","20":"tag-republique-francaise","21":"tag-ski"},"share_on_mastodon":{"url":"https:\/\/pubeurope.com\/@fr\/115615823294290750","error":""},"_links":{"self":[{"href":"https:\/\/www.europesays.com\/fr\/wp-json\/wp\/v2\/posts\/559859","targetHints":{"allow":["GET"]}}],"collection":[{"href":"https:\/\/www.europesays.com\/fr\/wp-json\/wp\/v2\/posts"}],"about":[{"href":"https:\/\/www.europesays.com\/fr\/wp-json\/wp\/v2\/types\/post"}],"author":[{"embeddable":true,"href":"https:\/\/www.europesays.com\/fr\/wp-json\/wp\/v2\/users\/2"}],"replies":[{"embeddable":true,"href":"https:\/\/www.europesays.com\/fr\/wp-json\/wp\/v2\/comments?post=559859"}],"version-history":[{"count":0,"href":"https:\/\/www.europesays.com\/fr\/wp-json\/wp\/v2\/posts\/559859\/revisions"}],"wp:featuredmedia":[{"embeddable":true,"href":"https:\/\/www.europesays.com\/fr\/wp-json\/wp\/v2\/media\/559860"}],"wp:attachment":[{"href":"https:\/\/www.europesays.com\/fr\/wp-json\/wp\/v2\/media?parent=559859"}],"wp:term":[{"taxonomy":"category","embeddable":true,"href":"https:\/\/www.europesays.com\/fr\/wp-json\/wp\/v2\/categories?post=559859"},{"taxonomy":"post_tag","embeddable":true,"href":"https:\/\/www.europesays.com\/fr\/wp-json\/wp\/v2\/tags?post=559859"}],"curies":[{"name":"wp","href":"https:\/\/api.w.org\/{rel}","templated":true}]}}