{"id":559861,"date":"2025-11-26T11:43:11","date_gmt":"2025-11-26T11:43:11","guid":{"rendered":"https:\/\/www.europesays.com\/fr\/559861\/"},"modified":"2025-11-26T11:43:11","modified_gmt":"2025-11-26T11:43:11","slug":"velo-natation-couse-a-pied-on-a-pousse-les-portes-du-magasin","status":"publish","type":"post","link":"https:\/\/www.europesays.com\/fr\/559861\/","title":{"rendered":"v\u00e9lo, natation, couse \u00e0 pied\u2026 On a pouss\u00e9 les portes du magasin"},"content":{"rendered":"<p>                    Par<br \/>\n        <strong><br \/>\n            <a href=\"https:\/\/actu.fr\/auteur\/laurene-fertin\" title=\"Consulter tous les articles de Laur\u00e8ne Fertin\" target=\"_blank\" rel=\"noopener\">Laur\u00e8ne Fertin<\/a><br \/>\n                    <\/strong><\/p>\n<p>        Publi\u00e9 le<\/p>\n<p>            26 nov. 2025 \u00e0 12h21        <\/p>\n<p>C\u2019\u00e9tait en projet depuis trois ans. Apr\u00e8s les magasins de Betton, Chantepie et Saint-Gr\u00e9goire, <strong>un <a href=\"https:\/\/actu.fr\/tag\/decathlon\" target=\"_blank\" rel=\"noopener\">Decathlon<\/a> City<\/strong> ouvre dans le centre-ville de Rennes, mercredi 26 novembre 2025. <a href=\"https:\/\/actu.fr\/bretagne\/rennes_35238\/decathlon-va-ouvrir-un-nouveau-magasin-dans-le-centre-ville-de-rennes-voici-ou-exactement_62817802.html\" target=\"_blank\" rel=\"noopener\">Et c\u2019est le premier du genre en Bretagne<\/a> (apr\u00e8s la ville de Nantes).<\/p>\n<p class=\" wall-content\">Situ\u00e9 dans <strong>la rue le Bastard<\/strong>, Decathlon remplace l\u2019ancienne boutique de pr\u00eat-\u00e0-porter <strong>Hope<\/strong>. \u00ab\u2009Nous sommes tr\u00e8s excit\u00e9s, car c\u2019est une ouverture importante pour nous\u2009\u00bb, sourit Fr\u00e9d\u00e9ric Robert, directeur r\u00e9gional de l\u2019enseigne Decathlon sur les territoires de Nantes et de Rennes. \u00ab\u2009Decathlon est l\u2019enseigne pr\u00e9f\u00e9r\u00e9e des Fran\u00e7ais et nous souhaitons qu\u2019elle devienne l\u2019enseigne pr\u00e9f\u00e9r\u00e9e des Rennais.\u2009\u00bb<\/p>\n<p class=\" wall-content\"><a href=\"https:\/\/www.instagram.com\/p\/DRhG5I5DMk8\/embed\" title=\"Ouvrir le lien sur Instagram\" target=\"_blank\" rel=\"noopener\">Visualiser le contenu sur Instagram<\/a><\/p>\n<p>L\u2019agencement du magasin<\/p>\n<p class=\" wall-content\">Dans la boutique, qui est compos\u00e9e <strong>d\u2019un \u00e9tage<\/strong>, sur une superficie totale de <strong>230<\/strong> m\u00b2, \u00ab\u00a0trois sports phares sont repr\u00e9sent\u00e9s\u2009\u00bb, indique Edeline Bisson, directrice du magasin de Rennes, \u00ab\u2009la <strong>course \u00e0 pied,<\/strong> la <strong>natation<\/strong> et le <strong>fitness.\u2009\u00bb<\/strong><\/p>\n<p class=\" wall-content\">Au rez-de-chauss\u00e9e, place aux <strong>trois caisses automatiques<\/strong> (toujours accompagn\u00e9es d\u2019un ou d\u2019une conseill\u00e8re), \u00e0 un p\u00f4le saisonnier (avec des accessoires d\u2019hiver types gants, bonnets), un p\u00f4le sports wear et un autre d\u00e9di\u00e9 \u00e0 la natation.<\/p>\n<p class=\" wall-content\"><strong>\u00c0 l\u2019\u00e9tage<\/strong>, la part belle est donn\u00e9e \u00e0 la course \u00e0 pied (baskets, v\u00eatements, accessoires\u2026), au fitness et au v\u00e9lo. Des cabines d\u2019essayage se trouvent sur les deux niveaux.<\/p>\n<p>    <img   decoding=\"async\" loading=\"lazy\" src=\"https:\/\/www.europesays.com\/fr\/wp-content\/uploads\/2025\/11\/image-20251126-105612-762-960x640.jpeg\" alt=\"xx\" width=\"960\" height=\"640\"\/><br \/>\n    La boutique se trouve aux 3-5 rue le Bastard \u00e0 Rennes et est ouverte du lundi au samedi de 10h \u00e0 19h. (\u00a9 Laur\u00e8ne Fertin \/ actu Rennes)Pourquoi avoir choisi la rue le Bastard ?<\/p>\n<p>Plusieurs emplacements ont \u00e9t\u00e9 envisag\u00e9s par la marque mais la rue le Bastard semblait \u00eatre un lieu privil\u00e9gi\u00e9. \u00ab\u00a0Il fallait une taille suffisante en termes de surface\u00a0\u00bb, pr\u00e9cise Fabien Deleu, charg\u00e9 de l&rsquo;exp\u00e9rience client des Decathlon City en France. \u00ab\u00a0L&rsquo;enseigne est \u00e9galement \u00e0 proximit\u00e9 des enseignes motrices types Gifi ou S\u00e9phora, mais \u00e9galement proche de R\u00e9publique et de Sainte-Anne.\u00a0\u00bb<\/p>\n<p>Votre r\u00e9gion, votre actu !<\/p>\n<p>Recevez chaque jour les infos qui comptent pour vous.<\/p>\n<p>\t<a href=\"https:\/\/actu.fr\/newsletter\" class=\"ac-btn ac-btn--corner ac-btn--medium ac-btn--blue800\" target=\"_blank\" rel=\"noopener\">S&rsquo;incrire<\/a><\/p>\n<p class=\" wall-content\"><strong>D\u2019autres services<\/strong><\/p>\n<p class=\" wall-content\">Le magasin Decathlon proposera \u00e9galement<strong> des s\u00e9ances de pilates<\/strong> (payantes, sur inscription) d\u00e8s jeudi 27 novembre, mais \u00e9galement <strong>des sorties gratuites de course \u00e0 pied<\/strong>.<\/p>\n<p class=\" wall-content\">Dans les rayons, si huit vendeurs et vendeuses sont pr\u00e9sents pour les clients, il sera possible en scannant un QR code ou via l\u2019application Decathlon de <strong>solliciter un conseiller en visio<\/strong>, notamment pour l\u2019achat ou la location de v\u00e9lo. L\u2019enseigne propose, pour un minimum de trois mois (tout compris), la possibilit\u00e9 de louer des v\u00e9los \u00e9lectriques ou musculaires d\u00e8s 45 euros.<\/p>\n<p>    <img   decoding=\"async\" loading=\"lazy\" src=\"https:\/\/www.europesays.com\/fr\/wp-content\/uploads\/2025\/11\/image-20251126-105612-652-960x640.jpeg\" alt=\"xx\" width=\"960\" height=\"640\"\/><br \/>\n    Edeline Bisson est la directrice du magasin. (\u00a9Laur\u00e8ne Fertin \/ actu Rennes)<\/p>\n<p class=\" wall-content\">Autre service dans le magasin City, il sera possible de commander en ligne et y <strong>retirer ses colis<\/strong>. <strong>Les retours d\u2019achats<\/strong> dans d\u2019autres magasins de la m\u00e9tropole rennaise pourront par ailleurs se faire dans celui de Rennes.<\/p>\n<p>Infos pratiques\u2009: Decathlon City au 3 \u2013 5 rue le Bastard. Ouvert du lundi au samedi de 10h \u00e0 19h. Ouvert exceptionnellement ce dimanche 30 novembre. Des r\u00e9ductions sont pr\u00e9vues pour les premiers clients.<\/p>\n<p class=\" wall-content\">Personnalisez votre actualit\u00e9 en ajoutant vos villes et m\u00e9dias en favori avec <a href=\"https:\/\/moncompte.actu.fr\" title=\"D\u00e9couvez Mon Actu\" rel=\"nofollow noopener\" data-trk=\"{&quot;cta&quot;:{&quot;action&quot;:&quot;https:\\\/\\\/moncompte.actu.fr&quot;,&quot;category&quot;:&quot;mon compte&quot;,&quot;from&quot;:&quot;article footer&quot;,&quot;name&quot;:&quot;Mon actu&quot;,&quot;type&quot;:&quot;cta&quot;}}\" target=\"_blank\">Mon Actu<\/a>.<\/p>\n<p>                    <script async src=\"\/\/www.instagram.com\/embed.js\"><\/script><\/p>\n","protected":false},"excerpt":{"rendered":"Par Laur\u00e8ne Fertin Publi\u00e9 le 26 nov. 2025 \u00e0 12h21 C\u2019\u00e9tait en projet depuis trois ans. Apr\u00e8s les&hellip;\n","protected":false},"author":2,"featured_media":559862,"comment_status":"","ping_status":"","sticky":false,"template":"","format":"standard","meta":{"footnotes":""},"categories":[2821],"tags":[1111,11,829,7200,1777,674,1011,27,1305,12,584,25],"class_list":{"0":"post-559861","1":"post","2":"type-post","3":"status-publish","4":"format-standard","5":"has-post-thumbnail","7":"category-rennes","8":"tag-actu","9":"tag-actualites","10":"tag-bretagne","11":"tag-decathlon","12":"tag-eu","13":"tag-europe","14":"tag-fr","15":"tag-france","16":"tag-lifestyle","17":"tag-news","18":"tag-rennes","19":"tag-republique-francaise"},"share_on_mastodon":{"url":"https:\/\/pubeurope.com\/@fr\/115615826837268737","error":""},"_links":{"self":[{"href":"https:\/\/www.europesays.com\/fr\/wp-json\/wp\/v2\/posts\/559861","targetHints":{"allow":["GET"]}}],"collection":[{"href":"https:\/\/www.europesays.com\/fr\/wp-json\/wp\/v2\/posts"}],"about":[{"href":"https:\/\/www.europesays.com\/fr\/wp-json\/wp\/v2\/types\/post"}],"author":[{"embeddable":true,"href":"https:\/\/www.europesays.com\/fr\/wp-json\/wp\/v2\/users\/2"}],"replies":[{"embeddable":true,"href":"https:\/\/www.europesays.com\/fr\/wp-json\/wp\/v2\/comments?post=559861"}],"version-history":[{"count":0,"href":"https:\/\/www.europesays.com\/fr\/wp-json\/wp\/v2\/posts\/559861\/revisions"}],"wp:featuredmedia":[{"embeddable":true,"href":"https:\/\/www.europesays.com\/fr\/wp-json\/wp\/v2\/media\/559862"}],"wp:attachment":[{"href":"https:\/\/www.europesays.com\/fr\/wp-json\/wp\/v2\/media?parent=559861"}],"wp:term":[{"taxonomy":"category","embeddable":true,"href":"https:\/\/www.europesays.com\/fr\/wp-json\/wp\/v2\/categories?post=559861"},{"taxonomy":"post_tag","embeddable":true,"href":"https:\/\/www.europesays.com\/fr\/wp-json\/wp\/v2\/tags?post=559861"}],"curies":[{"name":"wp","href":"https:\/\/api.w.org\/{rel}","templated":true}]}}