{"id":559863,"date":"2025-11-26T11:44:26","date_gmt":"2025-11-26T11:44:26","guid":{"rendered":"https:\/\/www.europesays.com\/fr\/559863\/"},"modified":"2025-11-26T11:44:26","modified_gmt":"2025-11-26T11:44:26","slug":"il-y-a-beaucoup-dattente-pourquoi-decathlon-a-choisi-le-centre-ville-de-rennes","status":"publish","type":"post","link":"https:\/\/www.europesays.com\/fr\/559863\/","title":{"rendered":"\u00ab\u00a0Il y a beaucoup d\u2019attente\u00a0\u00bb\u00a0: pourquoi Decathlon a choisi le centre-ville de Rennes"},"content":{"rendered":"<p>Pourquoi Decathlon a choisi de s\u2019implanter dans le centre-ville de Rennes ?<\/p>\n<p>Notre objectif est d\u2019\u00eatre au plus proche des habitants. Auparavant, nos clients rennais devaient faire 15 \u00e0 20 minutes de trajet pour acc\u00e9der \u00e0 nos produits dans les magasins de p\u00e9riph\u00e9rie. On voulait \u00eatre pr\u00e9sents au coin de la rue, en proximit\u00e9 imm\u00e9diate de leurs besoins sportifs et de mobilit\u00e9. C\u2019est une immense joie d\u2019arriver en centre-ville, sur cette surface de 230 m2, dans cette belle rue Lebastard.<\/p>\n<p>L\u2019emplacement n\u2019est pas anodin. Il fallait une rue o\u00f9 le flux pi\u00e9ton est important\u2026<\/p>\n<p>Nous souhaitions \u00eatre extr\u00eamement visibles en effet. Il a fallu trouver l\u2019endroit le plus adapt\u00e9. Il y a beaucoup de passage ici, que ce soit les habitants qui se rendent au travail ou les \u00e9tudiants qui sortent de l\u2019universit\u00e9. C\u2019est important.<\/p>\n<p><img decoding=\"async\" src=\"https:\/\/www.europesays.com\/fr\/wp-content\/uploads\/2025\/11\/6926dbd38e608f13e8021dc5.1.jpeg\" width=\"480\" height=\"300\" class=\"web_golden_m\" loading=\"lazy\" alt=\"Le nouveau magasin Decathlon au milieu de la rue Lebastard \u00e0 Rennes.\"\/>Le nouveau magasin Decathlon au milieu de la rue Lebastard \u00e0 Rennes. (Decathlon)Comment avez-vous \u00e9t\u00e9 accueillis dans le quartier ?<\/p>\n<p>Nous avons eu d\u2019excellents retours de la part des habitants qui nous ont aper\u00e7us en train d\u2019am\u00e9nager le magasin. Il y a beaucoup d\u2019attente autour de notre arriv\u00e9e. Les commer\u00e7ants voisins sont \u00e9galement tr\u00e8s contents, car il manquait une enseigne de sport dans la rue.<\/p>\n<p>Quels sports seront mis en avant dans ce format City ?<\/p>\n<p>Nous avons s\u00e9lectionn\u00e9 trois sports phares pl\u00e9biscit\u00e9s par les urbains. D\u2019abord, la course \u00e0 pied qui sera le sport le plus repr\u00e9sent\u00e9. \u00c7a correspond \u00e0 environ un quart de la surface de vente, avec une cinquantaine de paires de chaussures au total. Ensuite, nous avons la mobilit\u00e9 urbaine et le fitness. Il y a une belle offre v\u00e9lo, avec un service d\u2019atelier de r\u00e9paration. Nous aurons aussi de nombreux accessoires de fitness et un gros rayon nutrition. Enfin, il ne faut pas oublier la natation.<\/p>\n<p><img decoding=\"async\" src=\"https:\/\/www.europesays.com\/fr\/wp-content\/uploads\/2025\/11\/6926dbd32936e1824a0d7800.1.jpeg\" width=\"480\" height=\"300\" class=\"web_golden_m\" loading=\"lazy\" alt=\"Une fresque a \u00e9t\u00e9 r\u00e9alis\u00e9e par un artiste local \u00e0 l\u2019int\u00e9rieur du magasin.\"\/>Une fresque a \u00e9t\u00e9 r\u00e9alis\u00e9e par un artiste local \u00e0 l\u2019int\u00e9rieur du magasin. (Decathlon)A contrario plusieurs disciplines ne seront pas pr\u00e9sentes en rayon comme les sports collectifs ?<\/p>\n<p>Il y aura la possibilit\u00e9 de commander en ligne. En plus des articles vendus en magasin, nous allons \u00eatre tr\u00e8s ax\u00e9s sur le conseil. Le service de retrait de colis sera tr\u00e8s important. Nous allons installer des lockers dans le magasin pour que les gens puissent r\u00e9cup\u00e9rer facilement leur commande en ligne.<\/p>\n<p>Il y aura aussi des activit\u00e9s organis\u00e9es en magasin\u2026<\/p>\n<p>Nous proposerons des cours de pilates payants en partenariat avec une coach ind\u00e9pendante. Et \u00e9galement des s\u00e9ances de course \u00e0 pied en communaut\u00e9 gratuit pour nos clients.<\/p>\n","protected":false},"excerpt":{"rendered":"Pourquoi Decathlon a choisi de s\u2019implanter dans le centre-ville de Rennes ? Notre objectif est d\u2019\u00eatre au plus&hellip;\n","protected":false},"author":2,"featured_media":559864,"comment_status":"","ping_status":"","sticky":false,"template":"","format":"standard","meta":{"footnotes":""},"categories":[2821],"tags":[1111,11,829,2033,1777,674,1011,27,848,12,584,25],"class_list":{"0":"post-559863","1":"post","2":"type-post","3":"status-publish","4":"format-standard","5":"has-post-thumbnail","7":"category-rennes","8":"tag-actu","9":"tag-actualites","10":"tag-bretagne","11":"tag-commerces-a-rennes","12":"tag-eu","13":"tag-europe","14":"tag-fr","15":"tag-france","16":"tag-ille-et-vilaine","17":"tag-news","18":"tag-rennes","19":"tag-republique-francaise"},"share_on_mastodon":{"url":"https:\/\/pubeurope.com\/@fr\/115615830441482171","error":""},"_links":{"self":[{"href":"https:\/\/www.europesays.com\/fr\/wp-json\/wp\/v2\/posts\/559863","targetHints":{"allow":["GET"]}}],"collection":[{"href":"https:\/\/www.europesays.com\/fr\/wp-json\/wp\/v2\/posts"}],"about":[{"href":"https:\/\/www.europesays.com\/fr\/wp-json\/wp\/v2\/types\/post"}],"author":[{"embeddable":true,"href":"https:\/\/www.europesays.com\/fr\/wp-json\/wp\/v2\/users\/2"}],"replies":[{"embeddable":true,"href":"https:\/\/www.europesays.com\/fr\/wp-json\/wp\/v2\/comments?post=559863"}],"version-history":[{"count":0,"href":"https:\/\/www.europesays.com\/fr\/wp-json\/wp\/v2\/posts\/559863\/revisions"}],"wp:featuredmedia":[{"embeddable":true,"href":"https:\/\/www.europesays.com\/fr\/wp-json\/wp\/v2\/media\/559864"}],"wp:attachment":[{"href":"https:\/\/www.europesays.com\/fr\/wp-json\/wp\/v2\/media?parent=559863"}],"wp:term":[{"taxonomy":"category","embeddable":true,"href":"https:\/\/www.europesays.com\/fr\/wp-json\/wp\/v2\/categories?post=559863"},{"taxonomy":"post_tag","embeddable":true,"href":"https:\/\/www.europesays.com\/fr\/wp-json\/wp\/v2\/tags?post=559863"}],"curies":[{"name":"wp","href":"https:\/\/api.w.org\/{rel}","templated":true}]}}