{"id":559867,"date":"2025-11-26T11:46:11","date_gmt":"2025-11-26T11:46:11","guid":{"rendered":"https:\/\/www.europesays.com\/fr\/559867\/"},"modified":"2025-11-26T11:46:11","modified_gmt":"2025-11-26T11:46:11","slug":"mais-dou-sort-cette-carte-du-harcelement-presentee-a-certains-habitants-du-quartier-gare","status":"publish","type":"post","link":"https:\/\/www.europesays.com\/fr\/559867\/","title":{"rendered":"mais d&rsquo;o\u00f9 sort cette carte du harc\u00e8lement pr\u00e9sent\u00e9e \u00e0 certains habitants du quartier Gare\u00a0?"},"content":{"rendered":"<p>                    Par<br \/>\n        <strong><br \/>\n            <a href=\"https:\/\/actu.fr\/auteur\/thomas-blanc\" title=\"Consulter tous les articles de Thomas Blanc\" target=\"_blank\" rel=\"noopener\">Thomas Blanc<\/a><br \/>\n                    <\/strong><\/p>\n<p>        Publi\u00e9 le<\/p>\n<p>            26 nov. 2025 \u00e0 12h12        <\/p>\n<p>Le sentiment d\u2019<a href=\"https:\/\/actu.fr\/grand-est\/strasbourg_67482\/insecurite-au-quartier-gare-des-habitants-fustigent-la-vision-bisounours-de-la-mairie-elle-repond_61127078.html\" target=\"_blank\" rel=\"noopener\">ins\u00e9curit\u00e9 au quartier Gare \u00e0 Strasbourg<\/a> est un ph\u00e9nom\u00e8ne document\u00e9. Sur ce sujet, une carte repr\u00e9sentant <strong>les lieux de harc\u00e8lement<\/strong> dans le secteur de la gare et des Halles a \u00e9t\u00e9 pr\u00e9sent\u00e9e aux habitants lors d\u2019une r\u00e9union de quartier. Sans plus de contexte, elle a alert\u00e9 notre attention, <strong>d\u2019o\u00f9 provient-elle<\/strong> et comment a-t-elle \u00e9t\u00e9 constitu\u00e9e\u2009?<\/p>\n<p>Une carte issue d\u2019une participation citoyenne en 2024<\/p>\n<p class=\" wall-content\">Julien L. raconte comment il a pris connaissance de cette infographie au d\u00e9but du mois de novembre.<\/p>\n<p class=\" wall-content\">\u00ab\u2009La carte \u00e9tait affich\u00e9e sur le stand de<strong> la direction de territoire<\/strong> lors d\u2019une assembl\u00e9e de quartier, sans plus d\u2019explication\u2009\u00bb, explique-t-il. La carte en question repr\u00e9sente les lieux autour de la gare de Strasbourg o\u00f9 ont \u00e9t\u00e9 recens\u00e9s des actes de <strong>harc\u00e8lement de rue<\/strong>, les types de harc\u00e8lement comme<strong> le sifflement<\/strong>, <strong>les regards<\/strong> ou une <strong>discussion impos\u00e9e<\/strong>.<\/p>\n<p class=\" wall-content\">Les \u00e9quipes de la municipalit\u00e9 expliquent qu\u2019elle est le r\u00e9sultat d\u2019<a href=\"https:\/\/participer.strasbourg.eu\/detail-participation\/-\/entity\/id\/502824661\" target=\"_blank\" rel=\"noopener\">une participation citoyenne<\/a> men\u00e9e par la direction de territoire et dont les r\u00e9sultats ont \u00e9t\u00e9 rendus publics il y a un an, en novembre 2024. Elle fait partie du <strong>Plan d\u2019action pour les droits des femmes et \u00e0 l\u2019\u00e9galit\u00e9 de genre<\/strong> de la Ville de Strasbourg et doit \u00eatre suivie \u00ab\u2009d\u2019actions concr\u00e8tes\u2009\u00bb.<\/p>\n<p>Pour les habitants, \u00ab\u2009c\u2019est trop tard\u2009\u00bb<\/p>\n<p class=\" wall-content\">Les habitants <a href=\"https:\/\/actu.fr\/grand-est\/strasbourg_67482\/strasbourg-insecurite-au-quartier-gare-la-situation-s-est-nettement-amelioree_62462281.html\" target=\"_blank\" rel=\"noopener\">du quartier Gare<\/a> alertent sur cette situation depuis longtemps. M\u00e9lanie, employ\u00e9e d\u2019un h\u00f4tel rue Kageneck, en t\u00e9moigne : \u00ab\u2009Nos clients nous rapportent souvent des <strong>situations probl\u00e9matiques<\/strong>, peu importe l\u2019heure, m\u00eame en pleine journ\u00e9e\u2009\u00bb. Elle se r\u00e9jouit que la Ville se soucie de la probl\u00e9matique mais n\u2019a vu aucune action concr\u00e8te sur le terrain.<\/p>\n<p class=\" wall-content\">Victoire, une r\u00e9sidente, avoue que le harc\u00e8lement est \u00ab\u2009<strong>son quotidien\u2009<\/strong>\u00bb et que son casque de musique lui sert de strat\u00e9gie d\u2019\u00e9vitement. Elle d\u00e9clare \u00e9galement\u2009: \u00ab\u2009J\u2019ai peur du signal que \u00e7a envoie de s\u2019occuper prioritairement du quartier Gare \u00bb, \u00ab le plus mixte de <a href=\"https:\/\/actu.fr\/strasbourg\" target=\"_blank\" rel=\"noopener\">Strasbourg<\/a>\u2009\u00bb, selon elle. Elle ajoute ensuite, \u00ab\u2009c\u2019est dommage de <strong>faire du curatif et pas du pr\u00e9ventif<\/strong>. C\u2019est de l\u2019\u00e9ducation des harceleurs qu\u2019il faut faire.\u2009\u00bb<\/p>\n<p class=\" wall-content\">Contact\u00e9e, l\u2019\u00e9lue en charge du quartier Gare n\u2019a pas donn\u00e9 suite quant aux actions concr\u00e8tes qui seront mises en place \u00e0 la suite de la publication de cette carte du harc\u00e8lement.<\/p>\n<p class=\" wall-content\">Personnalisez votre actualit\u00e9 en ajoutant vos villes et m\u00e9dias en favori avec <a href=\"https:\/\/moncompte.actu.fr\" title=\"D\u00e9couvez Mon Actu\" rel=\"nofollow noopener\" data-trk=\"{&quot;cta&quot;:{&quot;action&quot;:&quot;https:\\\/\\\/moncompte.actu.fr&quot;,&quot;category&quot;:&quot;mon compte&quot;,&quot;from&quot;:&quot;article footer&quot;,&quot;name&quot;:&quot;Mon actu&quot;,&quot;type&quot;:&quot;cta&quot;}}\" target=\"_blank\">Mon Actu<\/a>.<\/p>\n","protected":false},"excerpt":{"rendered":"Par Thomas Blanc Publi\u00e9 le 26 nov. 2025 \u00e0 12h12 Le sentiment d\u2019ins\u00e9curit\u00e9 au quartier Gare \u00e0 Strasbourg&hellip;\n","protected":false},"author":2,"featured_media":559868,"comment_status":"","ping_status":"","sticky":false,"template":"","format":"standard","meta":{"footnotes":""},"categories":[2820],"tags":[1111,11,1777,674,1011,27,775,2825,12,25,104,640],"class_list":{"0":"post-559867","1":"post","2":"type-post","3":"status-publish","4":"format-standard","5":"has-post-thumbnail","7":"category-strasbourg","8":"tag-actu","9":"tag-actualites","10":"tag-eu","11":"tag-europe","12":"tag-fr","13":"tag-france","14":"tag-grand-est","15":"tag-insecurite","16":"tag-news","17":"tag-republique-francaise","18":"tag-societe","19":"tag-strasbourg"},"share_on_mastodon":{"url":"https:\/\/pubeurope.com\/@fr\/115615838948909414","error":""},"_links":{"self":[{"href":"https:\/\/www.europesays.com\/fr\/wp-json\/wp\/v2\/posts\/559867","targetHints":{"allow":["GET"]}}],"collection":[{"href":"https:\/\/www.europesays.com\/fr\/wp-json\/wp\/v2\/posts"}],"about":[{"href":"https:\/\/www.europesays.com\/fr\/wp-json\/wp\/v2\/types\/post"}],"author":[{"embeddable":true,"href":"https:\/\/www.europesays.com\/fr\/wp-json\/wp\/v2\/users\/2"}],"replies":[{"embeddable":true,"href":"https:\/\/www.europesays.com\/fr\/wp-json\/wp\/v2\/comments?post=559867"}],"version-history":[{"count":0,"href":"https:\/\/www.europesays.com\/fr\/wp-json\/wp\/v2\/posts\/559867\/revisions"}],"wp:featuredmedia":[{"embeddable":true,"href":"https:\/\/www.europesays.com\/fr\/wp-json\/wp\/v2\/media\/559868"}],"wp:attachment":[{"href":"https:\/\/www.europesays.com\/fr\/wp-json\/wp\/v2\/media?parent=559867"}],"wp:term":[{"taxonomy":"category","embeddable":true,"href":"https:\/\/www.europesays.com\/fr\/wp-json\/wp\/v2\/categories?post=559867"},{"taxonomy":"post_tag","embeddable":true,"href":"https:\/\/www.europesays.com\/fr\/wp-json\/wp\/v2\/tags?post=559867"}],"curies":[{"name":"wp","href":"https:\/\/api.w.org\/{rel}","templated":true}]}}