{"id":559871,"date":"2025-11-26T11:48:17","date_gmt":"2025-11-26T11:48:17","guid":{"rendered":"https:\/\/www.europesays.com\/fr\/559871\/"},"modified":"2025-11-26T11:48:17","modified_gmt":"2025-11-26T11:48:17","slug":"une-nouvelle-ligne-bientot-proposee-par-easyjet-a-laeroport-de-nice","status":"publish","type":"post","link":"https:\/\/www.europesays.com\/fr\/559871\/","title":{"rendered":"Une nouvelle ligne bient\u00f4t propos\u00e9e par easyJet \u00e0 l\u2019a\u00e9roport de Nice"},"content":{"rendered":"<p class=\"fs-5 \">Direction le Royaume-Uni\u00a0! Une toute <strong>nouvelle ligne au d\u00e9part de Nice C\u00f4te d\u2019Azur <\/strong>va \u00eatre propos\u00e9e par easyJet en 2026.<\/p>\n<p class=\"fs-5 \">La compagnie a annonc\u00e9 l\u2019ouverture d\u2019une liaison directe vers la ville de <strong>Birmingham <\/strong>\u00e0 compter du<strong> 1er mai 2026. <\/strong><\/p>\n<p class=\"fs-5 \">Pour s\u2019y rendre, <strong>deux vols par semaine<\/strong> seront propos\u00e9s. Ils auront lieu les<strong> lundis et les vendredis<\/strong>, essentiellement pour faciliter<strong> les allers-retours des travailleurs britanniques et fran\u00e7ais<\/strong> entre leur domicile et lieu de travail, a expliqu\u00e9 la compagnie.<\/p>\n<p>            <img src=\"https:\/\/www.europesays.com\/fr\/wp-content\/uploads\/2025\/11\/1764157696_990_9d5ee06_upload-from-url-1-tk90dulwh4tm-image-a20200710t043242-m-10-163-0-4-wc-3-2-06-f.jpg\"   loading=\"lazy\" decoding=\"async\" alt=\"\" class=\"img-fluid position-absolute w-100 object-fit-cover rounded-2\" width=\"600\" height=\"400\"\/><\/p>\n<p>                                                                                Des billets \u00e0 partir de 45\u00a0euros<\/p>\n<p class=\"fs-5 \">Selon les premi\u00e8res offres de billets d\u00e9j\u00e0 mis en vente sur<a href=\"https:\/\/www.easyjet.com\/fr\/vols-pas-chers\/birmingham\/nice\" target=\"_blank\" rel=\"nofollow noopener\"> le site internet de la compagnie <\/a>easyJet, on peut voir des billets affich\u00e9s<strong> \u00e0 partir de 45\u00a0euros. <\/strong><\/p>\n<p class=\"fs-5 \">Avec de nombreuses liaisons dans diff\u00e9rentes villes, le Royaume-Uni est une destination privil\u00e9gi\u00e9e pour la compagnie.<\/p>\n<p class=\"fs-5 \">Un moyen d\u2019attirer les touristes anglais, tr\u00e8s pr\u00e9sents sur la C\u00f4te d\u2019Azur pendant la saison estivale.<\/p>\n<p>            <img src=\"https:\/\/www.europesays.com\/fr\/wp-content\/uploads\/2025\/11\/67f1320_ftp-import-images-1-z3p4xwqyutjm-rcanic12q500-dm-dons-stelios-restos-du-coeur.JPG\"   loading=\"lazy\" decoding=\"async\" alt=\"Stelios Haji-Ioannou, le fondateur d'Easy Jet, a fait un don de 730.000 bo\u00eetes de conserves aux Restos du Coeur des Alpes-Maritimes&#10;\" class=\"img-fluid position-absolute w-100 object-fit-cover rounded-2\" width=\"600\" height=\"400\"\/><\/p>\n<p>                                                                                De nombreuses nouvelles offres au d\u00e9part de Nice<\/p>\n<p class=\"fs-5 \">Plusieurs routes ont \u00e9t\u00e9 ajout\u00e9es depuis le d\u00e9but de l\u2019ann\u00e9e 2025. On compte parmi elles <strong>Newcastle, D\u00fcsseldorf, Madrid, Lamezia Terme<\/strong> et <strong>Santorin<\/strong>. Une ligne vers <strong>Hurghada<\/strong>, en <strong>\u00c9gypte<\/strong>, a \u00e9galement \u00e9t\u00e9 inaugur\u00e9e.<\/p>\n<p class=\"fs-5 \">D\u2019autres sont \u00e0 venir pour 2026,\u00a0ce qui pourrait accro\u00eetre le panel de possibilit\u00e9s pour vos futures vacances.<\/p>\n","protected":false},"excerpt":{"rendered":"Direction le Royaume-Uni\u00a0! Une toute nouvelle ligne au d\u00e9part de Nice C\u00f4te d\u2019Azur va \u00eatre propos\u00e9e par easyJet&hellip;\n","protected":false},"author":2,"featured_media":559872,"comment_status":"","ping_status":"","sticky":false,"template":"","format":"standard","meta":{"footnotes":""},"categories":[2819],"tags":[1111,11,1777,674,1011,27,12,2401,882,25],"class_list":{"0":"post-559871","1":"post","2":"type-post","3":"status-publish","4":"format-standard","5":"has-post-thumbnail","7":"category-nice","8":"tag-actu","9":"tag-actualites","10":"tag-eu","11":"tag-europe","12":"tag-fr","13":"tag-france","14":"tag-news","15":"tag-nice","16":"tag-provence-alpes-cote-dazur","17":"tag-republique-francaise"},"share_on_mastodon":{"url":"","error":""},"_links":{"self":[{"href":"https:\/\/www.europesays.com\/fr\/wp-json\/wp\/v2\/posts\/559871","targetHints":{"allow":["GET"]}}],"collection":[{"href":"https:\/\/www.europesays.com\/fr\/wp-json\/wp\/v2\/posts"}],"about":[{"href":"https:\/\/www.europesays.com\/fr\/wp-json\/wp\/v2\/types\/post"}],"author":[{"embeddable":true,"href":"https:\/\/www.europesays.com\/fr\/wp-json\/wp\/v2\/users\/2"}],"replies":[{"embeddable":true,"href":"https:\/\/www.europesays.com\/fr\/wp-json\/wp\/v2\/comments?post=559871"}],"version-history":[{"count":0,"href":"https:\/\/www.europesays.com\/fr\/wp-json\/wp\/v2\/posts\/559871\/revisions"}],"wp:featuredmedia":[{"embeddable":true,"href":"https:\/\/www.europesays.com\/fr\/wp-json\/wp\/v2\/media\/559872"}],"wp:attachment":[{"href":"https:\/\/www.europesays.com\/fr\/wp-json\/wp\/v2\/media?parent=559871"}],"wp:term":[{"taxonomy":"category","embeddable":true,"href":"https:\/\/www.europesays.com\/fr\/wp-json\/wp\/v2\/categories?post=559871"},{"taxonomy":"post_tag","embeddable":true,"href":"https:\/\/www.europesays.com\/fr\/wp-json\/wp\/v2\/tags?post=559871"}],"curies":[{"name":"wp","href":"https:\/\/api.w.org\/{rel}","templated":true}]}}