{"id":559875,"date":"2025-11-26T11:50:26","date_gmt":"2025-11-26T11:50:26","guid":{"rendered":"https:\/\/www.europesays.com\/fr\/559875\/"},"modified":"2025-11-26T11:50:26","modified_gmt":"2025-11-26T11:50:26","slug":"le-marche-de-noel-solidaire-et-engage-fait-son-grand-retour-a-nantes-big-city-nantes","status":"publish","type":"post","link":"https:\/\/www.europesays.com\/fr\/559875\/","title":{"rendered":"Le march\u00e9 de No\u00ebl solidaire et engag\u00e9 fait son grand retour \u00e0 Nantes \u2013 Big City Nantes"},"content":{"rendered":"<p>26 novembre 2025<\/p>\n<p>\u00b7 Article sponsoris\u00e9<\/p>\n<p><img fetchpriority=\"high\" width=\"527\" height=\"264\" src=\"https:\/\/www.europesays.com\/fr\/wp-content\/uploads\/2025\/11\/Lautre-marche-Jean-Felix-Fayoll-Iris-Pictures-527x264.png\" class=\"attachment-csco-thumbnail-uncropped size-csco-thumbnail-uncropped wp-post-image\" alt=\"L'autre march\u00e9 Jean-F\u00e9lix Fayoll - Iris Pictures\" decoding=\"async\"  \/>\t<img loading=\"lazy\" width=\"1044\" height=\"522\" src=\"https:\/\/www.europesays.com\/fr\/wp-content\/uploads\/2025\/11\/Lautre-marche-Jean-Felix-Fayoll-Iris-Pictures-1044x522.png\" class=\"attachment-csco-large-uncropped size-csco-large-uncropped wp-post-image\" alt=\"L'autre march\u00e9 Jean-F\u00e9lix Fayoll - Iris Pictures\" decoding=\"async\"  \/>\t<\/p>\n<p>\nCr\u00e9dit : Jean-F\u00e9lix Fayoll &#8211; Iris Pictures\t<\/p>\n<p>Envie de remplir ta hotte\u00a0<strong>de cadeaux qui ont du sens<\/strong>\u00a0?\u00a0<strong>L\u2019Autre March\u00e9<\/strong>\u00a0des Ecossolies est de retour pour une 17e \u00e9dition engag\u00e9e et locale en plein c\u0153ur de Nantes, sur l\u2019esplanade Feydeau <strong>du 28 novembre au 23 d\u00e9cembre 2025.<\/strong> C\u2019est\u00a0LE\u00a0rendez-vous pour des achats de No\u00ebl responsables. Avec un\u00a0<strong>espace d\u00e9di\u00e9 \u00e0 la seconde main, un march\u00e9 paysan et des exposant.es engag\u00e9s<\/strong>, il y a de quoi trouver des cadeaux 100% responsables. Sous l\u2019\u0153il bienveillant de la Petite Maman No\u00ebl, viens d\u00e9couvrir un march\u00e9 pas comme les autres, o\u00f9 solidarit\u00e9 et convivialit\u00e9 riment avec festivit\u00e9s ! <strong>Big City<\/strong> t\u2019explique tout \u00e7a \ud83d\ude09<\/p>\n<p>L\u2019autre March\u00e9 : un march\u00e9 de No\u00ebl 100% local et engag\u00e9<br \/>\n<img loading=\"lazy\" decoding=\"async\" width=\"1160\" height=\"580\" src=\"https:\/\/www.europesays.com\/fr\/wp-content\/uploads\/2025\/11\/Lautre-marche-Karoll-Petit-Iris-Pictures-1-1160x580.png\" alt=\"L'autre march\u00e9 Karoll Petit - Iris Pictures\" class=\"wp-image-129194\"  \/>Cr\u00e9dit : Karoll Petit \u2013 Iris Pictures<\/p>\n<p><strong>Depuis 2009<\/strong>, L\u2019Autre March\u00e9 des Ecossolies s\u2019impose comme un incontournable des f\u00eates nantaises. <strong>72 exposants<\/strong>, tous acteurs de l\u2019\u00e9conomie sociale et solidaire, t\u2019offrent bien plus que des cadeaux : ils d\u00e9fendent des modes de production respectueux de l\u2019environnement et des conditions de travail de chacun.e.<\/p>\n<p><img loading=\"lazy\" decoding=\"async\" width=\"1160\" height=\"580\" src=\"https:\/\/www.europesays.com\/fr\/wp-content\/uploads\/2025\/11\/Lautre-marche-Fb.lautre-Marche-1160x580.png\" alt=\"L'autre march\u00e9\" class=\"wp-image-129193\"  \/>Cr\u00e9dit : L&rsquo;Autre March\u00e9 (facebook)<\/p>\n<p>Cette ann\u00e9e, ils sont de retour avec des nouveaut\u00e9s tr\u00e8s cool :<\/p>\n<p>Dans\u00a0<strong>l\u2019espace seconde main<\/strong>, viens chiner fripes, articles de sport, plantes, mat\u00e9riel DIY et loisirs cr\u00e9atifs, d\u00e9co, et bien plus ! En tout, ce sont 12 ressourceries, recycleries et friperies associatives\u00a0qui se relaient sur ce grand espace de vente collectif.<\/p>\n<p><strong>Pour les gourmands<\/strong>, un\u00a0<strong>march\u00e9 paysan<\/strong>\u00a0te permet de faire des emplettes en mode 100% durable. Agriculture paysanne, bio, circuit-courts, viens d\u00e9couvrir ces producteurs engag\u00e9s !<\/p>\n<p>Enfin, on reste dans le local avec des\u00a0<strong>livres et BD<\/strong>\u00a0qui viennent de\u00a0<strong>maisons d\u2019\u00e9ditions du coin<\/strong>\u00a0! Tu pourras aussi shopper\u00a0<strong>vinyles, illustrations, papeterie<\/strong>\u00a0et d\u00e9couvrir les cr\u00e9ations d\u2019artisan.es avec\u00a0<strong>de la mode, de la d\u00e9co, des accessoires, des c\u00e9ramiques\u2026<\/strong><\/p>\n<p>Concerts, guinguette : Une ambiance chaleureuse et festive pour un No\u00ebl unique<br \/>\n<img loading=\"lazy\" decoding=\"async\" width=\"1160\" height=\"580\" src=\"https:\/\/www.europesays.com\/fr\/wp-content\/uploads\/2025\/11\/Lautre-marche-4-1160x580.png\" alt=\"L'Autre March\u00e9 \" class=\"wp-image-129135\"  \/>Cr\u00e9dit : Karoll Petit<\/p>\n<p>L\u2019Autre March\u00e9, c\u2019est aussi un lieu\u00a0<strong>ultra convivial<\/strong>\u00a0! Chaque vendredi soir, la\u00a0<strong>guinguette hivernale<\/strong>\u00a0s\u2019anime au son de\u00a0groupes locaux, avec des\u00a0<strong>concerts live et DJ Sets<\/strong>.<\/p>\n<p>Les dates \u00e0 ne pas rater :<\/p>\n<ul class=\"wp-block-list\">\n<li><strong>28 novembre<\/strong> : Soir\u00e9e d\u2019inauguration avec la chorale Les Chants Rouges et un DJ set de Sweet Mama Cosma<\/li>\n<li><strong>4 d\u00e9cembre<\/strong>\u00a0: La Soupe Impopulaire de La Cloche<\/li>\n<li><strong>5 d\u00e9cembre<\/strong>\u00a0: Concert-Blind test\u00a0: Live Test Spectaculaire<\/li>\n<li><strong>12 d\u00e9cembre<\/strong>\u00a0: Concerts\u00a0: F\u00e9e et Keysuna<\/li>\n<li><strong>17 decembre<\/strong>\u00a0: Ap\u00e9ro Moneko<\/li>\n<li><strong>18 d\u00e9cembre<\/strong>\u00a0:\u00a0Chorale La M\u00e9ridienne<\/li>\n<li><strong>19 d\u00e9cembre\u00a0:<\/strong> Jam Kiki hors les Murs, la Jam du Solilab s\u2019exporte sur l\u2019Autre March\u00e9<\/li>\n<\/ul>\n<p>En plus, des\u00a0<strong>ateliers cr\u00e9atifs et animations artistiques<\/strong>\u00a0sont pr\u00e9vus pour petits et grands et transforment le march\u00e9 en un espace de partage et de bonne humeur. Et pour te r\u00e9chauffer, direction\u00a0<strong>le coin gourmand avec du vin chaud, du chocolat bio ou des plats r\u00e9confortants<\/strong>.<\/p>\n<p>Bref, tu l\u2019auras compris, l\u2019Autre March\u00e9, c\u2019est\u00a0<strong>l\u2019adresse incontournable pour des f\u00eates responsables et solidaires.<\/strong>\u00a0Que tu cherches un\u00a0<strong>cadeau unique ou une exp\u00e9rience conviviale<\/strong>, ce march\u00e9 te r\u00e9serve de belles surprises.<\/p>\n<p>Alors si tu n\u2019as pas encore trouv\u00e9 tes cadeaux, c\u2019est vraiment le march\u00e9 o\u00f9 tu dois aller !<\/p>\n","protected":false},"excerpt":{"rendered":"26 novembre 2025 \u00b7 Article sponsoris\u00e9 Cr\u00e9dit : Jean-F\u00e9lix Fayoll &#8211; Iris Pictures Envie de remplir ta hotte\u00a0de&hellip;\n","protected":false},"author":2,"featured_media":559876,"comment_status":"","ping_status":"","sticky":false,"template":"","format":"standard","meta":{"footnotes":""},"categories":[2818],"tags":[1111,11,1777,674,1011,27,766,12,2636,25],"class_list":{"0":"post-559875","1":"post","2":"type-post","3":"status-publish","4":"format-standard","5":"has-post-thumbnail","7":"category-nantes","8":"tag-actu","9":"tag-actualites","10":"tag-eu","11":"tag-europe","12":"tag-fr","13":"tag-france","14":"tag-nantes","15":"tag-news","16":"tag-pays-de-la-loire","17":"tag-republique-francaise"},"share_on_mastodon":{"url":"https:\/\/pubeurope.com\/@fr\/115615854942746490","error":""},"_links":{"self":[{"href":"https:\/\/www.europesays.com\/fr\/wp-json\/wp\/v2\/posts\/559875","targetHints":{"allow":["GET"]}}],"collection":[{"href":"https:\/\/www.europesays.com\/fr\/wp-json\/wp\/v2\/posts"}],"about":[{"href":"https:\/\/www.europesays.com\/fr\/wp-json\/wp\/v2\/types\/post"}],"author":[{"embeddable":true,"href":"https:\/\/www.europesays.com\/fr\/wp-json\/wp\/v2\/users\/2"}],"replies":[{"embeddable":true,"href":"https:\/\/www.europesays.com\/fr\/wp-json\/wp\/v2\/comments?post=559875"}],"version-history":[{"count":0,"href":"https:\/\/www.europesays.com\/fr\/wp-json\/wp\/v2\/posts\/559875\/revisions"}],"wp:featuredmedia":[{"embeddable":true,"href":"https:\/\/www.europesays.com\/fr\/wp-json\/wp\/v2\/media\/559876"}],"wp:attachment":[{"href":"https:\/\/www.europesays.com\/fr\/wp-json\/wp\/v2\/media?parent=559875"}],"wp:term":[{"taxonomy":"category","embeddable":true,"href":"https:\/\/www.europesays.com\/fr\/wp-json\/wp\/v2\/categories?post=559875"},{"taxonomy":"post_tag","embeddable":true,"href":"https:\/\/www.europesays.com\/fr\/wp-json\/wp\/v2\/tags?post=559875"}],"curies":[{"name":"wp","href":"https:\/\/api.w.org\/{rel}","templated":true}]}}