{"id":559877,"date":"2025-11-26T11:51:21","date_gmt":"2025-11-26T11:51:21","guid":{"rendered":"https:\/\/www.europesays.com\/fr\/559877\/"},"modified":"2025-11-26T11:51:21","modified_gmt":"2025-11-26T11:51:21","slug":"le-plus-beau-marche-de-noel-de-la-nouvelle-aquitaine","status":"publish","type":"post","link":"https:\/\/www.europesays.com\/fr\/559877\/","title":{"rendered":"Le plus beau march\u00e9 de No\u00ebl de la Nouvelle-Aquitaine"},"content":{"rendered":"<p>Imagine un d\u00e9cor de carte postale : des ruelles m\u00e9di\u00e9vales illumin\u00e9es, des chalets en bois d\u00e9cor\u00e9s de guirlandes scintillantes et cette d\u00e9licieuse odeur de vin chaud qui flotte dans l\u2019air\u2026 <\/p>\n<p style=\"font-size:16px\">\u00c0 seulement deux heures de<strong> <a href=\"http:\/\/Bordeaux.fr\" target=\"_blank\" rel=\"noreferrer noopener\">Bordeaux,<\/a> <\/strong>le march\u00e9 de No\u00ebl de<a href=\"https:\/\/www.sarlat-tourisme.com\" target=\"_blank\" rel=\"noreferrer noopener\"> <strong>Sarlat<\/strong><\/a> t\u2019invite \u00e0 plonger dans la magie des f\u00eates. Avec plus de<strong> 300 000 visiteurs chaque ann\u00e9e<\/strong>, il est consid\u00e9r\u00e9 comme\u00a0<strong>le plus beau march\u00e9 de No\u00ebl de Nouvelle-Aquitaine<\/strong>. Et pour <strong>2025,<\/strong> il promet encore un voyage exceptionnel\u2026 direction<strong> les territoires d\u2019Outre-Mer, sans quitter le P\u00e9rigord !<\/strong><\/p>\n<p><img fetchpriority=\"high\" decoding=\"async\" width=\"1024\" height=\"512\" src=\"https:\/\/www.bougerabordeaux.com\/wp-content\/uploads\/2025\/11\/DAN_9040-1920x960-1-1024x512.webp\" alt=\"\" class=\"wp-image-86858\"  \/>Ruelles m\u00e9di\u00e9vales illumin\u00e9es et chalets en bois : la magie de No\u00ebl s\u2019invite \u00e0 Sarlat !\u00a9Sarlat Tourisme<\/p>\n<p style=\"font-size:16px\"><strong>Du 3 au 31 d\u00e9cembre 2025<\/strong>, Sarlat se transforme en v\u00e9ritable <strong>village de No\u00ebl.<\/strong> Ici, pas besoin de d\u00e9cors artificiels :<strong> l\u2019architecture m\u00e9di\u00e9vale de la ville fait d\u00e9j\u00e0 tout le travail.<\/strong> Les 70 chalets install\u00e9s sur les places principales cr\u00e9ent une atmosph\u00e8re chaleureuse et conviviale, id\u00e9ale pour fl\u00e2ner, faire tes cadeaux ou simplement te laisser emporter par l\u2019esprit des f\u00eates.<\/p>\n<p style=\"font-size:16px\">Chaque ann\u00e9e, le march\u00e9 se distingue par <strong>son ambiance unique<\/strong>. Ici, <strong>No\u00ebl ne se limite pas \u00e0 une d\u00e9coration : <\/strong>il s\u2019int\u00e8gre naturellement \u00e0 la ville.<strong> Lumi\u00e8res, senteurs, animations\u2026<\/strong> tout est pens\u00e9 pour que ton passage \u00e0 Sarlat soit inoubliable.<\/p>\n<p style=\"font-size:16px\"><strong>Cette ann\u00e9e<\/strong>, <strong>le march\u00e9 de No\u00ebl t\u2019embarque pour un voyage exotique<\/strong> : direction les\u00a0<strong>territoires ultramarins<\/strong>\u00a0! La <strong>R\u00e9union, la Guadeloupe, la Polyn\u00e9sie\u2026<\/strong> ces destinations inspirent les d\u00e9corations, les animations et certains chalets. Couleurs \u00e9clatantes, saveurs in\u00e9dites et ambiance tropicale : c\u2019est l\u2019occasion de vivre un No\u00ebl pas comme les autres, tout en restant en Dordogne.<\/p>\n<p><img loading=\"lazy\" decoding=\"async\" width=\"1024\" height=\"531\" src=\"https:\/\/www.europesays.com\/fr\/wp-content\/uploads\/2025\/11\/marche-de-noel-de-sarlat-pere-noel3-1024x531.jpeg\" alt=\"\" class=\"wp-image-86859\"  \/>Voyage aux Outre-Mer depuis le P\u00e9rigord : couleurs et saveurs exotiques au march\u00e9 de No\u00ebl 2025.\u00a9Sarlat Tourisme<\/p>\n<p style=\"font-size:16px\">Alors, <strong>pr\u00eat \u00e0 te perdre dans les ruelles illumin\u00e9es de Sarlat,<\/strong> \u00e0 d\u00e9guster des sp\u00e9cialit\u00e9s locales et \u00e0 voyager aux <strong>Outre-Mer<\/strong> sans prendre l\u2019avion ? <strong>Ce No\u00ebl, le plus beau march\u00e9 de Nouvelle-Aquitaine t\u2019attend !<\/strong><\/p>\n<p class=\"has-text-align-center\" style=\"font-size:16px\"><strong>On y va ? <\/strong><br \/>\ud83d\udccd Places de la Grande Rigaudie, de la Libert\u00e9 et du 14 Juillet<br \/>\ud83d\udcc5 Du 3 au 31 d\u00e9cembre 2025 <br \/>tous les jours de 10h \u00e0 20h et soirs prolong\u00e9s\u00a0jusqu\u2019\u00e0 22h les vendredis et samedis<br \/>\ud83d\udc9b Ouvert \u00e0 tous.tes<\/p>\n<p style=\"font-size:16px\">\u00c0 lire aussi : <a href=\"https:\/\/www.bougerabordeaux.com\/actu\/news\/bordeaux-la-tremie-du-pont-simone-veil-rouvre-plus-tot-que-prevu\/\" target=\"_blank\" rel=\"noreferrer noopener\">Bordeaux : la tr\u00e9mie du pont Simone-Veil rouvre plus t\u00f4t que pr\u00e9vu !<\/a><\/p>\n","protected":false},"excerpt":{"rendered":"Imagine un d\u00e9cor de carte postale : des ruelles m\u00e9di\u00e9vales illumin\u00e9es, des chalets en bois d\u00e9cor\u00e9s de guirlandes&hellip;\n","protected":false},"author":2,"featured_media":559878,"comment_status":"","ping_status":"","sticky":false,"template":"","format":"standard","meta":{"footnotes":""},"categories":[2817],"tags":[1111,11,1997,1777,674,1011,27,12,2219,25],"class_list":{"0":"post-559877","1":"post","2":"type-post","3":"status-publish","4":"format-standard","5":"has-post-thumbnail","7":"category-bordeaux","8":"tag-actu","9":"tag-actualites","10":"tag-bordeaux","11":"tag-eu","12":"tag-europe","13":"tag-fr","14":"tag-france","15":"tag-news","16":"tag-nouvelle-aquitaine","17":"tag-republique-francaise"},"share_on_mastodon":{"url":"https:\/\/pubeurope.com\/@fr\/115615857891323642","error":""},"_links":{"self":[{"href":"https:\/\/www.europesays.com\/fr\/wp-json\/wp\/v2\/posts\/559877","targetHints":{"allow":["GET"]}}],"collection":[{"href":"https:\/\/www.europesays.com\/fr\/wp-json\/wp\/v2\/posts"}],"about":[{"href":"https:\/\/www.europesays.com\/fr\/wp-json\/wp\/v2\/types\/post"}],"author":[{"embeddable":true,"href":"https:\/\/www.europesays.com\/fr\/wp-json\/wp\/v2\/users\/2"}],"replies":[{"embeddable":true,"href":"https:\/\/www.europesays.com\/fr\/wp-json\/wp\/v2\/comments?post=559877"}],"version-history":[{"count":0,"href":"https:\/\/www.europesays.com\/fr\/wp-json\/wp\/v2\/posts\/559877\/revisions"}],"wp:featuredmedia":[{"embeddable":true,"href":"https:\/\/www.europesays.com\/fr\/wp-json\/wp\/v2\/media\/559878"}],"wp:attachment":[{"href":"https:\/\/www.europesays.com\/fr\/wp-json\/wp\/v2\/media?parent=559877"}],"wp:term":[{"taxonomy":"category","embeddable":true,"href":"https:\/\/www.europesays.com\/fr\/wp-json\/wp\/v2\/categories?post=559877"},{"taxonomy":"post_tag","embeddable":true,"href":"https:\/\/www.europesays.com\/fr\/wp-json\/wp\/v2\/tags?post=559877"}],"curies":[{"name":"wp","href":"https:\/\/api.w.org\/{rel}","templated":true}]}}