{"id":559879,"date":"2025-11-26T11:52:18","date_gmt":"2025-11-26T11:52:18","guid":{"rendered":"https:\/\/www.europesays.com\/fr\/559879\/"},"modified":"2025-11-26T11:52:18","modified_gmt":"2025-11-26T11:52:18","slug":"video-le-bon-plan-culture-sans-depenser-un-euro-les-musees-de-bordeaux-sont-gratuits-chaque-premier-dimanche-du-mois","status":"publish","type":"post","link":"https:\/\/www.europesays.com\/fr\/559879\/","title":{"rendered":"VID\u00c9O &#8211; Le bon plan culture sans d\u00e9penser un euro\u00a0: les mus\u00e9es de Bordeaux sont gratuits chaque premier dimanche du mois"},"content":{"rendered":"<p>Chaque premier dimanche du mois, cinq mus\u00e9es bordelais ouvrent gratuitement leurs portes. Une initiative qui d\u00e9mocratise l&rsquo;acc\u00e8s \u00e0 la culture et fait tripler la fr\u00e9quentation, avec jusqu&rsquo;\u00e0 2000 visiteurs au mus\u00e9e d&rsquo;Aquitaine.<\/p>\n<p>D\u00e8s l&rsquo;ouverture des portes, la file d&rsquo;attente est d\u00e9j\u00e0 impressionnante. Au mus\u00e9e d&rsquo;Aquitaine, ils sont des dizaines, impatients de franchir le seuil. Familles, couples, groupes d&rsquo;amis, touristes de passage&#8230; Tous partagent aujourd&rsquo;hui le m\u00eame privil\u00e8ge\u00a0: d\u00e9couvrir gratuitement les tr\u00e9sors culturels de Bordeaux. Une aubaine qui transforme radicalement la physionomie de ces lieux habituellement plus calmes.<\/p>\n<p>L&rsquo;impact de cette gratuit\u00e9 mensuelle est spectaculaire. Au mus\u00e9e d&rsquo;Aquitaine, la fr\u00e9quentation peut tripler pour atteindre jusqu&rsquo;\u00e0 2000 visiteurs en une seule journ\u00e9e. Un afflux qui t\u00e9moigne d&rsquo;une r\u00e9elle soif de culture lorsque la barri\u00e8re financi\u00e8re dispara\u00eet. \u00ab\u00a0On a aussi en cette p\u00e9riode de l&rsquo;ann\u00e9e encore des touristes qui viennent, qui sont en s\u00e9jour court sur Bordeaux et qui viennent visiter le mus\u00e9e, avoir une bonne introduction ou compl\u00e9ment \u00e0 la visite de Bordeaux\u00a0\u00bb, explique Marion Blancher, responsable du service des publics au Mus\u00e9e d&rsquo;Aquitaine.<\/p>\n<p>Si les habitants de l&rsquo;agglom\u00e9ration constituent le gros des troupes, les touristes ne boudent pas non plus cette opportunit\u00e9. Pour eux, c&rsquo;est l&rsquo;occasion d&rsquo;enrichir leur d\u00e9couverte de la ville sans grever leur budget vacances. Dans une m\u00e9tropole o\u00f9 l&rsquo;entr\u00e9e plein tarif co\u00fbte g\u00e9n\u00e9ralement 8 euros, l&rsquo;\u00e9conomie n&rsquo;est pas n\u00e9gligeable, surtout pour une famille.<\/p>\n<p>Des habitu\u00e9s conquis<\/p>\n<p>Pour certains Bordelais, ce rendez-vous mensuel est devenu un rituel. \u00ab\u00a0C&rsquo;est vrai que c&rsquo;est l&rsquo;occasion de d\u00e9couvrir des mus\u00e9es ou d&rsquo;y retourner en fait. Il y en a certains o\u00f9 on y va assez r\u00e9guli\u00e8rement. Et comme les expositions changent, \u00e7a permet de se renouveler un peu\u00a0\u00bb, confie une visiteuse enthousiaste. Cette fid\u00e9lit\u00e9 s&rsquo;explique par la diversit\u00e9 de l&rsquo;offre et le renouvellement r\u00e9gulier des expositions temporaires.<\/p>\n<p> <img decoding=\"async\" src=\"https:\/\/www.europesays.com\/fr\/wp-content\/uploads\/2025\/11\/1764157937_732_1280\" alt=\"illustration agrandir l'image\" style=\"--_image-preview:url('data:image\/jpeg;base64,\/9j\/2wBDACgcHiMeGSgjISMtKygwPGRBPDc3PHtYXUlkkYCZlo+AjIqgtObDoKrarYqMyP\/L2u71\/\/\/\/m8H\/\/\/\/6\/+b9\/\/j\/2wBDASstLTw1PHZBQXb4pYyl+Pj4+Pj4+Pj4+Pj4+Pj4+Pj4+Pj4+Pj4+Pj4+Pj4+Pj4+Pj4+Pj4+Pj4+Pj4+Pj4+Pj\/wAARCAAXACoDASIAAhEBAxEB\/8QAGAABAQEBAQAAAAAAAAAAAAAAAAIBAwX\/xAAYEAEBAQEBAAAAAAAAAAAAAAAAEQECEv\/EABUBAQEAAAAAAAAAAAAAAAAAAAAB\/8QAFBEBAAAAAAAAAAAAAAAAAAAAAP\/aAAwDAQACEQMRAD8A87cZuLhEHKNi42AjOVeVZioonGwEVsIAjQFH\/9k=');\" loading=\"lazy\" fetchpriority=\"low\" class=\"svelte-1cksh76 rounded\" onload=\"this.__e=event\" onerror=\"this.__e=event\"\/> De nouveaux publics peuvent appr\u00e9cier les collections permanentes de cinq mus\u00e9es bordelais sans d\u00e9penser un euro. \u00a9 France T\u00e9l\u00e9visions &#8211; France 3 Aquitaine  <\/p>\n<p>Au mus\u00e9e d&rsquo;art contemporain, le CAPC, une famille install\u00e9e \u00e0 Bordeaux depuis deux ans profite de cette journ\u00e9e pour d\u00e9couvrir le lieu pour la premi\u00e8re fois. \u00ab\u00a0Pas de ticket aujourd&rsquo;hui, premier dimanche du mois\u00a0\u00bb, lance l&rsquo;agent d&rsquo;accueil avec un sourire.<br \/>Pour ces parents et leurs enfants, quatre entr\u00e9es gratuites repr\u00e9sentent une \u00e9conomie de 32 euros. \u00ab\u00a0C&rsquo;est un temps que tu peux passer o\u00f9 tu d\u00e9couvres plein de nouvelles choses que tu ne vois pas sp\u00e9cialement tous les jours. Les enfants n&rsquo;ont pas forc\u00e9ment envie de passer toute une apr\u00e8s-midi dans un mus\u00e9e. Donc, \u00e7a nous permet d&rsquo;y aller un peu moins longtemps, un peu plus souvent\u00a0\u00bb, explique l&rsquo;un des parents.<\/p>\n<p>Cette flexibilit\u00e9 transforme compl\u00e8tement l&rsquo;exp\u00e9rience mus\u00e9ale. Lib\u00e9r\u00e9s de la culpabilit\u00e9 d&rsquo;avoir pay\u00e9 une entr\u00e9e, les visiteurs s&rsquo;autorisent des visites plus courtes, plus spontan\u00e9es. \u00ab\u00a0Et puis, \u00e7a leur pla\u00eet, \u00e7a ne leur pla\u00eet pas. On peut y venir, rester une demi-heure ou rester toute l&rsquo;apr\u00e8s-midi en fonction de ce qu&rsquo;ils en pensent\u00a0\u00bb, poursuit une maman conquise, d\u00e9crivant une approche plus d\u00e9contract\u00e9e de la culture.<\/p>\n<p><a href=\"https:\/\/www.youtube.com\/watch?v=85R_pBF4oco\" target=\"_blank\" rel=\"noopener noreferrer\" class=\"Youtube svelte-isxgy6\" style=\"background-image: url(https:\/\/i.ytimg.com\/vi\/85R_pBF4oco\/sddefault.jpg);\"><\/p>\n<p>Cinq mus\u00e9es gratuits de Bordeaux attirent habitants et touristes chaque premier dimanche du mois<\/p>\n<p> <\/a> D\u00e9mocratiser l&rsquo;acc\u00e8s \u00e0 l&rsquo;art contemporain<\/p>\n<p>Au-del\u00e0 de l&rsquo;aspect \u00e9conomique, cette initiative vise un objectif plus profond\u00a0: toucher un public qui ne franchirait jamais spontan\u00e9ment le seuil d&rsquo;un mus\u00e9e. \u00ab\u00a0La culture, c&rsquo;est vrai que parfois on pense que c&rsquo;est un peu \u00e9litiste, alors que pas du tout. Et au contraire, \u00e7a incite vraiment les gens \u00e0 s&rsquo;y int\u00e9resser, m\u00eame si de prime abord, ils ne seraient pas all\u00e9s venir visiter le mus\u00e9e\u00a0\u00bb, t\u00e9moigne Sandrine Patron, directrice du CAPC.<\/p>\n<p> <img decoding=\"async\" src=\"https:\/\/www.europesays.com\/fr\/wp-content\/uploads\/2025\/11\/1764157938_472_1280\" alt=\"illustration agrandir l'image\" style=\"--_image-preview:url('data:image\/jpeg;base64,\/9j\/2wBDACgcHiMeGSgjISMtKygwPGRBPDc3PHtYXUlkkYCZlo+AjIqgtObDoKrarYqMyP\/L2u71\/\/\/\/m8H\/\/\/\/6\/+b9\/\/j\/2wBDASstLTw1PHZBQXb4pYyl+Pj4+Pj4+Pj4+Pj4+Pj4+Pj4+Pj4+Pj4+Pj4+Pj4+Pj4+Pj4+Pj4+Pj4+Pj4+Pj4+Pj\/wAARCAAXACoDASIAAhEBAxEB\/8QAGAABAAMBAAAAAAAAAAAAAAAAAAECAwX\/xAAYEAEBAQEBAAAAAAAAAAAAAAAAARECEv\/EABUBAQEAAAAAAAAAAAAAAAAAAAAB\/8QAFBEBAAAAAAAAAAAAAAAAAAAAAP\/aAAwDAQACEQMRAD8A5\/lOL4Yiq4Y0kMBlYjGligNEgCYUAU6VAH\/\/2Q==');\" loading=\"lazy\" fetchpriority=\"low\" class=\"svelte-1cksh76 rounded\" onload=\"this.__e=event\" onerror=\"this.__e=event\"\/> Le CAPC ouvre ses portes gratuitement chaque premier dimanche du mois et accueille de nouveaux publics. \u00a9 France T\u00e9l\u00e9visions &#8211; France 3 Aquitaine  <\/p>\n<p>Pour les \u00e9quipes du CAPC, mus\u00e9e d&rsquo;art contemporain, cet enjeu est particuli\u00e8rement crucial. \u00ab\u00a0Un public qui ne serait pas venu sans \u00e7a, qui a peut-\u00eatre encore un petit peu du mal. L&rsquo;art contemporain, parfois, \u00e7a fait encore un peu peur. Et de se dire, voil\u00e0, je vais faire, je vais tester, je vais faire l&rsquo;exp\u00e9rience\u00a0\u00bb, explique Sandrine Patron. La gratuit\u00e9 devient ainsi un outil de m\u00e9diation culturelle, permettant d&rsquo;apprivoiser des formes d&rsquo;art r\u00e9put\u00e9es intimidantes ou herm\u00e9tiques.<\/p>\n<p>Cette strat\u00e9gie semble porter ses fruits. En supprimant le frein financier, les mus\u00e9es bordelais brisent aussi les barri\u00e8res psychologiques. Les visiteurs peuvent exp\u00e9rimenter, se tromper, ne pas aimer, sans avoir l&rsquo;impression de gaspiller leur argent. Cette libert\u00e9 est pr\u00e9cieuse pour cr\u00e9er un lien durable avec les institutions culturelles.<br \/>Pour fl\u00e2ner, se cultiver et s&rsquo;\u00e9merveiller sans d\u00e9penser un euro, le premier dimanche du mois est devenu le jour id\u00e9al.<\/p>\n","protected":false},"excerpt":{"rendered":"Chaque premier dimanche du mois, cinq mus\u00e9es bordelais ouvrent gratuitement leurs portes. Une initiative qui d\u00e9mocratise l&rsquo;acc\u00e8s \u00e0&hellip;\n","protected":false},"author":2,"featured_media":559880,"comment_status":"","ping_status":"","sticky":false,"template":"","format":"standard","meta":{"footnotes":""},"categories":[2817],"tags":[1111,11,1997,1777,674,1011,27,12,2219,25],"class_list":{"0":"post-559879","1":"post","2":"type-post","3":"status-publish","4":"format-standard","5":"has-post-thumbnail","7":"category-bordeaux","8":"tag-actu","9":"tag-actualites","10":"tag-bordeaux","11":"tag-eu","12":"tag-europe","13":"tag-fr","14":"tag-france","15":"tag-news","16":"tag-nouvelle-aquitaine","17":"tag-republique-francaise"},"share_on_mastodon":{"url":"https:\/\/pubeurope.com\/@fr\/115615861745095337","error":""},"_links":{"self":[{"href":"https:\/\/www.europesays.com\/fr\/wp-json\/wp\/v2\/posts\/559879","targetHints":{"allow":["GET"]}}],"collection":[{"href":"https:\/\/www.europesays.com\/fr\/wp-json\/wp\/v2\/posts"}],"about":[{"href":"https:\/\/www.europesays.com\/fr\/wp-json\/wp\/v2\/types\/post"}],"author":[{"embeddable":true,"href":"https:\/\/www.europesays.com\/fr\/wp-json\/wp\/v2\/users\/2"}],"replies":[{"embeddable":true,"href":"https:\/\/www.europesays.com\/fr\/wp-json\/wp\/v2\/comments?post=559879"}],"version-history":[{"count":0,"href":"https:\/\/www.europesays.com\/fr\/wp-json\/wp\/v2\/posts\/559879\/revisions"}],"wp:featuredmedia":[{"embeddable":true,"href":"https:\/\/www.europesays.com\/fr\/wp-json\/wp\/v2\/media\/559880"}],"wp:attachment":[{"href":"https:\/\/www.europesays.com\/fr\/wp-json\/wp\/v2\/media?parent=559879"}],"wp:term":[{"taxonomy":"category","embeddable":true,"href":"https:\/\/www.europesays.com\/fr\/wp-json\/wp\/v2\/categories?post=559879"},{"taxonomy":"post_tag","embeddable":true,"href":"https:\/\/www.europesays.com\/fr\/wp-json\/wp\/v2\/tags?post=559879"}],"curies":[{"name":"wp","href":"https:\/\/api.w.org\/{rel}","templated":true}]}}