{"id":55988,"date":"2025-04-27T04:29:37","date_gmt":"2025-04-27T04:29:37","guid":{"rendered":"https:\/\/www.europesays.com\/fr\/55988\/"},"modified":"2025-04-27T04:29:37","modified_gmt":"2025-04-27T04:29:37","slug":"patrice-evra-va-faire-ses-debuts-au-pfl-paris","status":"publish","type":"post","link":"https:\/\/www.europesays.com\/fr\/55988\/","title":{"rendered":"Patrice Evra va faire ses d\u00e9buts au PFL Paris"},"content":{"rendered":"<p>Annonc\u00e9 ce vendredi par la Professional Fighters League (PFL), l\u2019ancien joueur de l\u2019OM, Patrice Evra va faire ses d\u00e9buts amateurs en MMA, lors du PFL Europe Paris, le 23 mai prochain \u00e0 l\u2019Accor Arena de Bercy.<\/p>\n<p class=\"fig-paragraph\">Vers une reconversion\u00a0? Connu pour son adresse du pied gauche, au cours d\u2019une carri\u00e8re de joueur plus que confirm\u00e9e, Patrice Evra va prochainement faire ses d\u00e9buts dans le MMA au PFL Europe Paris dans la cat\u00e9gorie amateur. L\u2019organisation a annonc\u00e9 ce vendredi la participation de l\u2019ancien Mancunien, lui qui s\u2019est longtemps affich\u00e9 au cours de ces derni\u00e8res ann\u00e9es, avec le combattant C\u00e9dric Doumb\u00e8, va pouvoir r\u00e9aliser son r\u00eave le 23 mai prochain \u00e0 l\u2019Accor Arena de Bercy.<\/p>\n<p class=\"fig-paragraph\">\u00c0 tout juste 43 ans, l\u2019ancien lat\u00e9ral gauche a annonc\u00e9 la couleur dans un communiqu\u00e9 du PFL\u00a0: \u00abVous devriez le savoir maintenant, I love this game moi aussi\u00a0! J\u2019ai jou\u00e9 sur les plus grandes sc\u00e8nes du monde, remport\u00e9 tous les plus grands troph\u00e9es du football, mais le PFL Europe Paris sera une soir\u00e9e vraiment sp\u00e9ciale pour moi.\u00bb<\/p>\n<p class=\"fig-paragraph\">Une annonce qui a beaucoup fait r\u00e9agir le monde du MMA, avec \u00e9galement la r\u00e9action de Peter Murray, PDG du PFL : \u00abOn me dit qu\u2019il aime ce sport autant que nous, et on le d\u00e9couvrira le 23 mai\u00a0! Nous sommes extr\u00eamement heureux d\u2019avoir une superstar comme Patrice Evra sous la banni\u00e8re du PFL. Nous cherchons \u00e0 proposer des combats spectaculaires et \u00e0 \u00e9crire l\u2019histoire. Je ne peux pas vous dire \u00e0 quel point Patrice est enthousiaste \u00e0 l\u2019id\u00e9e de monter dans la cage \u2013 vous le verrez par vous-m\u00eame \u00e0 l\u2019Accor Arena. Paris, on arrive pour une nouvelle soir\u00e9e historique de MMA, ne manquez pas \u00e7a\u00a0!\u00bb<\/p>\n<p class=\"fig-paragraph\">Patrice Evra sera \u00e0 l\u2019affiche aux c\u00f4t\u00e9s d\u2019autres grands noms du MMA fran\u00e7ais comme Mansour \u201cTarzan\u201d Barnaoui oppos\u00e9 \u00e0 Archie \u201cKing\u201d Colgan ou encore Taylor Lapilus contre Ali Taleb.<\/p>\n","protected":false},"excerpt":{"rendered":"Annonc\u00e9 ce vendredi par la Professional Fighters League (PFL), l\u2019ancien joueur de l\u2019OM, Patrice Evra va faire ses&hellip;\n","protected":false},"author":2,"featured_media":55989,"comment_status":"","ping_status":"","sticky":false,"template":"","format":"standard","meta":{"footnotes":""},"categories":[1888],"tags":[1111,1928,11,1927,15110,15112,1777,674,1011,27,15113,1847,12,1926,626,1925,14650,8088,25,1849,15111],"class_list":{"0":"post-55988","1":"post","2":"type-post","3":"status-publish","4":"format-standard","5":"has-post-thumbnail","7":"category-paris","8":"tag-actu","9":"tag-actu-paris","10":"tag-actualites","11":"tag-actualites-paris","12":"tag-arts-martiaux-mixtes","13":"tag-combats","14":"tag-eu","15":"tag-europe","16":"tag-fr","17":"tag-france","18":"tag-legalisation","19":"tag-mma","20":"tag-news","21":"tag-news-paris","22":"tag-paris","23":"tag-paris-news","24":"tag-patrice-evra","25":"tag-reglementation","26":"tag-republique-francaise","27":"tag-ufc","28":"tag-ultimate-fighting-championship"},"share_on_mastodon":{"url":"https:\/\/pubeurope.com\/@fr\/114408047525065633","error":""},"_links":{"self":[{"href":"https:\/\/www.europesays.com\/fr\/wp-json\/wp\/v2\/posts\/55988","targetHints":{"allow":["GET"]}}],"collection":[{"href":"https:\/\/www.europesays.com\/fr\/wp-json\/wp\/v2\/posts"}],"about":[{"href":"https:\/\/www.europesays.com\/fr\/wp-json\/wp\/v2\/types\/post"}],"author":[{"embeddable":true,"href":"https:\/\/www.europesays.com\/fr\/wp-json\/wp\/v2\/users\/2"}],"replies":[{"embeddable":true,"href":"https:\/\/www.europesays.com\/fr\/wp-json\/wp\/v2\/comments?post=55988"}],"version-history":[{"count":0,"href":"https:\/\/www.europesays.com\/fr\/wp-json\/wp\/v2\/posts\/55988\/revisions"}],"wp:featuredmedia":[{"embeddable":true,"href":"https:\/\/www.europesays.com\/fr\/wp-json\/wp\/v2\/media\/55989"}],"wp:attachment":[{"href":"https:\/\/www.europesays.com\/fr\/wp-json\/wp\/v2\/media?parent=55988"}],"wp:term":[{"taxonomy":"category","embeddable":true,"href":"https:\/\/www.europesays.com\/fr\/wp-json\/wp\/v2\/categories?post=55988"},{"taxonomy":"post_tag","embeddable":true,"href":"https:\/\/www.europesays.com\/fr\/wp-json\/wp\/v2\/tags?post=55988"}],"curies":[{"name":"wp","href":"https:\/\/api.w.org\/{rel}","templated":true}]}}