{"id":559885,"date":"2025-11-26T11:55:19","date_gmt":"2025-11-26T11:55:19","guid":{"rendered":"https:\/\/www.europesays.com\/fr\/559885\/"},"modified":"2025-11-26T11:55:19","modified_gmt":"2025-11-26T11:55:19","slug":"lille-arrive-en-tete-des-marches-de-noel-2025","status":"publish","type":"post","link":"https:\/\/www.europesays.com\/fr\/559885\/","title":{"rendered":"Lille arrive en t\u00eate des march\u00e9s de No\u00ebl 2025"},"content":{"rendered":"<p><b>Lille d\u00e9tr\u00f4ne tout le monde (m\u00eame Strasbourg)<\/b>&#13;<\/p>\n<p>Chaque ann\u00e9e, la comp\u00e9tition est f\u00e9roce. Les villes d\u00e9gainent leurs chalets, leurs guirlandes, leurs grandes roues, leurs vitrines lumineuses\u2026 et le public, lui, tranche avec ses recherches Google.<br \/><strong>Sauf que cette fois-ci, c\u2019est Lille qui prend la premi\u00e8re place,<\/strong> loin devant toutes les autres. <strong>Avec +881 % de recherches en un mois,<\/strong> la capitale des Flandres devient la destination No\u00ebl que tout le monde veut voir.<\/p>\n<p>&#13;<\/p>\n<p>Install\u00e9 sur la Place Rihour,<strong> <a href=\"https:\/\/www.lebonbon.fr\/lille\/good-news\/lille-s-illumine-village-noel-ouvre-ses-portes\/\" target=\"_blank\" rel=\"noopener\">le march\u00e9 de No\u00ebl de Lille<\/a> attire pr\u00e8s d\u2019un million de visiteurs<\/strong> chaque ann\u00e9e, mais cette saison, les projecteurs semblent braqu\u00e9s encore un peu plus fort. On y vient pour <strong>l\u2019ambiance, la grande roue, les lumi\u00e8res, les gourmandises, les cadeaux<\/strong>\u2026 et surtout cette chaleur humaine made in Nord que personne ne sait copier.<\/p>\n<p>&#13;<\/p>\n<blockquote class=\"instagram-media\" data-instgrm-permalink=\"https:\/\/www.instagram.com\/p\/DRRnCSuDt3b\/?utm_source=ig_embed&amp;utm_campaign=loading\" data-instgrm-version=\"14\" style=\"background: #FFF; border: 0; border-radius: 3px; box-shadow: 0 0 1px 0 rgba(0,0,0,0.5),0 1px 10px 0 rgba(0,0,0,0.15); margin: 1px; max-width: 540px; min-width: 326px; padding: 0; width: calc(100% - 2px);\"><p>&#13;<br \/>\n&#13;\n<\/p><\/blockquote>\n<p>&#13;<br \/>\n&#13;<br \/>\n<b>Pourquoi Lille pla\u00eet autant cette ann\u00e9e\u00a0?<\/b>&#13;<\/p>\n<p>Parce que<strong> le march\u00e9 de Lille a cette magie particuli\u00e8re<\/strong>\u00a0: il est grand, mais jamais impersonnel.<br \/>Il est lumineux, mais jamais kitsch. Il est populaire, mais jamais surjou\u00e9. Parfait pour se promener apr\u00e8s le boulot, pour boire un vin chaud avec les potes, pour craquer sur un objet artisanal, pour d\u00e9crocher compl\u00e8tement de la grisaille de novembre. Et chaque ann\u00e9e, le charme op\u00e8re\u00a0: mais en 2025, l\u2019euphorie semble contagieuse.<\/p>\n<p>&#13;<\/p>\n<p><b>Derri\u00e8re Lille, Arras et Metz compl\u00e8tent le podium<\/b><\/p>\n<p>&#13;<\/p>\n<p>En deuxi\u00e8me position, <a href=\"https:\/\/www.lebonbon.fr\/lille\/good-news\/arras-ville-de-noel\/\" target=\"_blank\" rel=\"noopener\"><b>Arras<\/b><\/a> affole aussi les recherches (+827 %). Sa Grand\u2019Place transform\u00e9e en carte postale, son atmosph\u00e8re douce, sa patinoire couverte\u2026, un autre bijou du Nord que les Fran\u00e7ais ont clairement rep\u00e9r\u00e9.<\/p>\n<p>&#13;<\/p>\n<p>Juste apr\u00e8s, <b>Metz<\/b> arrive troisi\u00e8me (+542 %), avec ses march\u00e9s r\u00e9partis sur plusieurs places, sa pyramide de No\u00ebl g\u00e9ante, ses gourmandises et sa parade de Saint-Nicolas qui enchante toute la ville.<\/p>\n<p>&#13;<\/p>\n<p>Si on r\u00e9sume\u00a0: <b>le Nord, l\u2019Est et les Hauts-de-France prennent clairement <a href=\"https:\/\/www.lebonbon.fr\/lille\/les-tops-spots\/meilleures-villes-hauts-de-france-noel\/\" target=\"_blank\" rel=\"noopener\">le lead sur No\u00ebl <\/a>cette ann\u00e9e.<\/b><b\/><\/p>\n<p>&#13;<\/p>\n<blockquote class=\"instagram-media\" data-instgrm-permalink=\"https:\/\/www.instagram.com\/reel\/DRfRwYICGUJ\/?utm_source=ig_embed&amp;utm_campaign=loading\" data-instgrm-version=\"14\" style=\"background: #FFF; border: 0; border-radius: 3px; box-shadow: 0 0 1px 0 rgba(0,0,0,0.5),0 1px 10px 0 rgba(0,0,0,0.15); margin: 1px; max-width: 540px; min-width: 326px; padding: 0; width: calc(100% - 2px);\"><p>&#13;<br \/>\n&#13;\n<\/p><\/blockquote>\n<p>&#13;<br \/>\n&#13;<br \/>\n<b>Une fiert\u00e9 locale qu\u2019on savoure<\/b>&#13;<\/p>\n<p><strong>Lille premi\u00e8re du classemen<\/strong>t, c\u2019est une reconnaissance de l\u2019ambiance qu\u2019on sait cr\u00e9er ici. Une ville lumineuse, vivante, g\u00e9n\u00e9reuse, o\u00f9 les f\u00eates ne sont pas juste d\u00e9coratives\u00a0: elles rassemblent.<br \/>On ne sera pas surpris si le march\u00e9 de No\u00ebl bat des records de fr\u00e9quentation cette ann\u00e9e\u2026 mais on sera ravis d\u2019y croiser toute la France.<\/p>\n<p>&#13;<\/p>\n<p><b>March\u00e9 de No\u00ebl de Lille<br \/>Place Rihour, Lille<br \/>Du 19 novembre au 30 d\u00e9cembre 2025<\/b><\/p>\n<p><script async src=\"\/\/www.instagram.com\/embed.js\"><\/script><\/p>\n","protected":false},"excerpt":{"rendered":"Lille d\u00e9tr\u00f4ne tout le monde (m\u00eame Strasbourg)&#13; Chaque ann\u00e9e, la comp\u00e9tition est f\u00e9roce. Les villes d\u00e9gainent leurs chalets,&hellip;\n","protected":false},"author":2,"featured_media":559886,"comment_status":"","ping_status":"","sticky":false,"template":"","format":"standard","meta":{"footnotes":""},"categories":[2815],"tags":[1111,11,1777,674,1011,27,811,1307,12,25],"class_list":{"0":"post-559885","1":"post","2":"type-post","3":"status-publish","4":"format-standard","5":"has-post-thumbnail","7":"category-lille","8":"tag-actu","9":"tag-actualites","10":"tag-eu","11":"tag-europe","12":"tag-fr","13":"tag-france","14":"tag-hauts-de-france","15":"tag-lille","16":"tag-news","17":"tag-republique-francaise"},"share_on_mastodon":{"url":"https:\/\/pubeurope.com\/@fr\/115615874144223006","error":""},"_links":{"self":[{"href":"https:\/\/www.europesays.com\/fr\/wp-json\/wp\/v2\/posts\/559885","targetHints":{"allow":["GET"]}}],"collection":[{"href":"https:\/\/www.europesays.com\/fr\/wp-json\/wp\/v2\/posts"}],"about":[{"href":"https:\/\/www.europesays.com\/fr\/wp-json\/wp\/v2\/types\/post"}],"author":[{"embeddable":true,"href":"https:\/\/www.europesays.com\/fr\/wp-json\/wp\/v2\/users\/2"}],"replies":[{"embeddable":true,"href":"https:\/\/www.europesays.com\/fr\/wp-json\/wp\/v2\/comments?post=559885"}],"version-history":[{"count":0,"href":"https:\/\/www.europesays.com\/fr\/wp-json\/wp\/v2\/posts\/559885\/revisions"}],"wp:featuredmedia":[{"embeddable":true,"href":"https:\/\/www.europesays.com\/fr\/wp-json\/wp\/v2\/media\/559886"}],"wp:attachment":[{"href":"https:\/\/www.europesays.com\/fr\/wp-json\/wp\/v2\/media?parent=559885"}],"wp:term":[{"taxonomy":"category","embeddable":true,"href":"https:\/\/www.europesays.com\/fr\/wp-json\/wp\/v2\/categories?post=559885"},{"taxonomy":"post_tag","embeddable":true,"href":"https:\/\/www.europesays.com\/fr\/wp-json\/wp\/v2\/tags?post=559885"}],"curies":[{"name":"wp","href":"https:\/\/api.w.org\/{rel}","templated":true}]}}