{"id":559887,"date":"2025-11-26T11:56:21","date_gmt":"2025-11-26T11:56:21","guid":{"rendered":"https:\/\/www.europesays.com\/fr\/559887\/"},"modified":"2025-11-26T11:56:21","modified_gmt":"2025-11-26T11:56:21","slug":"la-culture-a-laffiche-en-decembre-actualites","status":"publish","type":"post","link":"https:\/\/www.europesays.com\/fr\/559887\/","title":{"rendered":"La culture \u00e0 l&rsquo;affiche en d\u00e9cembre \/ Actualit\u00e9s"},"content":{"rendered":"<p>En d\u00e9cembre, Lille s\u2019illumine et s\u2019anime au rythme des f\u00eates. Les lumi\u00e8res, la musique et les rencontres transforment la ville en un lieu de d\u00e9couvertes et de convivialit\u00e9.<\/p>\n<p>Expositions, concerts, spectacles\u2026 La saison de No\u00ebl invite \u00e0 s\u2019\u00e9merveiller et \u00e0 (re)d\u00e9couvrir la richesse culturelle de Lille. Avec <a href=\"https:\/\/www.lille.fr\/Noel-a-Lille\/Des-fetes-de-Noel-en-musique\" target=\"_self\" class=\"lien_interne\" rel=\"noopener\"><strong>No\u00ebl en musique<\/strong><\/a>, les m\u00e9lodies r\u00e9sonnent dans les rues, les \u00e9glises et les lieux embl\u00e9matiques de la ville. Chanteurs et musiciens se produisent pour offrir \u00e0 tous des instants de partage et d\u2019\u00e9motion.<\/p>\n<p>\u00c0 l\u2019Atelier-Galerie Bleu, <a href=\"https:\/\/www.lille.fr\/Que-faire-a-Lille\/Les-grands-evenements\/Fiesta-saison-2025-de-lille3000\/Les-expositions\/Enjoy\" target=\"_self\" class=\"lien_interne\" rel=\"noopener\">l\u2019exposition \u00ab Enjoy ! \u00bb<\/a> explore la cr\u00e9ativit\u00e9 et l\u2019\u00e9lan collectif \u00e0 travers sculptures, croquis et installations. L\u2019art devient ainsi un terrain de jeu accessible \u00e0 tout \u00e2ge.<\/p>\n<p>Enfin \u00e0 l\u2019Op\u00e9ra, <a href=\"https:\/\/www.lille.fr\/Evenements\/Le-Chateau-de-Barbe-Bleue.-Les-Sons-de-la-solitude\" target=\"_self\" class=\"lien_interne\" rel=\"noopener\">Le Ch\u00e2teau de Barbe-Bleue<\/a> &#8211; Les sons de la solitude donne la parole \u00e0 des habitants, seniors et soignants pour \u00e9voquer la solitude et le lien aux autres.<\/p>\n<p>En cette fin d\u2019ann\u00e9e, prenons le temps de profiter de la magie de No\u00ebl, de voir, d\u2019\u00e9couter et de partager, simplement et ensemble.<\/p>\n<p><strong>Chaque mois, l&rsquo;agenda \u00ab\u00a0\u00c0 l\u2019affiche\u00a0\u00bb vous guide \u00e0 travers la programmation riche et inspirante de la culture lilloise !<\/strong><\/p>\n<p>Nos coups de c\u0153urExpo :\u00a0Enjoy<\/p>\n<p><strong>Jusqu&rsquo;au 31 d\u00e9cembre\u00a0&#8211; Atelier-Galerie Bleu<\/strong><\/p>\n<p>Enjoy, c\u2019est cet instant pr\u00e9cis, fragile et joyeux, o\u00f9 les corps, les mots et les \u00e9lans s\u2019accordent. \u00c0 la suite d\u2019une r\u00e9sidence de cr\u00e9ation, Charlotte Lanselle pr\u00e9sente des croquis, sculptures et Faire corps, son installation monumentale r\u00e9alis\u00e9e \u00e0 partir d\u2019une aile de parapente. D\u00e9ployer une voile, ce n\u2019est pas seulement l\u2019ouvrir\u00a0: c\u2019est pr\u00e9parer un envol, partager un effort, s\u2019accorder pour performer.\u00a0<\/p>\n<p>&gt; Gratuit, en acc\u00e8s libre les mercredis et jeudis de 15h \u00e0 17h et le vendredi de 15h \u00e0 18h. Tout public.\u00a0<a href=\"https:\/\/www.lille.fr\/Que-faire-a-Lille\/Les-grands-evenements\/Fiesta-saison-2025-de-lille3000\/Les-expositions\/Enjoy\" target=\"_blank\" class=\"lien_interne\" rel=\"noopener\">Plus d&rsquo;infos<\/a><\/p>\n<p>Concert : Jam Session<\/p>\n<p><strong>Mercredi 3 d\u00e9cembre, 20h30 &#8211; La Malterie, Wazemmes<\/strong><\/p>\n<p>Ambiance \u00e9lectrique, improvisations enflamm\u00e9es et rencontres musicales\u00a0: la sc\u00e8ne jazz s\u2019anime un mercredi par mois avec cette jam session propos\u00e9e par le Conservatoire. Le principe d\u2019une jam session est de r\u00e9unir plusieurs musiciens dans une salle de concert pour jouer ensemble en improvisant. La premi\u00e8re partie de soir\u00e9e est assur\u00e9e par un atelier ou un groupe d\u2019\u00e9tudiants de la classe de jazz.<\/p>\n<p>&gt; Acc\u00e8s libre, sans r\u00e9servation avec une adh\u00e9sion de 1 \u20ac \u00e0 la Malterie (valable pour toute la saison 2025-2026).\u00a0<a href=\"https:\/\/www.lille.fr\/Evenements\/Jam-Session5\" target=\"_blank\" class=\"lien_interne\" rel=\"noopener\">Plus d&rsquo;infos<\/a><\/p>\n<p>No\u00ebl en musique<\/p>\n<p><strong>Du 5 au 27 d\u00e9cembre<\/strong><\/p>\n<p>Venez vivre la magie d\u2019un No\u00ebl en musique, dans des lieux historiques de la ville. Une s\u00e9lection de spectacles et de concerts haute en couleurs pour (re)d\u00e9couvrir le patrimoine autrement.<\/p>\n<p>&gt;\u00a0<a href=\"https:\/\/www.lille.fr\/Noel-a-Lille\/Des-fetes-de-Noel-en-musique\" target=\"_blank\" class=\"lien_interne\" rel=\"noopener\">Plus d&rsquo;infos<\/a><\/p>\n<p>(d\u00e9couvrez notre <a href=\"https:\/\/www.lille.fr\/Noel-a-Lille\" target=\"_self\" class=\"lien_interne\" rel=\"noopener\">site sp\u00e9cial \u00ab\u00a0No\u00ebl \u00e0 Lille<\/a>)<\/p>\n<p>Le Ch\u00e2teau de Barbe-Bleue &#8211; Les sons de la solitude<\/p>\n<p><strong>Les 18 et 19 d\u00e9cembre &#8211; Op\u00e9ra<\/strong><\/p>\n<p>Le jeune metteur en sc\u00e8ne allemand Jeffrey D\u00f6ring revisite l\u2019op\u00e9ra de B\u00e9la Bart\u00f3k dans un spectacle musical immersif et documentaire. Il donne \u00e0 entendre les t\u00e9moignages de seniors et de soignants sur l\u2019exp\u00e9rience de la solitude. Ces r\u00e9cits ont \u00e9t\u00e9 recueillis dans les Hauts-de-France, notamment \u00e0 Lille.<\/p>\n<p>Cet op\u00e9ra comptera la participation de deux pianistes ukrainiens Ihor Sediuk et Oleh Kopelyuk, originaires de Kharkiv, ville jumel\u00e9e avec Lille. Ils se produiront \u00e9galement le 3 f\u00e9vrier 2026 \u00e0 l&rsquo;Op\u00e9ra dans le cadre de Voyage en Ukraine, saison ukrainienne en France, qui aura lieu \u00e0 Lille entre le 10 janvier et le 24 f\u00e9vrier 2026.<\/p>\n<p>&gt;\u00a0<a href=\"https:\/\/www.lille.fr\/Evenements\/Le-Chateau-de-Barbe-Bleue.-Les-Sons-de-la-solitude\" target=\"_blank\" class=\"lien_interne\" rel=\"noopener\">Plus d&rsquo;infos<\/a><\/p>\n<p>\u00c0 l&rsquo;affiche &#8211; d\u00e9cembre 2025               <\/p>\n<p>Si vous ne parvenez pas \u00e0 consulter le document, connectez-vous depuis un ordinateur de bureau.<\/p>\n","protected":false},"excerpt":{"rendered":"En d\u00e9cembre, Lille s\u2019illumine et s\u2019anime au rythme des f\u00eates. Les lumi\u00e8res, la musique et les rencontres transforment&hellip;\n","protected":false},"author":2,"featured_media":559888,"comment_status":"","ping_status":"","sticky":false,"template":"","format":"standard","meta":{"footnotes":""},"categories":[2815],"tags":[1111,11,4763,1777,674,1011,27,811,1307,5415,12,25],"class_list":{"0":"post-559887","1":"post","2":"type-post","3":"status-publish","4":"format-standard","5":"has-post-thumbnail","7":"category-lille","8":"tag-actu","9":"tag-actualites","10":"tag-agenda","11":"tag-eu","12":"tag-europe","13":"tag-fr","14":"tag-france","15":"tag-hauts-de-france","16":"tag-lille","17":"tag-mairie","18":"tag-news","19":"tag-republique-francaise"},"share_on_mastodon":{"url":"https:\/\/pubeurope.com\/@fr\/115615877714371650","error":""},"_links":{"self":[{"href":"https:\/\/www.europesays.com\/fr\/wp-json\/wp\/v2\/posts\/559887","targetHints":{"allow":["GET"]}}],"collection":[{"href":"https:\/\/www.europesays.com\/fr\/wp-json\/wp\/v2\/posts"}],"about":[{"href":"https:\/\/www.europesays.com\/fr\/wp-json\/wp\/v2\/types\/post"}],"author":[{"embeddable":true,"href":"https:\/\/www.europesays.com\/fr\/wp-json\/wp\/v2\/users\/2"}],"replies":[{"embeddable":true,"href":"https:\/\/www.europesays.com\/fr\/wp-json\/wp\/v2\/comments?post=559887"}],"version-history":[{"count":0,"href":"https:\/\/www.europesays.com\/fr\/wp-json\/wp\/v2\/posts\/559887\/revisions"}],"wp:featuredmedia":[{"embeddable":true,"href":"https:\/\/www.europesays.com\/fr\/wp-json\/wp\/v2\/media\/559888"}],"wp:attachment":[{"href":"https:\/\/www.europesays.com\/fr\/wp-json\/wp\/v2\/media?parent=559887"}],"wp:term":[{"taxonomy":"category","embeddable":true,"href":"https:\/\/www.europesays.com\/fr\/wp-json\/wp\/v2\/categories?post=559887"},{"taxonomy":"post_tag","embeddable":true,"href":"https:\/\/www.europesays.com\/fr\/wp-json\/wp\/v2\/tags?post=559887"}],"curies":[{"name":"wp","href":"https:\/\/api.w.org\/{rel}","templated":true}]}}