{"id":559891,"date":"2025-11-26T11:58:18","date_gmt":"2025-11-26T11:58:18","guid":{"rendered":"https:\/\/www.europesays.com\/fr\/559891\/"},"modified":"2025-11-26T11:58:18","modified_gmt":"2025-11-26T11:58:18","slug":"au-proces-dun-narchomicide-a-marseille-les-temoins-confient-leur-crainte-de-represailles","status":"publish","type":"post","link":"https:\/\/www.europesays.com\/fr\/559891\/","title":{"rendered":"au proc\u00e8s d\u2019un narchomicide \u00e0 Marseille, les t\u00e9moins confient leur crainte de \u00abrepr\u00e9sailles\u00bb"},"content":{"rendered":"<p>\n    Devant la cour d\u2019assises des Bouches-du-Rh\u00f4ne, les t\u00e9moins d\u2019un narchomicide survenu \u00e0 Marseille en f\u00e9vrier 2016 ont avou\u00e9 craindre de parler, quinze jours apr\u00e8s la mort du fr\u00e8re d\u2019Amine Kessaci.<\/p>\n<p class=\"fig-paragraph\">\u00abM\u00eame l\u00e0, j&rsquo;ai vraiment\u00a0<a href=\"http:\/\/www.lefigaro.fr\/marseille\/on-a-peur-pour-nos-proches-marseille-en-pleine-psychose-apres-l-assassinat-du-frere-d-amine-kessaci-20251118\" data-fig-type=\"NewsFlash\" data-gtm-custom-categorie=\"navigation\" data-gtm-custom-action=\"crossclick\" data-gtm-custom-label=\"Contextuel\" data-gtm-event=\"customEventSPE\" data-fig-domain=\"LEFIGARO\" target=\"_blank\" rel=\"noopener\">peur\u00a0<\/a> car ce sont des gens tr\u00e8s dangereux\u00bb : devant la cour d&rsquo;assises des Bouches-du-Rh\u00f4ne qui juge deux hommes soup\u00e7onn\u00e9s d&rsquo;un double\u00a0<a href=\"http:\/\/www.lefigaro.fr\/marseille\/marseille-l-adolescent-accuse-du-narchomicide-d-un-chauffeur-vtc-juge-en-novembre-20251002\" data-fig-type=\"NewsFlash\" data-gtm-custom-categorie=\"navigation\" data-gtm-custom-action=\"crossclick\" data-gtm-custom-label=\"Contextuel\" data-gtm-event=\"customEventSPE\" data-fig-domain=\"LEFIGARO\" target=\"_blank\" rel=\"noopener\">assassinat\u00a0<\/a>en 2016, la s\u0153ur de l&rsquo;une des deux victimes a illustr\u00e9 mardi la difficult\u00e9 de t\u00e9moigner dans les affaires de narcobanditisme.<\/p>\n<p class=\"fig-paragraph\">En f\u00e9vrier 2016, sur le parking d&rsquo;un centre commercial de Marseille, trois hommes arm\u00e9s avaient mitraill\u00e9 le v\u00e9hicule o\u00f9 se trouvait Nouri Lakas et Nasser Khellaf. Mardi \u00e0 la barre, une s\u0153ur de Nouri s\u2019est exprim\u00e9e, avec \u00ab\u00e9motion et peur\u00bb comme elle l\u2019a expliqu\u00e9.<\/p>\n<p>                                    <a class=\"fig-a11y-skip a11y-hidden\" href=\"#fig-a11y-skip-main-inarticle\"><br \/>\n        Passer la publicit\u00e9<br \/>\n    <\/a><\/p>\n<p>\u00abIl \u00e9tait \u00e0 sa recherche\u00bb<\/p>\n<p class=\"fig-paragraph\">Quelques jours apr\u00e8s le double assassinat, son t\u00e9moignage avait orient\u00e9 l&rsquo;enqu\u00eate, mettant en cause Mohamed Seghier, l&rsquo;un des deux accus\u00e9s pr\u00e9sents dans le box des d\u00e9tenus, membre pr\u00e9sum\u00e9 de la bande de Marignane. Depuis l&rsquo;ouverture du proc\u00e8s, Mohamed Seghier conteste toute responsabilit\u00e9 dans les faits qui lui sont reproch\u00e9s. \u00abNouri m&rsquo;avait dit que s&rsquo;il lui arrivait un truc, \u00e7a viendrait d&rsquo;un d\u00e9nomm\u00e9 Seghier, un gars originaire de Marignane qui boitait et qui \u00e9tait \u00e0 sa recherche\u00bb, a racont\u00e9 mardi la s\u0153ur de Nouri, qui la consid\u00e9rait comme \u00absa deuxi\u00e8me maman\u00bb.<\/p>\n<p class=\"fig-paragraph\">Elle a expliqu\u00e9 aussi qu&rsquo;il \u00e9tait tr\u00e8s m\u00e9fiant depuis sa sortie de prison en avril 2015, o\u00f9 il avait purg\u00e9 une longue peine pour des cambriolages. \u00abSa vie c&rsquo;\u00e9tait se cacher, chaque fois qu&rsquo;on allait le voir, il fallait prendre des pr\u00e9cautions, changer de voiture. Il voulait toujours \u00eatre sous des cam\u00e9ras, au cas o\u00f9 il lui arrive quelque chose\u00bb.<\/p>\n<p>R\u00e9quisitoire jeudi<\/p>\n<p class=\"fig-paragraph\">Selon l&rsquo;accusation, le double assassinat s&rsquo;inscrit dans le contexte d&rsquo;une vendetta opposant deux clans, les Tir et les Remadnia, un temps associ\u00e9s dans le trafic de stup\u00e9fiants avant de se livrer une sanglante guerre de territoires. Les premiers agr\u00e9geaient rapidement le clan Berrebouh tandis que les Remadnia trouvaient des renforts dans le clan dit de Marignane. Mardi, la s\u0153ur de Nouri a expliqu\u00e9 que son fr\u00e8re \u00e9tait menac\u00e9 car \u00abil ne voulait pas donner Farid Tir\u00bb, un ami qu&rsquo;il connaissait depuis les bancs de l&rsquo;\u00e9cole primaire.<\/p>\n<p class=\"fig-paragraph\">Nouri vivait dans l&rsquo;entourage de la famille Tir et de leur label de production musicale Liga One Industry, manager \u00e0 l&rsquo;\u00e9poque du rappeur naissant Jul. La jeune femme avait aussi \u00abentendu dire qu&rsquo;il ne fallait pas trop qu'[elle] cherche \u00e0 comprendre.\u00bb Elle ajoute qu&rsquo;on a conseill\u00e9 \u00e0 ses fr\u00e8res de \u00abfaire attention.\u00bb<\/p>\n<p class=\"fig-paragraph\">\u00c0 l&rsquo;un des fr\u00e8res de Nouri \u00e9galement appel\u00e9 mardi \u00e0 la barre des t\u00e9moins, le pr\u00e9sident Roger Arata a demand\u00e9\u00a0: \u00abVotre s\u0153ur s&rsquo;est exprim\u00e9e avec beaucoup de courage. Est-ce que vous avez peur?\u00bb Entendu au lendemain du double assassinat, il a convenu que, \u00abcraignant des repr\u00e9sailles\u00bb, il n&rsquo;avait pas parl\u00e9.<\/p>\n<p>                                    <a class=\"fig-a11y-skip a11y-hidden\" href=\"#fig-a11y-skip-main-inarticle_mtf\"><br \/>\n        Passer la publicit\u00e9<br \/>\n    <\/a><\/p>\n<p class=\"fig-paragraph\">Le r\u00e9quisitoire devrait intervenir jeudi. L&rsquo;affaire intervient au moment o\u00f9 Marseille, r\u00e9guli\u00e8rement frapp\u00e9e par des narchomicides, est encore sous le choc de l&rsquo;assassinat de\u00a0<a href=\"http:\/\/www.lefigaro.fr\/marseille\/meurtre-du-frere-d-amine-kessaci-de-nouveaux-hommages-au-parlement-europeen-et-a-l-institut-du-monde-arabe-20251124\" data-fig-type=\"NewsFlash\" data-gtm-custom-categorie=\"navigation\" data-gtm-custom-action=\"crossclick\" data-gtm-custom-label=\"Contextuel\" data-gtm-event=\"customEventSPE\" data-fig-domain=\"LEFIGARO\" target=\"_blank\" rel=\"noopener\">Mehdi Kessaci<\/a>, le fr\u00e8re d&rsquo;Amine Kessaci, militant engag\u00e9 contre le narcobanditisme. Samedi, dans la deuxi\u00e8me ville de France, des milliers de personnes ont particip\u00e9 \u00e0 un rassemblement en hommage \u00e0 Mehdi, en pr\u00e9sence de plusieurs personnalit\u00e9s politiques.<\/p>\n","protected":false},"excerpt":{"rendered":"Devant la cour d\u2019assises des Bouches-du-Rh\u00f4ne, les t\u00e9moins d\u2019un narchomicide survenu \u00e0 Marseille en f\u00e9vrier 2016 ont avou\u00e9&hellip;\n","protected":false},"author":2,"featured_media":559892,"comment_status":"","ping_status":"","sticky":false,"template":"","format":"standard","meta":{"footnotes":""},"categories":[2814],"tags":[1111,11,20851,1777,674,1011,27,884,12,2694,882,25,887],"class_list":{"0":"post-559891","1":"post","2":"type-post","3":"status-publish","4":"format-standard","5":"has-post-thumbnail","7":"category-marseille","8":"tag-actu","9":"tag-actualites","10":"tag-cour-dassises","11":"tag-eu","12":"tag-europe","13":"tag-fr","14":"tag-france","15":"tag-marseille","16":"tag-news","17":"tag-proces","18":"tag-provence-alpes-cote-dazur","19":"tag-republique-francaise","20":"tag-trafic-de-drogue"},"share_on_mastodon":{"url":"https:\/\/pubeurope.com\/@fr\/115615885282840512","error":""},"_links":{"self":[{"href":"https:\/\/www.europesays.com\/fr\/wp-json\/wp\/v2\/posts\/559891","targetHints":{"allow":["GET"]}}],"collection":[{"href":"https:\/\/www.europesays.com\/fr\/wp-json\/wp\/v2\/posts"}],"about":[{"href":"https:\/\/www.europesays.com\/fr\/wp-json\/wp\/v2\/types\/post"}],"author":[{"embeddable":true,"href":"https:\/\/www.europesays.com\/fr\/wp-json\/wp\/v2\/users\/2"}],"replies":[{"embeddable":true,"href":"https:\/\/www.europesays.com\/fr\/wp-json\/wp\/v2\/comments?post=559891"}],"version-history":[{"count":0,"href":"https:\/\/www.europesays.com\/fr\/wp-json\/wp\/v2\/posts\/559891\/revisions"}],"wp:featuredmedia":[{"embeddable":true,"href":"https:\/\/www.europesays.com\/fr\/wp-json\/wp\/v2\/media\/559892"}],"wp:attachment":[{"href":"https:\/\/www.europesays.com\/fr\/wp-json\/wp\/v2\/media?parent=559891"}],"wp:term":[{"taxonomy":"category","embeddable":true,"href":"https:\/\/www.europesays.com\/fr\/wp-json\/wp\/v2\/categories?post=559891"},{"taxonomy":"post_tag","embeddable":true,"href":"https:\/\/www.europesays.com\/fr\/wp-json\/wp\/v2\/tags?post=559891"}],"curies":[{"name":"wp","href":"https:\/\/api.w.org\/{rel}","templated":true}]}}