{"id":559893,"date":"2025-11-26T11:59:10","date_gmt":"2025-11-26T11:59:10","guid":{"rendered":"https:\/\/www.europesays.com\/fr\/559893\/"},"modified":"2025-11-26T11:59:10","modified_gmt":"2025-11-26T11:59:10","slug":"un-homme-meurt-apres-une-terrible-chute-dun-immeuble-dans-ce-quartier","status":"publish","type":"post","link":"https:\/\/www.europesays.com\/fr\/559893\/","title":{"rendered":"un homme meurt apr\u00e8s une terrible chute d&rsquo;un immeuble dans ce quartier"},"content":{"rendered":"<p>                    Par<br \/>\n        <strong><br \/>\n            <a href=\"https:\/\/actu.fr\/auteur\/julien-damboise\" title=\"Consulter tous les articles de Julien Damboise\" target=\"_blank\" rel=\"noopener\">Julien Damboise<\/a><br \/>\n                    <\/strong><\/p>\n<p>        Publi\u00e9 le<\/p>\n<p>            26 nov. 2025 \u00e0 12h43<br \/>\n        ; mis \u00e0 jour le 26 nov. 2025 \u00e0 12h44    <\/p>\n<p><strong>INFO ACTU LYON<\/strong>. Ce mercredi 26 novembre 2025, un homme est mort apr\u00e8s une<strong> terrible chute<\/strong> rue du Presbyt\u00e8re dans le 8\u1d49 arrondissement de <a href=\"https:\/\/actu.fr\/lyon\/\" target=\"_blank\" rel=\"noopener\">Lyon<\/a>. La victime est tomb\u00e9e depuis la fen\u00eatre d\u2019un immeuble. La<strong> piste d\u2019une bagarre qui a vir\u00e9 au drame<\/strong> est \u00e9voqu\u00e9e. Voici ce que l\u2019on sait.\u00a0<\/p>\n<p>    <a href=\"https:\/\/www.google.com\/maps\/embed?pb=!1m18!1m12!1m3!1d16239.599999726579!2d4.839254828462073!3d45.736988949903754!2m3!1f0!2f0!3f0!3m2!1i1024!2i768!4f13.1!3m3!1m2!1s0x47f4ea1740ea13fd%3A0x8aabaadea1dc4bcf!2sRue%20du%20Presbyt%C3%A8re%2C%2069008%20Lyon!5e1!3m2!1sfr!2sfr!4v1764157197539!5m2!1sfr!2sfr\" title=\"Ouvrie le lien\" target=\"_blank\" rel=\"noopener\">Cliquez ici pour visualiser le contenu<\/a><\/p>\n<p>Une situation grave ce matin<\/p>\n<p class=\" wall-content\">Selon nos informations, les <a href=\"https:\/\/actu.fr\/tag\/pompiers\" target=\"_blank\" rel=\"noopener\">sapeurs-pompiers<\/a> ont \u00e9t\u00e9 appel\u00e9s pour intervenir de toute urgence rue du Presbyt\u00e8re, dans le quartier de Grand Trou, peu apr\u00e8s 7 h du matin.<\/p>\n<p class=\" wall-content\">Sur place, un homme gisait au sol en pleine rue. Tr\u00e8s gravement bless\u00e9e, la victime <strong>aurait chut\u00e9 du 6\u1d49 \u00e9tage<\/strong> de l\u2019immeuble de cet axe discret. Mais malgr\u00e9 les efforts des secouristes d\u00e9ploy\u00e9s sur place, y compris le <a href=\"https:\/\/actu.fr\/auvergne-rhone-alpes\/lyon_69123\/lyon-urgences-ado-dans-le-coma-reanimation-la-course-contre-la-mort-du-samu_61501637.html\" target=\"_blank\" rel=\"noopener\">Samu 69<\/a>, le d\u00e9c\u00e8s de l\u2019individu a \u00e9t\u00e9 prononc\u00e9 par un m\u00e9decin.<\/p>\n<p class=\" wall-content\">Quelques heures apr\u00e8s les faits, les stigmates sont toujours pr\u00e9sents dans la rue et notamment une voiture dont la lunette arri\u00e8re a \u00e9t\u00e9 bris\u00e9e, vraisemblablement \u00e0 cause de la chute de la victime dont le profil est encore inconnu. Des<strong> traces de sang<\/strong> sont aussi visibles.<\/p>\n<p>Une bagarre qui a mal tourn\u00e9 ?<\/p>\n<p class=\" wall-content\">Dans le secteur \u00e9galement, les riverains peuvent encore voir des effectifs de police d\u00e9ploy\u00e9s dans le cadre de l\u2019enqu\u00eate imm\u00e9diatement ouverte. En plus des traditionnelles constatations r\u00e9alis\u00e9es, la <strong>police technique et scientifique<\/strong> est aussi toujours sur place en renfort.<\/p>\n<p class=\" wall-content\">D\u2019apr\u00e8s les premiers \u00e9l\u00e9ments de l\u2019enqu\u00eate, une <strong>bagarre<\/strong> pourrait avoir \u00e9clat\u00e9 dans le logement peu avant la chute dans le vide de l\u2019homme. Les investigations devront donc d\u00e9terminer ce qu\u2019il s\u2019est exactement pass\u00e9 dans cet appartement et si une intervention d\u2019un tiers est av\u00e9r\u00e9e.<\/p>\n<p>Votre r\u00e9gion, votre actu !<\/p>\n<p>Recevez chaque jour les infos qui comptent pour vous.<\/p>\n<p>\t<a href=\"https:\/\/actu.fr\/newsletter\" class=\"ac-btn ac-btn--corner ac-btn--medium ac-btn--blue800\" target=\"_blank\" rel=\"noopener\">S&rsquo;incrire<\/a><\/p>\n<p class=\" wall-content\">On ne sait pas encore si des interpellations ont \u00e9t\u00e9 r\u00e9alis\u00e9es.<\/p>\n<p class=\" wall-content\">Personnalisez votre actualit\u00e9 en ajoutant vos villes et m\u00e9dias en favori avec <a href=\"https:\/\/moncompte.actu.fr\" title=\"D\u00e9couvez Mon Actu\" rel=\"nofollow noopener\" data-trk=\"{&quot;cta&quot;:{&quot;action&quot;:&quot;https:\\\/\\\/moncompte.actu.fr&quot;,&quot;category&quot;:&quot;mon compte&quot;,&quot;from&quot;:&quot;article footer&quot;,&quot;name&quot;:&quot;Mon actu&quot;,&quot;type&quot;:&quot;cta&quot;}}\" target=\"_blank\">Mon Actu<\/a>.<\/p>\n","protected":false},"excerpt":{"rendered":"Par Julien Damboise Publi\u00e9 le 26 nov. 2025 \u00e0 12h43 ; mis \u00e0 jour le 26 nov. 2025&hellip;\n","protected":false},"author":2,"featured_media":559894,"comment_status":"","ping_status":"","sticky":false,"template":"","format":"standard","meta":{"footnotes":""},"categories":[1889],"tags":[1111,11,2430,1777,674,118,1011,27,2428,12,1072,1311,25],"class_list":{"0":"post-559893","1":"post","2":"type-post","3":"status-publish","4":"format-standard","5":"has-post-thumbnail","7":"category-lyon","8":"tag-actu","9":"tag-actualites","10":"tag-auvergne-rhone-alpes","11":"tag-eu","12":"tag-europe","13":"tag-faits-divers","14":"tag-fr","15":"tag-france","16":"tag-lyon","17":"tag-news","18":"tag-police","19":"tag-pompiers","20":"tag-republique-francaise"},"share_on_mastodon":{"url":"https:\/\/pubeurope.com\/@fr\/115615889137466726","error":""},"_links":{"self":[{"href":"https:\/\/www.europesays.com\/fr\/wp-json\/wp\/v2\/posts\/559893","targetHints":{"allow":["GET"]}}],"collection":[{"href":"https:\/\/www.europesays.com\/fr\/wp-json\/wp\/v2\/posts"}],"about":[{"href":"https:\/\/www.europesays.com\/fr\/wp-json\/wp\/v2\/types\/post"}],"author":[{"embeddable":true,"href":"https:\/\/www.europesays.com\/fr\/wp-json\/wp\/v2\/users\/2"}],"replies":[{"embeddable":true,"href":"https:\/\/www.europesays.com\/fr\/wp-json\/wp\/v2\/comments?post=559893"}],"version-history":[{"count":0,"href":"https:\/\/www.europesays.com\/fr\/wp-json\/wp\/v2\/posts\/559893\/revisions"}],"wp:featuredmedia":[{"embeddable":true,"href":"https:\/\/www.europesays.com\/fr\/wp-json\/wp\/v2\/media\/559894"}],"wp:attachment":[{"href":"https:\/\/www.europesays.com\/fr\/wp-json\/wp\/v2\/media?parent=559893"}],"wp:term":[{"taxonomy":"category","embeddable":true,"href":"https:\/\/www.europesays.com\/fr\/wp-json\/wp\/v2\/categories?post=559893"},{"taxonomy":"post_tag","embeddable":true,"href":"https:\/\/www.europesays.com\/fr\/wp-json\/wp\/v2\/tags?post=559893"}],"curies":[{"name":"wp","href":"https:\/\/api.w.org\/{rel}","templated":true}]}}