{"id":559895,"date":"2025-11-26T12:00:14","date_gmt":"2025-11-26T12:00:14","guid":{"rendered":"https:\/\/www.europesays.com\/fr\/559895\/"},"modified":"2025-11-26T12:00:14","modified_gmt":"2025-11-26T12:00:14","slug":"le-plus-grand-parking-a-velos-de-france-est-desormais-ouvert-a-tous-les-cyclistes","status":"publish","type":"post","link":"https:\/\/www.europesays.com\/fr\/559895\/","title":{"rendered":"le plus grand parking \u00e0 v\u00e9los de France est d\u00e9sormais ouvert \u00e0 tous les cyclistes"},"content":{"rendered":"<p>Grande nouvelle pour les cyclistes lyonnais et m\u00e9tropolitains\u00a0: \u00e0 partir du lundi 1er\u00a0d\u00e9cembre, le parking \u00e0 v\u00e9lo B\u00e9raudier sera d\u00e9sormais accessible sur simple pr\u00e9sentation d\u2019une carte bancaire. Jusqu\u2019\u00e0 pr\u00e9sent, l\u2019utilisation de ce parking \u00e9tait r\u00e9serv\u00e9e aux d\u00e9tenteurs d\u2019une carte TCL ou Oura et pr\u00e9alablement inscrits sur le site de LPA mobilit\u00e9s, l\u2019entreprise gestionnaire du parking. Moyennant le paiement du tarif unique de 2\u00a0euros, toute personne pourra stationner son v\u00e9lo.<\/p>\n<p>  Carte bancaire comme badge d\u2019acc\u00e8s<\/p>\n<p>L\u2019entr\u00e9e se fera donc sur pr\u00e9sentation d\u2019une carte bancaire qui fera office de badge, \u00e0 l\u2019entr\u00e9e et \u00e0 la sortie des lieux. Comme les TCL, les bornes du parking seront \u00e9quip\u00e9es du dispositif Open Payment, des lecteurs de carte bancaire permettant l\u2019achat d\u2019un billet sans contact. L\u2019usager n\u2019a donc qu\u2019\u00e0 passer sa carte directement sur le valideur de la borne et apr\u00e8s un bip sonore puis l\u2019allumage d\u2019un voyant vert, il pourra entrer. \u00c0 la sortie, l\u2019utilisateur sera \u00e9galement tenu de rebadger sa carte bancaire.<\/p>\n<p>  Le plus grand parking \u00e0 v\u00e9lo de France<\/p>\n<p><a href=\"https:\/\/www.leprogres.fr\/environnement\/2025\/05\/14\/deux-niveaux-1-500-places-videosurveille-le-plus-grand-parking-a-velo-de-france-ouvre-a-la-part-dieu\" target=\"_blank\" rel=\"noopener\">Fort de plus de 1\u00a0500 places de v\u00e9los<\/a>, le parking B\u00e9raudier est le plus grand de France. Il est \u00e9quip\u00e9 pour accueillir tous types de cycles\u00a0: des v\u00e9los standards aux longtails en passant par les v\u00e9los-cargos. Ce nouvel \u00e9quipement propose depuis mai une offre de stationnement s\u00e9curis\u00e9e pour les v\u00e9los. D\u2019un co\u00fbt de 12\u00a0millions d\u2019euros, cette op\u00e9ration a \u00e9t\u00e9 financ\u00e9e par la M\u00e9tropole et la Ville de Lyon. La v\u00e9lostation reste accessible 7 jours sur 7 via une rampe cyclable, et ce, de 4h30 \u00e0 1h.<\/p>\n","protected":false},"excerpt":{"rendered":"Grande nouvelle pour les cyclistes lyonnais et m\u00e9tropolitains\u00a0: \u00e0 partir du lundi 1er\u00a0d\u00e9cembre, le parking \u00e0 v\u00e9lo B\u00e9raudier&hellip;\n","protected":false},"author":2,"featured_media":559896,"comment_status":"","ping_status":"","sticky":false,"template":"","format":"standard","meta":{"footnotes":""},"categories":[1889],"tags":[1111,11,2430,2757,1777,674,107,1011,27,2428,2756,12,25,2429,3151,2803],"class_list":{"0":"post-559895","1":"post","2":"type-post","3":"status-publish","4":"format-standard","5":"has-post-thumbnail","7":"category-lyon","8":"tag-actu","9":"tag-actualites","10":"tag-auvergne-rhone-alpes","11":"tag-edition-lyon-villeurbanne","12":"tag-eu","13":"tag-europe","14":"tag-fil-info","15":"tag-fr","16":"tag-france","17":"tag-lyon","18":"tag-lyon-bassin","19":"tag-news","20":"tag-republique-francaise","21":"tag-rhone","22":"tag-selection-de-la-redaction-69","23":"tag-transport"},"share_on_mastodon":{"url":"https:\/\/pubeurope.com\/@fr\/115615893006912703","error":""},"_links":{"self":[{"href":"https:\/\/www.europesays.com\/fr\/wp-json\/wp\/v2\/posts\/559895","targetHints":{"allow":["GET"]}}],"collection":[{"href":"https:\/\/www.europesays.com\/fr\/wp-json\/wp\/v2\/posts"}],"about":[{"href":"https:\/\/www.europesays.com\/fr\/wp-json\/wp\/v2\/types\/post"}],"author":[{"embeddable":true,"href":"https:\/\/www.europesays.com\/fr\/wp-json\/wp\/v2\/users\/2"}],"replies":[{"embeddable":true,"href":"https:\/\/www.europesays.com\/fr\/wp-json\/wp\/v2\/comments?post=559895"}],"version-history":[{"count":0,"href":"https:\/\/www.europesays.com\/fr\/wp-json\/wp\/v2\/posts\/559895\/revisions"}],"wp:featuredmedia":[{"embeddable":true,"href":"https:\/\/www.europesays.com\/fr\/wp-json\/wp\/v2\/media\/559896"}],"wp:attachment":[{"href":"https:\/\/www.europesays.com\/fr\/wp-json\/wp\/v2\/media?parent=559895"}],"wp:term":[{"taxonomy":"category","embeddable":true,"href":"https:\/\/www.europesays.com\/fr\/wp-json\/wp\/v2\/categories?post=559895"},{"taxonomy":"post_tag","embeddable":true,"href":"https:\/\/www.europesays.com\/fr\/wp-json\/wp\/v2\/tags?post=559895"}],"curies":[{"name":"wp","href":"https:\/\/api.w.org\/{rel}","templated":true}]}}